{"id":47215,"date":"2024-01-02T12:24:09","date_gmt":"2024-01-02T15:24:09","guid":{"rendered":"https:\/\/temucotelevision.cl\/web\/?p=47215"},"modified":"2024-01-02T12:24:10","modified_gmt":"2024-01-02T15:24:10","slug":"flores-estrena-su-cancion-debut-llevame-contigo","status":"publish","type":"post","link":"https:\/\/temucotelevision.cl\/web\/2024\/01\/02\/flores-estrena-su-cancion-debut-llevame-contigo\/","title":{"rendered":"Flores estrena su canci\u00f3n debut &#8220;Ll\u00e9vame Contigo&#8221;"},"content":{"rendered":"<div class=\"pvc_clear\"><\/div><p id=\"pvc_stats_47215\" class=\"pvc_stats total_only  \" data-element-id=\"47215\" style=\"\"><i class=\"pvc-stats-icon large\" aria-hidden=\"true\"><svg aria-hidden=\"true\" focusable=\"false\" data-prefix=\"far\" data-icon=\"chart-bar\" role=\"img\" xmlns=\"http:\/\/www.w3.org\/2000\/svg\" viewBox=\"0 0 512 512\" class=\"svg-inline--fa fa-chart-bar fa-w-16 fa-2x\"><path fill=\"currentColor\" d=\"M396.8 352h22.4c6.4 0 12.8-6.4 12.8-12.8V108.8c0-6.4-6.4-12.8-12.8-12.8h-22.4c-6.4 0-12.8 6.4-12.8 12.8v230.4c0 6.4 6.4 12.8 12.8 12.8zm-192 0h22.4c6.4 0 12.8-6.4 12.8-12.8V140.8c0-6.4-6.4-12.8-12.8-12.8h-22.4c-6.4 0-12.8 6.4-12.8 12.8v198.4c0 6.4 6.4 12.8 12.8 12.8zm96 0h22.4c6.4 0 12.8-6.4 12.8-12.8V204.8c0-6.4-6.4-12.8-12.8-12.8h-22.4c-6.4 0-12.8 6.4-12.8 12.8v134.4c0 6.4 6.4 12.8 12.8 12.8zM496 400H48V80c0-8.84-7.16-16-16-16H16C7.16 64 0 71.16 0 80v336c0 17.67 14.33 32 32 32h464c8.84 0 16-7.16 16-16v-16c0-8.84-7.16-16-16-16zm-387.2-48h22.4c6.4 0 12.8-6.4 12.8-12.8v-70.4c0-6.4-6.4-12.8-12.8-12.8h-22.4c-6.4 0-12.8 6.4-12.8 12.8v70.4c0 6.4 6.4 12.8 12.8 12.8z\" class=\"\"><\/path><\/svg><\/i> <img loading=\"lazy\" decoding=\"async\" width=\"16\" height=\"16\" alt=\"Loading\" src=\"https:\/\/temucotelevision.cl\/web\/wp-content\/plugins\/page-views-count\/ajax-loader-2x.gif\" border=0 \/><\/p><div class=\"pvc_clear\"><\/div>\n<p class=\"has-medium-font-size\"><strong>El mundo del pop-latino se enriquece con un nuevo sencillo que promete cautivar a los oyentes.\u00a0<\/strong><\/p>\n\n\n\n<p>La banda nacional\u00a0<strong><a href=\"https:\/\/www.instagram.com\/flores.grupo.oficial\/\" target=\"_blank\" rel=\"noreferrer noopener\">Flores<\/a>,\u00a0<\/strong>oriunda de Santiago<strong>,\u00a0<\/strong>presenta\u00a0<a href=\"https:\/\/youtu.be\/XfYoeTLG0Bg?si=dzbtOgrsBDUWEXEl\" target=\"_blank\" rel=\"noreferrer noopener\">\u201cLl\u00e9vame Contigo\u201d<\/a>, una balada con un toque \u00fanico que la describe perfectamente como una\u00a0<strong>&#8220;locura pegajosa&#8221;.<\/strong>\u00a0Aunque es audaz en su cambio de m\u00e9trica en el punto culminante de la canci\u00f3n, las melod\u00edas se mantienen sorprendentemente pegajosas y f\u00e1ciles de recordar.\u00a0<\/p>\n\n\n\n<p>La inspiraci\u00f3n detr\u00e1s de\u00a0<strong><a href=\"https:\/\/youtu.be\/XfYoeTLG0Bg?si=dzbtOgrsBDUWEXEl\" target=\"_blank\" rel=\"noreferrer noopener\">&#8220;Ll\u00e9vame Contigo&#8221;<\/a>\u00a0<\/strong>proviene de un viaje al m\u00edstico\u00a0<strong>San Pedro de Atacama<\/strong>. La canci\u00f3n captura esa esencia de querer revivir esos momentos especiales en lugares inolvidables, y con personas que hacen que esos recuerdos sean a\u00fan m\u00e1s valiosos. Esta melod\u00eda no es solo una canci\u00f3n, sino un relato de nostalgia, amor y a\u00f1oranza.<\/p>\n\n\n\n<p>Nacida en tiempos de pandemia, en momentos de encierro y soledad,\u00a0<strong><a href=\"https:\/\/youtu.be\/XfYoeTLG0Bg?si=dzbtOgrsBDUWEXEl\" target=\"_blank\" rel=\"noreferrer noopener\">\u201cLl\u00e9vame Contigo\u201d<\/a>\u00a0<\/strong>es el reflejo de las emociones que muchos han sentido: el anhelo de estar con esa persona especial en esos lugares que guardamos con cari\u00f1o en nuestra memoria. Con un sonido fresco y rom\u00e1ntico, la pieza destaca no solo por su m\u00e9trica audaz sino por sus melod\u00edas pegadizas que resuenan en el coraz\u00f3n y la mente. Una vez que escuches el estribillo, estamos seguros de que ser\u00e1 dif\u00edcil olvidarlo.<\/p>\n\n\n\n<p>Con apenas un a\u00f1o y medio de trayectoria, la agrupaci\u00f3n Flores integrada por\u00a0<strong>Francisco Armijo, Francisco Pavez,\u00a0Pedro Torres, Vicente Petter, Sebasti\u00e1n Lobos, Miguel G\u00f3mez y Manuel Silva,<\/strong>\u00a0han recorrido\u00a0escenarios en Santiago y en la Regi\u00f3n de Valpara\u00edso, espec\u00edficamente en las comunas de El Tabo y Quintero. Pronto anunciaran nuevas presentaciones\u00a0en vivo para 2024, a\u00f1o en el\u00a0que tambi\u00e9n prometen estrenar nuevas canciones.<\/p>\n\n\n\n<p><strong>Escucha \u00a0&#8220;Ll\u00e9vame Contigo&#8221;\u00a0en\u00a0<a href=\"https:\/\/open.spotify.com\/intl-es\/track\/27t3zmQlq13u5ayfRaaeoO?si=3d13633f96a74e8c\" target=\"_blank\" rel=\"noreferrer noopener\">Spotify<\/a><\/strong><\/p>\n\n\n\n<figure class=\"wp-block-embed is-type-video is-provider-youtube wp-block-embed-youtube wp-embed-aspect-16-9 wp-has-aspect-ratio\"><div class=\"wp-block-embed__wrapper\">\n<div class=\"epyt-video-wrapper\"><iframe loading=\"lazy\"  id=\"_ytid_27141\"  width=\"800\" height=\"450\"  data-origwidth=\"800\" data-origheight=\"450\" src=\"https:\/\/www.youtube.com\/embed\/XfYoeTLG0Bg?enablejsapi=1&#038;autoplay=0&#038;cc_load_policy=0&#038;cc_lang_pref=&#038;iv_load_policy=1&#038;loop=0&#038;rel=1&#038;fs=1&#038;playsinline=0&#038;autohide=2&#038;theme=dark&#038;color=red&#038;controls=1&#038;disablekb=0&#038;\" class=\"__youtube_prefs__  epyt-is-override  no-lazyload\" title=\"YouTube player\"  allow=\"fullscreen; accelerometer; autoplay; clipboard-write; encrypted-media; gyroscope; picture-in-picture; web-share\" referrerpolicy=\"strict-origin-when-cross-origin\" allowfullscreen data-no-lazy=\"1\" data-skipgform_ajax_framebjll=\"\"><\/iframe><\/div>\n<\/div><\/figure>\n","protected":false},"excerpt":{"rendered":"<div class=\"pvc_clear\"><\/div>\n<p id=\"pvc_stats_47215\" class=\"pvc_stats total_only  \" data-element-id=\"47215\" style=\"\"><i class=\"pvc-stats-icon large\" aria-hidden=\"true\"><svg aria-hidden=\"true\" focusable=\"false\" data-prefix=\"far\" data-icon=\"chart-bar\" role=\"img\" xmlns=\"http:\/\/www.w3.org\/2000\/svg\" viewBox=\"0 0 512 512\" class=\"svg-inline--fa fa-chart-bar fa-w-16 fa-2x\"><path fill=\"currentColor\" d=\"M396.8 352h22.4c6.4 0 12.8-6.4 12.8-12.8V108.8c0-6.4-6.4-12.8-12.8-12.8h-22.4c-6.4 0-12.8 6.4-12.8 12.8v230.4c0 6.4 6.4 12.8 12.8 12.8zm-192 0h22.4c6.4 0 12.8-6.4 12.8-12.8V140.8c0-6.4-6.4-12.8-12.8-12.8h-22.4c-6.4 0-12.8 6.4-12.8 12.8v198.4c0 6.4 6.4 12.8 12.8 12.8zm96 0h22.4c6.4 0 12.8-6.4 12.8-12.8V204.8c0-6.4-6.4-12.8-12.8-12.8h-22.4c-6.4 0-12.8 6.4-12.8 12.8v134.4c0 6.4 6.4 12.8 12.8 12.8zM496 400H48V80c0-8.84-7.16-16-16-16H16C7.16 64 0 71.16 0 80v336c0 17.67 14.33 32 32 32h464c8.84 0 16-7.16 16-16v-16c0-8.84-7.16-16-16-16zm-387.2-48h22.4c6.4 0 12.8-6.4 12.8-12.8v-70.4c0-6.4-6.4-12.8-12.8-12.8h-22.4c-6.4 0-12.8 6.4-12.8 12.8v70.4c0 6.4 6.4 12.8 12.8 12.8z\" class=\"\"><\/path><\/svg><\/i> <img loading=\"lazy\" decoding=\"async\" width=\"16\" height=\"16\" alt=\"Loading\" src=\"https:\/\/temucotelevision.cl\/web\/wp-content\/plugins\/page-views-count\/ajax-loader-2x.gif\" border=0 \/><\/p>\n<div class=\"pvc_clear\"><\/div>\n<p>El mundo del pop-latino se enriquece con un nuevo sencillo que promete cautivar a los oyentes.\u00a0 La banda nacional\u00a0Flores,\u00a0oriunda de<\/p>\n","protected":false},"author":143,"featured_media":47216,"comment_status":"open","ping_status":"open","sticky":false,"template":"","format":"standard","meta":{"colormag_page_container_layout":"default_layout","colormag_page_sidebar_layout":"default_layout","footnotes":""},"categories":[369],"tags":[],"class_list":["post-47215","post","type-post","status-publish","format-standard","has-post-thumbnail","hentry","category-musica"],"a3_pvc":{"activated":true,"total_views":91,"today_views":0},"_links":{"self":[{"href":"https:\/\/temucotelevision.cl\/web\/wp-json\/wp\/v2\/posts\/47215","targetHints":{"allow":["GET"]}}],"collection":[{"href":"https:\/\/temucotelevision.cl\/web\/wp-json\/wp\/v2\/posts"}],"about":[{"href":"https:\/\/temucotelevision.cl\/web\/wp-json\/wp\/v2\/types\/post"}],"author":[{"embeddable":true,"href":"https:\/\/temucotelevision.cl\/web\/wp-json\/wp\/v2\/users\/143"}],"replies":[{"embeddable":true,"href":"https:\/\/temucotelevision.cl\/web\/wp-json\/wp\/v2\/comments?post=47215"}],"version-history":[{"count":1,"href":"https:\/\/temucotelevision.cl\/web\/wp-json\/wp\/v2\/posts\/47215\/revisions"}],"predecessor-version":[{"id":47217,"href":"https:\/\/temucotelevision.cl\/web\/wp-json\/wp\/v2\/posts\/47215\/revisions\/47217"}],"wp:featuredmedia":[{"embeddable":true,"href":"https:\/\/temucotelevision.cl\/web\/wp-json\/wp\/v2\/media\/47216"}],"wp:attachment":[{"href":"https:\/\/temucotelevision.cl\/web\/wp-json\/wp\/v2\/media?parent=47215"}],"wp:term":[{"taxonomy":"category","embeddable":true,"href":"https:\/\/temucotelevision.cl\/web\/wp-json\/wp\/v2\/categories?post=47215"},{"taxonomy":"post_tag","embeddable":true,"href":"https:\/\/temucotelevision.cl\/web\/wp-json\/wp\/v2\/tags?post=47215"}],"curies":[{"name":"wp","href":"https:\/\/api.w.org\/{rel}","templated":true}]}}