{"id":46598,"date":"2023-12-02T22:07:51","date_gmt":"2023-12-03T01:07:51","guid":{"rendered":"https:\/\/temucotelevision.cl\/web\/?p=46598"},"modified":"2023-12-02T22:07:52","modified_gmt":"2023-12-03T01:07:52","slug":"ya-llego-navidad-teatro-municipal-de-temuco-celebra-con-ciclo-de-conciertos-del-coro-infantil","status":"publish","type":"post","link":"https:\/\/temucotelevision.cl\/web\/2023\/12\/02\/ya-llego-navidad-teatro-municipal-de-temuco-celebra-con-ciclo-de-conciertos-del-coro-infantil\/","title":{"rendered":"\u00a1Ya Lleg\u00f3 Navidad!: Teatro Municipal de Temuco celebra con ciclo de conciertos del Coro Infantil"},"content":{"rendered":"<div class=\"pvc_clear\"><\/div><p id=\"pvc_stats_46598\" class=\"pvc_stats total_only  \" data-element-id=\"46598\" style=\"\"><i class=\"pvc-stats-icon large\" aria-hidden=\"true\"><svg aria-hidden=\"true\" focusable=\"false\" data-prefix=\"far\" data-icon=\"chart-bar\" role=\"img\" xmlns=\"http:\/\/www.w3.org\/2000\/svg\" viewBox=\"0 0 512 512\" class=\"svg-inline--fa fa-chart-bar fa-w-16 fa-2x\"><path fill=\"currentColor\" d=\"M396.8 352h22.4c6.4 0 12.8-6.4 12.8-12.8V108.8c0-6.4-6.4-12.8-12.8-12.8h-22.4c-6.4 0-12.8 6.4-12.8 12.8v230.4c0 6.4 6.4 12.8 12.8 12.8zm-192 0h22.4c6.4 0 12.8-6.4 12.8-12.8V140.8c0-6.4-6.4-12.8-12.8-12.8h-22.4c-6.4 0-12.8 6.4-12.8 12.8v198.4c0 6.4 6.4 12.8 12.8 12.8zm96 0h22.4c6.4 0 12.8-6.4 12.8-12.8V204.8c0-6.4-6.4-12.8-12.8-12.8h-22.4c-6.4 0-12.8 6.4-12.8 12.8v134.4c0 6.4 6.4 12.8 12.8 12.8zM496 400H48V80c0-8.84-7.16-16-16-16H16C7.16 64 0 71.16 0 80v336c0 17.67 14.33 32 32 32h464c8.84 0 16-7.16 16-16v-16c0-8.84-7.16-16-16-16zm-387.2-48h22.4c6.4 0 12.8-6.4 12.8-12.8v-70.4c0-6.4-6.4-12.8-12.8-12.8h-22.4c-6.4 0-12.8 6.4-12.8 12.8v70.4c0 6.4 6.4 12.8 12.8 12.8z\" class=\"\"><\/path><\/svg><\/i> <img loading=\"lazy\" decoding=\"async\" width=\"16\" height=\"16\" alt=\"Loading\" src=\"https:\/\/temucotelevision.cl\/web\/wp-content\/plugins\/page-views-count\/ajax-loader-2x.gif\" border=0 \/><\/p><div class=\"pvc_clear\"><\/div>\n<p><em>Conciertos ser\u00e1n gratuitos en comunas como Temuco, Nueva Imperial, Padre Las Casas y Lautaro<\/em><\/p>\n\n\n\n<p>El Teatro Municipal de Temuco, Camilo Salvo,&nbsp; se prepara para recibir la temporada navide\u00f1a con entusiasmo y alegr\u00eda, presentando el esperado ciclo de conciertos \u00a1Ya Lleg\u00f3 Navidad! a cargo del Coro Infantil del Teatro. Con 18 a\u00f1os de historia, este elenco fundado en 2005, se ha convertido en un pilar fundamental de la escena art\u00edstica local.<\/p>\n\n\n\n<p>Bajo la direcci\u00f3n de la maestra Ivoshka Tello Le\u00f3n, el Coro Infantil ha destacado en innumerables presentaciones en diversos espacios culturales de la comuna, desde universidades y centros culturales hasta hospitales y plazas p\u00fablicas. Su participaci\u00f3n en eventos destacados, como la cantata &#8220;Carmina Burana&#8221; de C. Orff y la \u00f3pera &#8220;La Boh\u00e9me&#8221; de Puccini, reflejan la versatilidad y calidad art\u00edstica que caracteriza a este elenco.<\/p>\n\n\n\n<p>La directora del elenco infantil, maestra Ivoshka Tello, extendi\u00f3 la invitaci\u00f3n a la comunidad para ser parte de este ciclo de conciertos. \u201cQuiero invitarles a todas las actividades, presentaciones y conciertos del coro infantil, que se van a desarrollar durante el mes de diciembre, ser\u00e1n momentos gratos para compartir y llevar un mensaje de amor, de esperanza y alegr\u00eda con un ciclo de obras de villancicos, con este gran carrusel de actividades a la que espero nos puedan acompa\u00f1ar. El coro infantil se ha preparado much\u00edsimo para estos conciertos con un repertorio muy interesante que abarca sobre todo m\u00fasica en espa\u00f1ol y villancicos\u201d, sostuvo.<\/p>\n\n\n\n<p>Como elenco art\u00edstico comprometido, el Coro Infantil se enfoca en la promoci\u00f3n, fomento y desarrollo de coros en la etapa escolar, as\u00ed como en la proyecci\u00f3n del arte coral infantil en todos los \u00e1mbitos sociales.<\/p>\n\n\n\n<p>El Teatro Municipal de Temuco espera compartir la magia de la Navidad con la comunidad, a trav\u00e9s de estos conciertos gratuitos que reflejan el compromiso art\u00edstico y la pasi\u00f3n del Coro Infantil, quienes se presentar\u00e1n en Temuco, Padre Las Casas, Nueva Imperial y Lautaro. Acomp\u00e1\u00f1enos en este emotivo ciclo \u00a1Ya Lleg\u00f3 Navidad! y sum\u00e9rjase en la magia de la temporada junto al talentoso Coro Infantil del Teatro Municipal.<\/p>\n\n\n\n<p><strong>\u00a1Ya Lleg\u00f3 Navidad! &#8211; Ciclo de Conciertos<\/strong><\/p>\n\n\n\n<p>La comunidad est\u00e1 invitada a sumarse a esta celebraci\u00f3n de la Navidad en los siguientes conciertos:<\/p>\n\n\n\n<p>\u00b7&nbsp;&nbsp;&nbsp;&nbsp;&nbsp;&nbsp;&nbsp;&nbsp;<strong>Viernes 01 de diciembre<\/strong><\/p>\n\n\n\n<p><strong>Lugar:<\/strong>&nbsp;Cl\u00ednica Alemana de Temuco, Patio Centra<\/p>\n\n\n\n<p><strong>Hora:<\/strong>&nbsp;15:00 horas<\/p>\n\n\n\n<ul class=\"wp-block-list\">\n<li><strong>Mi\u00e9rcoles 06 de diciembre<\/strong><\/li>\n<\/ul>\n\n\n\n<p><strong>Lugar:<\/strong>&nbsp;CESFAM Villa Alegre (Calle Argentina 0820, Temuco)<\/p>\n\n\n\n<p><strong>Hora:<\/strong>&nbsp;12:00 horas<\/p>\n\n\n\n<ul class=\"wp-block-list\">\n<li><strong>Jueves 07 de diciembre<\/strong><\/li>\n<\/ul>\n\n\n\n<p><strong>Lugar:<\/strong>&nbsp;Templo Perpetuo Socorro (Calle Caut\u00edn 1880, Temuco)<\/p>\n\n\n\n<p><strong>Hora:<\/strong>&nbsp;19:00 horas<\/p>\n\n\n\n<ul class=\"wp-block-list\">\n<li><strong>Lunes 11 de diciembre<\/strong><\/li>\n<\/ul>\n\n\n\n<p><strong>Hora:<\/strong>&nbsp;11:00 horas<\/p>\n\n\n\n<p><strong>Lugar:<\/strong>&nbsp;Colegio \u00d1ielol Che Kimun, Padre Las Casas<\/p>\n\n\n\n<ul class=\"wp-block-list\">\n<li><strong>Viernes 15 de diciembre<\/strong><\/li>\n<\/ul>\n\n\n\n<p><strong>Hora:<\/strong>&nbsp;16:00 horas<\/p>\n\n\n\n<p><strong>Lugar:<\/strong>&nbsp;Plaza de Armas, Nueva Imperial<\/p>\n\n\n\n<ul class=\"wp-block-list\">\n<li><strong>Mi\u00e9rcoles 20 de diciembre<\/strong><\/li>\n<\/ul>\n\n\n\n<p><strong>Hora:<\/strong>&nbsp;11:00 horas<\/p>\n\n\n\n<p><strong>Lugar:<\/strong>&nbsp;Aula Magna de la UFRO<\/p>\n\n\n\n<ul class=\"wp-block-list\">\n<li><strong>Viernes 22 de diciembre<\/strong><\/li>\n<\/ul>\n\n\n\n<p><strong>Hora:<\/strong>&nbsp;19:30 horas<\/p>\n\n\n\n<p><strong>Lugar:<\/strong>&nbsp;Capilla Betania, Av. Pedro Aguirre Cerda, esquina Rodr\u00edguez. Comuna Lautaro<\/p>\n","protected":false},"excerpt":{"rendered":"<div class=\"pvc_clear\"><\/div>\n<p id=\"pvc_stats_46598\" class=\"pvc_stats total_only  \" data-element-id=\"46598\" style=\"\"><i class=\"pvc-stats-icon large\" aria-hidden=\"true\"><svg aria-hidden=\"true\" focusable=\"false\" data-prefix=\"far\" data-icon=\"chart-bar\" role=\"img\" xmlns=\"http:\/\/www.w3.org\/2000\/svg\" viewBox=\"0 0 512 512\" class=\"svg-inline--fa fa-chart-bar fa-w-16 fa-2x\"><path fill=\"currentColor\" d=\"M396.8 352h22.4c6.4 0 12.8-6.4 12.8-12.8V108.8c0-6.4-6.4-12.8-12.8-12.8h-22.4c-6.4 0-12.8 6.4-12.8 12.8v230.4c0 6.4 6.4 12.8 12.8 12.8zm-192 0h22.4c6.4 0 12.8-6.4 12.8-12.8V140.8c0-6.4-6.4-12.8-12.8-12.8h-22.4c-6.4 0-12.8 6.4-12.8 12.8v198.4c0 6.4 6.4 12.8 12.8 12.8zm96 0h22.4c6.4 0 12.8-6.4 12.8-12.8V204.8c0-6.4-6.4-12.8-12.8-12.8h-22.4c-6.4 0-12.8 6.4-12.8 12.8v134.4c0 6.4 6.4 12.8 12.8 12.8zM496 400H48V80c0-8.84-7.16-16-16-16H16C7.16 64 0 71.16 0 80v336c0 17.67 14.33 32 32 32h464c8.84 0 16-7.16 16-16v-16c0-8.84-7.16-16-16-16zm-387.2-48h22.4c6.4 0 12.8-6.4 12.8-12.8v-70.4c0-6.4-6.4-12.8-12.8-12.8h-22.4c-6.4 0-12.8 6.4-12.8 12.8v70.4c0 6.4 6.4 12.8 12.8 12.8z\" class=\"\"><\/path><\/svg><\/i> <img loading=\"lazy\" decoding=\"async\" width=\"16\" height=\"16\" alt=\"Loading\" src=\"https:\/\/temucotelevision.cl\/web\/wp-content\/plugins\/page-views-count\/ajax-loader-2x.gif\" border=0 \/><\/p>\n<div class=\"pvc_clear\"><\/div>\n<p>Conciertos ser\u00e1n gratuitos en comunas como Temuco, Nueva Imperial, Padre Las Casas y Lautaro El Teatro Municipal de Temuco, Camilo<\/p>\n","protected":false},"author":1,"featured_media":46599,"comment_status":"open","ping_status":"open","sticky":false,"template":"","format":"standard","meta":{"colormag_page_container_layout":"default_layout","colormag_page_sidebar_layout":"default_layout","footnotes":""},"categories":[86],"tags":[594,2821],"class_list":["post-46598","post","type-post","status-publish","format-standard","has-post-thumbnail","hentry","category-panoramas","tag-conciertos","tag-coro"],"a3_pvc":{"activated":true,"total_views":885,"today_views":0},"_links":{"self":[{"href":"https:\/\/temucotelevision.cl\/web\/wp-json\/wp\/v2\/posts\/46598","targetHints":{"allow":["GET"]}}],"collection":[{"href":"https:\/\/temucotelevision.cl\/web\/wp-json\/wp\/v2\/posts"}],"about":[{"href":"https:\/\/temucotelevision.cl\/web\/wp-json\/wp\/v2\/types\/post"}],"author":[{"embeddable":true,"href":"https:\/\/temucotelevision.cl\/web\/wp-json\/wp\/v2\/users\/1"}],"replies":[{"embeddable":true,"href":"https:\/\/temucotelevision.cl\/web\/wp-json\/wp\/v2\/comments?post=46598"}],"version-history":[{"count":1,"href":"https:\/\/temucotelevision.cl\/web\/wp-json\/wp\/v2\/posts\/46598\/revisions"}],"predecessor-version":[{"id":46600,"href":"https:\/\/temucotelevision.cl\/web\/wp-json\/wp\/v2\/posts\/46598\/revisions\/46600"}],"wp:featuredmedia":[{"embeddable":true,"href":"https:\/\/temucotelevision.cl\/web\/wp-json\/wp\/v2\/media\/46599"}],"wp:attachment":[{"href":"https:\/\/temucotelevision.cl\/web\/wp-json\/wp\/v2\/media?parent=46598"}],"wp:term":[{"taxonomy":"category","embeddable":true,"href":"https:\/\/temucotelevision.cl\/web\/wp-json\/wp\/v2\/categories?post=46598"},{"taxonomy":"post_tag","embeddable":true,"href":"https:\/\/temucotelevision.cl\/web\/wp-json\/wp\/v2\/tags?post=46598"}],"curies":[{"name":"wp","href":"https:\/\/api.w.org\/{rel}","templated":true}]}}