{"id":46581,"date":"2023-12-01T10:23:49","date_gmt":"2023-12-01T13:23:49","guid":{"rendered":"https:\/\/temucotelevision.cl\/web\/?p=46581"},"modified":"2024-01-13T14:05:24","modified_gmt":"2024-01-13T17:05:24","slug":"teleton-rinde-homenaje-a-deportistas-del-team-parachile-tras-su-exitoso-paso-por-los-juegos-parapanamericanos-santiago-2023","status":"publish","type":"post","link":"https:\/\/temucotelevision.cl\/web\/2023\/12\/01\/teleton-rinde-homenaje-a-deportistas-del-team-parachile-tras-su-exitoso-paso-por-los-juegos-parapanamericanos-santiago-2023\/","title":{"rendered":"Telet\u00f3n rinde homenaje a deportistas del Team ParaChile tras su exitoso paso por los Juegos Parapanamericanos Santiago 2023"},"content":{"rendered":"<div class=\"pvc_clear\"><\/div><p id=\"pvc_stats_46581\" class=\"pvc_stats total_only  \" data-element-id=\"46581\" style=\"\"><i class=\"pvc-stats-icon large\" aria-hidden=\"true\"><svg aria-hidden=\"true\" focusable=\"false\" data-prefix=\"far\" data-icon=\"chart-bar\" role=\"img\" xmlns=\"http:\/\/www.w3.org\/2000\/svg\" viewBox=\"0 0 512 512\" class=\"svg-inline--fa fa-chart-bar fa-w-16 fa-2x\"><path fill=\"currentColor\" d=\"M396.8 352h22.4c6.4 0 12.8-6.4 12.8-12.8V108.8c0-6.4-6.4-12.8-12.8-12.8h-22.4c-6.4 0-12.8 6.4-12.8 12.8v230.4c0 6.4 6.4 12.8 12.8 12.8zm-192 0h22.4c6.4 0 12.8-6.4 12.8-12.8V140.8c0-6.4-6.4-12.8-12.8-12.8h-22.4c-6.4 0-12.8 6.4-12.8 12.8v198.4c0 6.4 6.4 12.8 12.8 12.8zm96 0h22.4c6.4 0 12.8-6.4 12.8-12.8V204.8c0-6.4-6.4-12.8-12.8-12.8h-22.4c-6.4 0-12.8 6.4-12.8 12.8v134.4c0 6.4 6.4 12.8 12.8 12.8zM496 400H48V80c0-8.84-7.16-16-16-16H16C7.16 64 0 71.16 0 80v336c0 17.67 14.33 32 32 32h464c8.84 0 16-7.16 16-16v-16c0-8.84-7.16-16-16-16zm-387.2-48h22.4c6.4 0 12.8-6.4 12.8-12.8v-70.4c0-6.4-6.4-12.8-12.8-12.8h-22.4c-6.4 0-12.8 6.4-12.8 12.8v70.4c0 6.4 6.4 12.8 12.8 12.8z\" class=\"\"><\/path><\/svg><\/i> <img loading=\"lazy\" decoding=\"async\" width=\"16\" height=\"16\" alt=\"Loading\" src=\"https:\/\/temucotelevision.cl\/web\/wp-content\/plugins\/page-views-count\/ajax-loader-2x.gif\" border=0 \/><\/p><div class=\"pvc_clear\"><\/div>\n<p>\u25cf Del total de 51 medallas del team, 47 de ellas fueron obtenidas por pacientes o ex pacientes Telet\u00f3n, quienes conocieron y comenzaron a practicar deporte como parte de sus terapias de rehabilitaci\u00f3n.<\/p>\n\n\n\n<p>Entre aplausos, v\u00edtores y selfies fueron recibidos en el Instituto Telet\u00f3n de Santiago 14 deportistas del Team ParaChile tras su exitoso paso por la s\u00e9ptima edici\u00f3n de los Juegos Parapanamericanos Santiago 2023.<\/p>\n\n\n\n<p>Jonathan Astudillo, Javier Jim\u00e9nez, Camila Campos, Francisco Cayulef, Tamara Leonelli, Florencia P\u00e9rez, Claudio Bahamondes, Joseline Y\u00e9venes, Luis Flores, Carla Candia, Valentina Mu\u00f1oz, Daniela Zapata, Macarena Cabrillana y Jorge Carinao, visitaron el instituto, donde fueron ovacionados por familias, voluntarios, trabajadores y ni\u00f1os, ni\u00f1as y j\u00f3venes promesas de diferentes disciplinas que tambi\u00e9n aspiran a convertirse en atletas de alto rendimiento.<\/p>\n\n\n\n<p>Los resultados fueron sobresalientes. El Team Para Chile cosech\u00f3 51 medallas, de las cuales 16 son de oro, 20 de plata y 15 de bronce, superando holgadamente los resultados de Lima 2019, con 33 preseas totales. De este hist\u00f3rico medallero, 47 pertenecen a pacientes o ex pacientes de Telet\u00f3n.<\/p>\n\n\n\n<p>\u201cCuando t\u00fa ves que la mayor\u00eda de los deportistas que participaron en estos Parapanamericanos son o fueron pacientes de Telet\u00f3n, se te hincha el coraz\u00f3n y te das cuenta de que esto vale la pena. Y Chile lo reconoce, porque nos apoy\u00f3 en esta campa\u00f1a, porque lo estamos haciendo bien. Esto nos energiza para seguir trabajando en una atenci\u00f3n de calidad y en fomentar la inclusi\u00f3n, sin dejar a nadie atr\u00e1s\u201d, dijo con orgullo el <strong>doctor Bruno Camaggi<\/strong>, director m\u00e9dico Nacional de Telet\u00f3n<strong>.<\/strong><\/p>\n\n\n\n<p>Actualmente, la instituci\u00f3n se posiciona como gran semillero de deportistas paral\u00edmpicos, ya que el 75% del Team Para Chile, con una discapacidad f\u00edsica, se inici\u00f3 en el deporte en alguno de los institutos Telet\u00f3n del pa\u00eds.<\/p>\n\n\n\n<p><strong>Telet\u00f3n, donde todo comenz\u00f3<\/strong><\/p>\n\n\n\n<p>El deporte se ha convertido en Telet\u00f3n en una gran herramienta terap\u00e9utica, que, al impactar en lo f\u00edsico y emocional, aporta a la rehabilitaci\u00f3n integral de los pacientes. Solo en 2022, m\u00e1s de 4 mil usuarios y usuarias participaron en talleres de la Unidad de Ejercicio y Deporte Adaptado de Telet\u00f3n (UEDA).<\/p>\n\n\n\n<p>\u201cPara m\u00ed esto es un orgullo, siento que finalmente es mi segunda casa. Por eso estas dos medallas no son solo m\u00edas, sino tambi\u00e9n de Telet\u00f3n\u201d, coment\u00f3 <strong>Tamara Leonelli<\/strong>, ganadora de doble medalla de oro en para tenis de mesa.<\/p>\n\n\n\n<p>\u201cLa Telet\u00f3n te abre la visi\u00f3n de todo lo que podr\u00edas hacer\u201d, a\u00f1adi\u00f3 <strong>Macarena Cabrillana<\/strong>, tenista y medallista de bronce en esta s\u00e9ptima edici\u00f3n de la competencia continental.<\/p>\n\n\n\n<p>A pesar de que Telet\u00f3n comenz\u00f3 a desarrollar el deporte adaptado en 1993, en 2014 se conform\u00f3 oficialmente la UEDA, cuyo equipo interdisciplinario busca favorecer la independencia, el desarrollo personal y la participaci\u00f3n social de los pacientes a trav\u00e9s del atletismo, b\u00e1squetbol en silla de ruedas, boccias, esqu\u00ed, f\u00fatbol, h\u00e1ndbol, karate, nataci\u00f3n, powerlifting, quad rugby, surf, taekwondo, tenis de mesa, tiro con arco, entre otros deportes.<\/p>\n\n\n\n<p>Este a\u00f1o, Telet\u00f3n organiz\u00f3 \u201cCampeones Sin L\u00edmites\u201d, el evento deportivo que llev\u00f3 la pr\u00e1ctica de deportes paral\u00edmpicos a distintas ciudades del pa\u00eds y llen\u00f3 de orgullo a pacientes y a sus familias. La competencia reuni\u00f3 a m\u00e1s de 420 deportistas de los 14 institutos de Telet\u00f3n del pa\u00eds.<\/p>\n\n\n\n<p>Junto con esto, Telet\u00f3n suscribi\u00f3 en abril de 2023 un convenio de colaboraci\u00f3n con el Ministerio del Deporte y el Instituto Nacional del Deporte (IND), al que se suma el firmado en noviembre con el Comit\u00e9 Paral\u00edmpico de Chile (COPACHI). \u201cHoy ac\u00e1 estamos con bastantes emociones al recibir el reconocimiento de varios deportistas que pasaron por este instituto. Desde el Comit\u00e9 Paral\u00edmpico estamos muy conscientes de que gran cantidad de los deportistas son usuarios activos o formaron parte de Telet\u00f3n durante mucho tiempo\u201d, destac\u00f3 <strong>Sebasti\u00e1n Villavicencio<\/strong>, presidente del Comit\u00e9 Paral\u00edmpico de Chile.<\/p>\n\n\n\n<p>\u201cAl verlos a ellas y a ellos, los pacientes se van a dar cuenta que se pueden rehabilitar, s\u00ed pueden ser aut\u00f3nomos. Esto es una gran responsabilidad que ser\u00e1 una oportunidad para que m\u00e1s personas se unan al deporte adaptado en Telet\u00f3n\u201d, expres\u00f3 <strong>Cristian Cherif<\/strong>, coordinador nacional de la UEDA.<\/p>\n\n\n\n<p>En tanto, el vicepresidente ejecutivo de Telet\u00f3n, <strong>Ademir Domi\u0107<\/strong>, agradeci\u00f3 a los deportistas por regalarnos d\u00edas de profundas emociones. \u201cEn el equipo Telet\u00f3n no queremos subirnos al carro de la victoria, queremos empujarlo, haciendo visible la sociedad m\u00e1s inclusiva que queremos construir y que es un prop\u00f3sito compartido en el que sin duda, lo que ustedes, los deportistas han hecho en estos juegos ha sido muy, pero muy significativos\u201d, dijo.<\/p>\n\n\n\n<p>Durante este homenaje, Telet\u00f3n Santiago dio una sorpresa a los deportistas que asistieron present\u00e1ndoles el remozado gimnasio del instituto, que desde ahora en sus paredes luce postales de los campeones parapanamericanos como una manera de inspirar a actuales y futuras generaciones de pacientes que a diario realizan sus terapias en el lugar.<\/p>\n\n\n\n<figure class=\"wp-block-image size-full\"><img loading=\"lazy\" decoding=\"async\" width=\"800\" height=\"455\" src=\"https:\/\/temucotelevision.cl\/web\/wp-content\/uploads\/2023\/12\/Teleton2.jpg\" alt=\"\" class=\"wp-image-46583\" srcset=\"https:\/\/temucotelevision.cl\/web\/wp-content\/uploads\/2023\/12\/Teleton2.jpg 800w, https:\/\/temucotelevision.cl\/web\/wp-content\/uploads\/2023\/12\/Teleton2-768x437.jpg 768w\" sizes=\"auto, (max-width: 800px) 100vw, 800px\" \/><\/figure>\n","protected":false},"excerpt":{"rendered":"<div class=\"pvc_clear\"><\/div>\n<p id=\"pvc_stats_46581\" class=\"pvc_stats total_only  \" data-element-id=\"46581\" style=\"\"><i class=\"pvc-stats-icon large\" aria-hidden=\"true\"><svg aria-hidden=\"true\" focusable=\"false\" data-prefix=\"far\" data-icon=\"chart-bar\" role=\"img\" xmlns=\"http:\/\/www.w3.org\/2000\/svg\" viewBox=\"0 0 512 512\" class=\"svg-inline--fa fa-chart-bar fa-w-16 fa-2x\"><path fill=\"currentColor\" d=\"M396.8 352h22.4c6.4 0 12.8-6.4 12.8-12.8V108.8c0-6.4-6.4-12.8-12.8-12.8h-22.4c-6.4 0-12.8 6.4-12.8 12.8v230.4c0 6.4 6.4 12.8 12.8 12.8zm-192 0h22.4c6.4 0 12.8-6.4 12.8-12.8V140.8c0-6.4-6.4-12.8-12.8-12.8h-22.4c-6.4 0-12.8 6.4-12.8 12.8v198.4c0 6.4 6.4 12.8 12.8 12.8zm96 0h22.4c6.4 0 12.8-6.4 12.8-12.8V204.8c0-6.4-6.4-12.8-12.8-12.8h-22.4c-6.4 0-12.8 6.4-12.8 12.8v134.4c0 6.4 6.4 12.8 12.8 12.8zM496 400H48V80c0-8.84-7.16-16-16-16H16C7.16 64 0 71.16 0 80v336c0 17.67 14.33 32 32 32h464c8.84 0 16-7.16 16-16v-16c0-8.84-7.16-16-16-16zm-387.2-48h22.4c6.4 0 12.8-6.4 12.8-12.8v-70.4c0-6.4-6.4-12.8-12.8-12.8h-22.4c-6.4 0-12.8 6.4-12.8 12.8v70.4c0 6.4 6.4 12.8 12.8 12.8z\" class=\"\"><\/path><\/svg><\/i> <img loading=\"lazy\" decoding=\"async\" width=\"16\" height=\"16\" alt=\"Loading\" src=\"https:\/\/temucotelevision.cl\/web\/wp-content\/plugins\/page-views-count\/ajax-loader-2x.gif\" border=0 \/><\/p>\n<div class=\"pvc_clear\"><\/div>\n<p>\u25cf Del total de 51 medallas del team, 47 de ellas fueron obtenidas por pacientes o ex pacientes Telet\u00f3n, quienes<\/p>\n","protected":false},"author":1,"featured_media":46582,"comment_status":"open","ping_status":"open","sticky":false,"template":"","format":"standard","meta":{"colormag_page_container_layout":"default_layout","colormag_page_sidebar_layout":"default_layout","footnotes":""},"categories":[14],"tags":[6849,862,1989],"class_list":["post-46581","post","type-post","status-publish","format-standard","has-post-thumbnail","hentry","category-temuco","tag-medallistas","tag-santiago","tag-teleton"],"a3_pvc":{"activated":true,"total_views":3856,"today_views":0},"_links":{"self":[{"href":"https:\/\/temucotelevision.cl\/web\/wp-json\/wp\/v2\/posts\/46581","targetHints":{"allow":["GET"]}}],"collection":[{"href":"https:\/\/temucotelevision.cl\/web\/wp-json\/wp\/v2\/posts"}],"about":[{"href":"https:\/\/temucotelevision.cl\/web\/wp-json\/wp\/v2\/types\/post"}],"author":[{"embeddable":true,"href":"https:\/\/temucotelevision.cl\/web\/wp-json\/wp\/v2\/users\/1"}],"replies":[{"embeddable":true,"href":"https:\/\/temucotelevision.cl\/web\/wp-json\/wp\/v2\/comments?post=46581"}],"version-history":[{"count":1,"href":"https:\/\/temucotelevision.cl\/web\/wp-json\/wp\/v2\/posts\/46581\/revisions"}],"predecessor-version":[{"id":46584,"href":"https:\/\/temucotelevision.cl\/web\/wp-json\/wp\/v2\/posts\/46581\/revisions\/46584"}],"wp:featuredmedia":[{"embeddable":true,"href":"https:\/\/temucotelevision.cl\/web\/wp-json\/wp\/v2\/media\/46582"}],"wp:attachment":[{"href":"https:\/\/temucotelevision.cl\/web\/wp-json\/wp\/v2\/media?parent=46581"}],"wp:term":[{"taxonomy":"category","embeddable":true,"href":"https:\/\/temucotelevision.cl\/web\/wp-json\/wp\/v2\/categories?post=46581"},{"taxonomy":"post_tag","embeddable":true,"href":"https:\/\/temucotelevision.cl\/web\/wp-json\/wp\/v2\/tags?post=46581"}],"curies":[{"name":"wp","href":"https:\/\/api.w.org\/{rel}","templated":true}]}}