{"id":46571,"date":"2023-11-30T18:57:45","date_gmt":"2023-11-30T21:57:45","guid":{"rendered":"https:\/\/temucotelevision.cl\/web\/?p=46571"},"modified":"2023-11-30T18:57:45","modified_gmt":"2023-11-30T21:57:45","slug":"femicidio-frustrado-pdi-detiene-a-sujeto-que-agredio-con-golpes-e-intento-asfixiar-a-su-conyuge","status":"publish","type":"post","link":"https:\/\/temucotelevision.cl\/web\/2023\/11\/30\/femicidio-frustrado-pdi-detiene-a-sujeto-que-agredio-con-golpes-e-intento-asfixiar-a-su-conyuge\/","title":{"rendered":"Femicidio frustrado: PDI detiene a sujeto que agredi\u00f3 con golpes e intent\u00f3 asfixiar a su c\u00f3nyuge"},"content":{"rendered":"<div class=\"pvc_clear\"><\/div><p id=\"pvc_stats_46571\" class=\"pvc_stats total_only  \" data-element-id=\"46571\" style=\"\"><i class=\"pvc-stats-icon large\" aria-hidden=\"true\"><svg aria-hidden=\"true\" focusable=\"false\" data-prefix=\"far\" data-icon=\"chart-bar\" role=\"img\" xmlns=\"http:\/\/www.w3.org\/2000\/svg\" viewBox=\"0 0 512 512\" class=\"svg-inline--fa fa-chart-bar fa-w-16 fa-2x\"><path fill=\"currentColor\" d=\"M396.8 352h22.4c6.4 0 12.8-6.4 12.8-12.8V108.8c0-6.4-6.4-12.8-12.8-12.8h-22.4c-6.4 0-12.8 6.4-12.8 12.8v230.4c0 6.4 6.4 12.8 12.8 12.8zm-192 0h22.4c6.4 0 12.8-6.4 12.8-12.8V140.8c0-6.4-6.4-12.8-12.8-12.8h-22.4c-6.4 0-12.8 6.4-12.8 12.8v198.4c0 6.4 6.4 12.8 12.8 12.8zm96 0h22.4c6.4 0 12.8-6.4 12.8-12.8V204.8c0-6.4-6.4-12.8-12.8-12.8h-22.4c-6.4 0-12.8 6.4-12.8 12.8v134.4c0 6.4 6.4 12.8 12.8 12.8zM496 400H48V80c0-8.84-7.16-16-16-16H16C7.16 64 0 71.16 0 80v336c0 17.67 14.33 32 32 32h464c8.84 0 16-7.16 16-16v-16c0-8.84-7.16-16-16-16zm-387.2-48h22.4c6.4 0 12.8-6.4 12.8-12.8v-70.4c0-6.4-6.4-12.8-12.8-12.8h-22.4c-6.4 0-12.8 6.4-12.8 12.8v70.4c0 6.4 6.4 12.8 12.8 12.8z\" class=\"\"><\/path><\/svg><\/i> <img loading=\"lazy\" decoding=\"async\" width=\"16\" height=\"16\" alt=\"Loading\" src=\"https:\/\/temucotelevision.cl\/web\/wp-content\/plugins\/page-views-count\/ajax-loader-2x.gif\" border=0 \/><\/p><div class=\"pvc_clear\"><\/div>\n<p>Detectives de la Brigada de Investigaci\u00f3n Criminal (Bicrim) Traigu\u00e9n, detuvieron a un hombre, de 26 a\u00f1os, por el delito de femicidio frustrado en flagrancia, luego de que el imputado agrediera a su c\u00f3nyuge con golpes e intento de asfixia, durante la madrugada de hoy -30 de noviembre-.<\/p>\n\n\n\n<p>Seg\u00fan explic\u00f3 el subprefecto Jorge Fuenzalida, jefe de la Bicrim Traigu\u00e9n, los hechos fueron denunciados por la v\u00edctima, quien se\u00f1al\u00f3 que el imputado, \u201csu c\u00f3nyuge, la agredi\u00f3 violentamente al interior del hogar que ambos compart\u00edan, con claras intenciones de causarle la muerte. Posteriormente, personal policial traslad\u00f3 a la v\u00edctima hasta el hospital base de esta ciudad para practicar los ex\u00e1menes correspondientes\u201d. La v\u00edctima, de 25 a\u00f1os, result\u00f3 con m\u00faltiples equimosis y hematomas en distintas partes del cuerpo, adem\u00e1s de una herida cortante en una de sus manos.<\/p>\n\n\n\n<p>El jefe de la Bicrim Traigu\u00e9n, agreg\u00f3 que, al encontrarse a\u00fan en flagrancia, \u201clos detectives de esta unidad concurrieron de inmediato al sitio de suceso, realizando empadronamientos, y buscando al imputado, quien adem\u00e1s hab\u00eda sustra\u00eddo el celular de la v\u00edctima. Por lo anterior, en coordinaci\u00f3n con la Fiscal\u00eda de Flagrancia y Primeras Diligencias, se abocaron en dar con el domicilio donde \u00e9ste se ocultaba, siendo ubicado al interior de una bodega de un familiar cuando se daba a la fuga\u201d, concluy\u00f3 el oficial.<\/p>\n\n\n\n<p>Por instrucci\u00f3n del fiscal de turno, el detenido fue puesto a disposici\u00f3n del Juzgado de Garant\u00eda de Traigu\u00e9n, donde se efectu\u00f3 el control de detenci\u00f3n y formalizaci\u00f3n por el delito de femicidio frustrado. El tribunal, al considerarlo un peligro para la v\u00edctima y la sociedad, decret\u00f3 la medida cautelar de prisi\u00f3n preventiva y estableci\u00f3 tres meses como plazo de investigaci\u00f3n.<\/p>\n","protected":false},"excerpt":{"rendered":"<div class=\"pvc_clear\"><\/div>\n<p id=\"pvc_stats_46571\" class=\"pvc_stats total_only  \" data-element-id=\"46571\" style=\"\"><i class=\"pvc-stats-icon large\" aria-hidden=\"true\"><svg aria-hidden=\"true\" focusable=\"false\" data-prefix=\"far\" data-icon=\"chart-bar\" role=\"img\" xmlns=\"http:\/\/www.w3.org\/2000\/svg\" viewBox=\"0 0 512 512\" class=\"svg-inline--fa fa-chart-bar fa-w-16 fa-2x\"><path fill=\"currentColor\" d=\"M396.8 352h22.4c6.4 0 12.8-6.4 12.8-12.8V108.8c0-6.4-6.4-12.8-12.8-12.8h-22.4c-6.4 0-12.8 6.4-12.8 12.8v230.4c0 6.4 6.4 12.8 12.8 12.8zm-192 0h22.4c6.4 0 12.8-6.4 12.8-12.8V140.8c0-6.4-6.4-12.8-12.8-12.8h-22.4c-6.4 0-12.8 6.4-12.8 12.8v198.4c0 6.4 6.4 12.8 12.8 12.8zm96 0h22.4c6.4 0 12.8-6.4 12.8-12.8V204.8c0-6.4-6.4-12.8-12.8-12.8h-22.4c-6.4 0-12.8 6.4-12.8 12.8v134.4c0 6.4 6.4 12.8 12.8 12.8zM496 400H48V80c0-8.84-7.16-16-16-16H16C7.16 64 0 71.16 0 80v336c0 17.67 14.33 32 32 32h464c8.84 0 16-7.16 16-16v-16c0-8.84-7.16-16-16-16zm-387.2-48h22.4c6.4 0 12.8-6.4 12.8-12.8v-70.4c0-6.4-6.4-12.8-12.8-12.8h-22.4c-6.4 0-12.8 6.4-12.8 12.8v70.4c0 6.4 6.4 12.8 12.8 12.8z\" class=\"\"><\/path><\/svg><\/i> <img loading=\"lazy\" decoding=\"async\" width=\"16\" height=\"16\" alt=\"Loading\" src=\"https:\/\/temucotelevision.cl\/web\/wp-content\/plugins\/page-views-count\/ajax-loader-2x.gif\" border=0 \/><\/p>\n<div class=\"pvc_clear\"><\/div>\n<p>Detectives de la Brigada de Investigaci\u00f3n Criminal (Bicrim) Traigu\u00e9n, detuvieron a un hombre, de 26 a\u00f1os, por el delito de<\/p>\n","protected":false},"author":1,"featured_media":27589,"comment_status":"open","ping_status":"open","sticky":false,"template":"","format":"standard","meta":{"colormag_page_container_layout":"default_layout","colormag_page_sidebar_layout":"default_layout","footnotes":""},"categories":[15,16],"tags":[6848,79,76,338],"class_list":["post-46571","post","type-post","status-publish","format-standard","has-post-thumbnail","hentry","category-la-araucania","category-policial","tag-conyuge","tag-detenido","tag-pdi","tag-sujeto"],"a3_pvc":{"activated":true,"total_views":2103,"today_views":0},"_links":{"self":[{"href":"https:\/\/temucotelevision.cl\/web\/wp-json\/wp\/v2\/posts\/46571","targetHints":{"allow":["GET"]}}],"collection":[{"href":"https:\/\/temucotelevision.cl\/web\/wp-json\/wp\/v2\/posts"}],"about":[{"href":"https:\/\/temucotelevision.cl\/web\/wp-json\/wp\/v2\/types\/post"}],"author":[{"embeddable":true,"href":"https:\/\/temucotelevision.cl\/web\/wp-json\/wp\/v2\/users\/1"}],"replies":[{"embeddable":true,"href":"https:\/\/temucotelevision.cl\/web\/wp-json\/wp\/v2\/comments?post=46571"}],"version-history":[{"count":1,"href":"https:\/\/temucotelevision.cl\/web\/wp-json\/wp\/v2\/posts\/46571\/revisions"}],"predecessor-version":[{"id":46572,"href":"https:\/\/temucotelevision.cl\/web\/wp-json\/wp\/v2\/posts\/46571\/revisions\/46572"}],"wp:featuredmedia":[{"embeddable":true,"href":"https:\/\/temucotelevision.cl\/web\/wp-json\/wp\/v2\/media\/27589"}],"wp:attachment":[{"href":"https:\/\/temucotelevision.cl\/web\/wp-json\/wp\/v2\/media?parent=46571"}],"wp:term":[{"taxonomy":"category","embeddable":true,"href":"https:\/\/temucotelevision.cl\/web\/wp-json\/wp\/v2\/categories?post=46571"},{"taxonomy":"post_tag","embeddable":true,"href":"https:\/\/temucotelevision.cl\/web\/wp-json\/wp\/v2\/tags?post=46571"}],"curies":[{"name":"wp","href":"https:\/\/api.w.org\/{rel}","templated":true}]}}