{"id":46561,"date":"2023-11-30T18:34:00","date_gmt":"2023-11-30T21:34:00","guid":{"rendered":"https:\/\/temucotelevision.cl\/web\/?p=46561"},"modified":"2023-11-30T18:38:14","modified_gmt":"2023-11-30T21:38:14","slug":"heroes-y-villanos-artista-regional-presenta-exposicion-en-acuarela","status":"publish","type":"post","link":"https:\/\/temucotelevision.cl\/web\/2023\/11\/30\/heroes-y-villanos-artista-regional-presenta-exposicion-en-acuarela\/","title":{"rendered":"\u201cH\u00e9roes y Villanos\u201d: artista regional presenta exposici\u00f3n en acuarela"},"content":{"rendered":"<div class=\"pvc_clear\"><\/div><p id=\"pvc_stats_46561\" class=\"pvc_stats total_only  \" data-element-id=\"46561\" style=\"\"><i class=\"pvc-stats-icon large\" aria-hidden=\"true\"><svg aria-hidden=\"true\" focusable=\"false\" data-prefix=\"far\" data-icon=\"chart-bar\" role=\"img\" xmlns=\"http:\/\/www.w3.org\/2000\/svg\" viewBox=\"0 0 512 512\" class=\"svg-inline--fa fa-chart-bar fa-w-16 fa-2x\"><path fill=\"currentColor\" d=\"M396.8 352h22.4c6.4 0 12.8-6.4 12.8-12.8V108.8c0-6.4-6.4-12.8-12.8-12.8h-22.4c-6.4 0-12.8 6.4-12.8 12.8v230.4c0 6.4 6.4 12.8 12.8 12.8zm-192 0h22.4c6.4 0 12.8-6.4 12.8-12.8V140.8c0-6.4-6.4-12.8-12.8-12.8h-22.4c-6.4 0-12.8 6.4-12.8 12.8v198.4c0 6.4 6.4 12.8 12.8 12.8zm96 0h22.4c6.4 0 12.8-6.4 12.8-12.8V204.8c0-6.4-6.4-12.8-12.8-12.8h-22.4c-6.4 0-12.8 6.4-12.8 12.8v134.4c0 6.4 6.4 12.8 12.8 12.8zM496 400H48V80c0-8.84-7.16-16-16-16H16C7.16 64 0 71.16 0 80v336c0 17.67 14.33 32 32 32h464c8.84 0 16-7.16 16-16v-16c0-8.84-7.16-16-16-16zm-387.2-48h22.4c6.4 0 12.8-6.4 12.8-12.8v-70.4c0-6.4-6.4-12.8-12.8-12.8h-22.4c-6.4 0-12.8 6.4-12.8 12.8v70.4c0 6.4 6.4 12.8 12.8 12.8z\" class=\"\"><\/path><\/svg><\/i> <img loading=\"lazy\" decoding=\"async\" width=\"16\" height=\"16\" alt=\"Loading\" src=\"https:\/\/temucotelevision.cl\/web\/wp-content\/plugins\/page-views-count\/ajax-loader-2x.gif\" border=0 \/><\/p><div class=\"pvc_clear\"><\/div>\n<div class=\"wp-block-media-text is-stacked-on-mobile\" style=\"grid-template-columns:28% auto\"><figure class=\"wp-block-media-text__media\"><img loading=\"lazy\" decoding=\"async\" width=\"683\" height=\"1024\" src=\"https:\/\/temucotelevision.cl\/web\/wp-content\/uploads\/2023\/11\/Fernanda-Millanao-Exposicion-Comics-Heroes-y-Villanos-1-683x1024.jpg\" alt=\"\" class=\"wp-image-46568 size-full\" srcset=\"https:\/\/temucotelevision.cl\/web\/wp-content\/uploads\/2023\/11\/Fernanda-Millanao-Exposicion-Comics-Heroes-y-Villanos-1-683x1024.jpg 683w, https:\/\/temucotelevision.cl\/web\/wp-content\/uploads\/2023\/11\/Fernanda-Millanao-Exposicion-Comics-Heroes-y-Villanos-1-768x1152.jpg 768w, https:\/\/temucotelevision.cl\/web\/wp-content\/uploads\/2023\/11\/Fernanda-Millanao-Exposicion-Comics-Heroes-y-Villanos-1-1024x1536.jpg 1024w, https:\/\/temucotelevision.cl\/web\/wp-content\/uploads\/2023\/11\/Fernanda-Millanao-Exposicion-Comics-Heroes-y-Villanos-1.jpg 1067w\" sizes=\"auto, (max-width: 683px) 100vw, 683px\" \/><\/figure><div class=\"wp-block-media-text__content\">\n<p><em>Fernanda Millanao expone por segunda vez este a\u00f1o en el Centro Cultural de Padre Las Casas. Desde el 6 de diciembre estar\u00e1 disponible la muestra que re\u00fane su primer desaf\u00edo retratando rostros y figuras ligadas a los c\u00f3mics y h\u00e9roes de acci\u00f3n. Tambi\u00e9n habr\u00e1 10 obras de estudiantes de una escuela rural de la comuna que crearon a trav\u00e9s de un taller liderado por la artista.<\/em><\/p>\n<\/div><\/div>\n\n\n\n<p>Desde el mi\u00e9rcoles 6 de diciembre en el Centro Cultural de Padre Las Casas estar\u00e1 disponible la muestra \u201cH\u00e9roes y Villanos\u201d, exposici\u00f3n de 15 acuarelas que retratan rostros y figuras ligadas a los c\u00f3mics y h\u00e9roes de acci\u00f3n. Marvel, DC C\u00f3mics, Star Wars y otros personajes que viven en el imaginario popular estar\u00e1n libres para ser contempladas hasta finales de mes en el espacio de la comuna, las cuales fueron hechas por Fernanda Millanao (26), acuarelista oriunda de La Araucan\u00eda.<\/p>\n\n\n\n<p>Este es el primer desaf\u00edo de Millanao retratando rostros y figuras humanas. La propuesta nace de una invitaci\u00f3n hecha por la instituci\u00f3n, la cual tom\u00f3 como personal por su gusto por los c\u00f3mics y superh\u00e9roes. \u201cQuise llevar mi arte m\u00e1s all\u00e1 de la bot\u00e1nica, que es lo que lo que siempre me motiv\u00f3 a pintar acuarelas. Fue un desaf\u00edo. Me permiti\u00f3 superarme a m\u00ed misma\u201d, comenta.<\/p>\n\n\n\n<p>La artista reconoce que fue un trabajo que tuvo mucho de ensayo y error. \u201cTuve que ocupar mucho material para poder llevar a cabo de la forma en la que ve\u00eda a los personajes en mi cabeza\u201d, admite, complementando que investig\u00f3 c\u00f3mics, siendo algunas acuarelas basadas en historietas de los a\u00f1os 50 \u2019s y 60 &#8216;s, mientras que otros personajes mantienen su sello en acuarela. Esta es la segunda exposici\u00f3n que la tambi\u00e9n matrona del Hospital Regional realiza este 2023 en el Centro Cultural de Padre Las Casas. \u201cComenc\u00e9 el a\u00f1o art\u00edsticamente ah\u00ed y voy a cerrarlo. Estoy muy contenta y muy agradecida con mi comuna y con el Centro, porque me est\u00e1n dando un espacio que muchos artistas desean y que yo tambi\u00e9n lo dese\u00e9 en alg\u00fan momento\u201d, declara.<\/p>\n\n\n\n<p><strong>Taller en escuela rural<\/strong><\/p>\n\n\n\n<p>Acompa\u00f1ando la muestra tambi\u00e9n se expondr\u00e1n las obras de estudiantes de una serie de talleres que ella realiz\u00f3 en la Escuela Francisco Quereban, ubicado en una comunidad mapuche, en la zona rural de Padre Las Casas. Un acercamiento al arte que gener\u00f3 cambios en la comunidad escolar, que cierra la experiencia presentando con quien fue su maestra durante el segundo semestre.<\/p>\n\n\n\n<p>Son 10 obras seleccionadas del taller entre Millanao y los profesores de la comunidad, luego de haber cerrado el proceso que dur\u00f3 12 clases durante el segundo semestre. La acuarelista relata que los ni\u00f1os \u201cse certificaron como artistas\u201d, siendo ellos mismos quienes dijeron \u201cque hab\u00edan aprendido cosas que iban m\u00e1s all\u00e1 de poder pintar\u201d. Ante ello, agrega: \u201cPor ejemplo, el atreverse a hablar, a relacionarse con las personas, a no botar algo cuando estaba mal dibujado, sino que arreglarlo y repararlo\u201d. Con los j\u00f3venes, pertenecientes a cursos entre tercero a octavo b\u00e1sico, probaron t\u00e9cnicas iniciales; trabajos diversos que los interesados podr\u00e1n ver hasta el 31 de diciembre en el recinto ubicado en Maquehue #1441.<\/p>\n\n\n\n<figure class=\"wp-block-image aligncenter size-large\"><img loading=\"lazy\" decoding=\"async\" width=\"576\" height=\"1024\" src=\"https:\/\/temucotelevision.cl\/web\/wp-content\/uploads\/2023\/11\/Fernanda-Millanao-Exposicion-Comics-Heroes-y-Villanos-3-576x1024.jpg\" alt=\"\" class=\"wp-image-46565\" srcset=\"https:\/\/temucotelevision.cl\/web\/wp-content\/uploads\/2023\/11\/Fernanda-Millanao-Exposicion-Comics-Heroes-y-Villanos-3-576x1024.jpg 576w, https:\/\/temucotelevision.cl\/web\/wp-content\/uploads\/2023\/11\/Fernanda-Millanao-Exposicion-Comics-Heroes-y-Villanos-3-768x1365.jpg 768w, https:\/\/temucotelevision.cl\/web\/wp-content\/uploads\/2023\/11\/Fernanda-Millanao-Exposicion-Comics-Heroes-y-Villanos-3.jpg 828w\" sizes=\"auto, (max-width: 576px) 100vw, 576px\" \/><\/figure>\n\n\n\n<figure class=\"wp-block-image aligncenter size-large\"><img loading=\"lazy\" decoding=\"async\" width=\"651\" height=\"1024\" src=\"https:\/\/temucotelevision.cl\/web\/wp-content\/uploads\/2023\/11\/Comics-Fernanda-Millanao-1-651x1024.jpg\" alt=\"\" class=\"wp-image-46564\" srcset=\"https:\/\/temucotelevision.cl\/web\/wp-content\/uploads\/2023\/11\/Comics-Fernanda-Millanao-1-651x1024.jpg 651w, https:\/\/temucotelevision.cl\/web\/wp-content\/uploads\/2023\/11\/Comics-Fernanda-Millanao-1-768x1209.jpg 768w, https:\/\/temucotelevision.cl\/web\/wp-content\/uploads\/2023\/11\/Comics-Fernanda-Millanao-1.jpg 828w\" sizes=\"auto, (max-width: 651px) 100vw, 651px\" \/><\/figure>\n\n\n\n<figure class=\"wp-block-image size-large\"><img loading=\"lazy\" decoding=\"async\" width=\"824\" height=\"1024\" src=\"https:\/\/temucotelevision.cl\/web\/wp-content\/uploads\/2023\/11\/Comics-Fernanda-Millanao-2-824x1024.jpg\" alt=\"\" class=\"wp-image-46563\" srcset=\"https:\/\/temucotelevision.cl\/web\/wp-content\/uploads\/2023\/11\/Comics-Fernanda-Millanao-2-824x1024.jpg 824w, https:\/\/temucotelevision.cl\/web\/wp-content\/uploads\/2023\/11\/Comics-Fernanda-Millanao-2-768x954.jpg 768w, https:\/\/temucotelevision.cl\/web\/wp-content\/uploads\/2023\/11\/Comics-Fernanda-Millanao-2.jpg 828w\" sizes=\"auto, (max-width: 824px) 100vw, 824px\" \/><\/figure>\n","protected":false},"excerpt":{"rendered":"<div class=\"pvc_clear\"><\/div>\n<p id=\"pvc_stats_46561\" class=\"pvc_stats total_only  \" data-element-id=\"46561\" style=\"\"><i class=\"pvc-stats-icon large\" aria-hidden=\"true\"><svg aria-hidden=\"true\" focusable=\"false\" data-prefix=\"far\" data-icon=\"chart-bar\" role=\"img\" xmlns=\"http:\/\/www.w3.org\/2000\/svg\" viewBox=\"0 0 512 512\" class=\"svg-inline--fa fa-chart-bar fa-w-16 fa-2x\"><path fill=\"currentColor\" d=\"M396.8 352h22.4c6.4 0 12.8-6.4 12.8-12.8V108.8c0-6.4-6.4-12.8-12.8-12.8h-22.4c-6.4 0-12.8 6.4-12.8 12.8v230.4c0 6.4 6.4 12.8 12.8 12.8zm-192 0h22.4c6.4 0 12.8-6.4 12.8-12.8V140.8c0-6.4-6.4-12.8-12.8-12.8h-22.4c-6.4 0-12.8 6.4-12.8 12.8v198.4c0 6.4 6.4 12.8 12.8 12.8zm96 0h22.4c6.4 0 12.8-6.4 12.8-12.8V204.8c0-6.4-6.4-12.8-12.8-12.8h-22.4c-6.4 0-12.8 6.4-12.8 12.8v134.4c0 6.4 6.4 12.8 12.8 12.8zM496 400H48V80c0-8.84-7.16-16-16-16H16C7.16 64 0 71.16 0 80v336c0 17.67 14.33 32 32 32h464c8.84 0 16-7.16 16-16v-16c0-8.84-7.16-16-16-16zm-387.2-48h22.4c6.4 0 12.8-6.4 12.8-12.8v-70.4c0-6.4-6.4-12.8-12.8-12.8h-22.4c-6.4 0-12.8 6.4-12.8 12.8v70.4c0 6.4 6.4 12.8 12.8 12.8z\" class=\"\"><\/path><\/svg><\/i> <img loading=\"lazy\" decoding=\"async\" width=\"16\" height=\"16\" alt=\"Loading\" src=\"https:\/\/temucotelevision.cl\/web\/wp-content\/plugins\/page-views-count\/ajax-loader-2x.gif\" border=0 \/><\/p>\n<div class=\"pvc_clear\"><\/div>\n<p>Fernanda Millanao expone por segunda vez este a\u00f1o en el Centro Cultural de Padre Las Casas. Desde el 6 de<\/p>\n","protected":false},"author":1,"featured_media":46562,"comment_status":"open","ping_status":"open","sticky":false,"template":"","format":"standard","meta":{"colormag_page_container_layout":"default_layout","colormag_page_sidebar_layout":"default_layout","footnotes":""},"categories":[86,14],"tags":[580,876,6846,6847],"class_list":["post-46561","post","type-post","status-publish","format-standard","has-post-thumbnail","hentry","category-panoramas","category-temuco","tag-artista","tag-exposicion","tag-heroes","tag-villanos"],"a3_pvc":{"activated":true,"total_views":3027,"today_views":0},"_links":{"self":[{"href":"https:\/\/temucotelevision.cl\/web\/wp-json\/wp\/v2\/posts\/46561","targetHints":{"allow":["GET"]}}],"collection":[{"href":"https:\/\/temucotelevision.cl\/web\/wp-json\/wp\/v2\/posts"}],"about":[{"href":"https:\/\/temucotelevision.cl\/web\/wp-json\/wp\/v2\/types\/post"}],"author":[{"embeddable":true,"href":"https:\/\/temucotelevision.cl\/web\/wp-json\/wp\/v2\/users\/1"}],"replies":[{"embeddable":true,"href":"https:\/\/temucotelevision.cl\/web\/wp-json\/wp\/v2\/comments?post=46561"}],"version-history":[{"count":3,"href":"https:\/\/temucotelevision.cl\/web\/wp-json\/wp\/v2\/posts\/46561\/revisions"}],"predecessor-version":[{"id":46570,"href":"https:\/\/temucotelevision.cl\/web\/wp-json\/wp\/v2\/posts\/46561\/revisions\/46570"}],"wp:featuredmedia":[{"embeddable":true,"href":"https:\/\/temucotelevision.cl\/web\/wp-json\/wp\/v2\/media\/46562"}],"wp:attachment":[{"href":"https:\/\/temucotelevision.cl\/web\/wp-json\/wp\/v2\/media?parent=46561"}],"wp:term":[{"taxonomy":"category","embeddable":true,"href":"https:\/\/temucotelevision.cl\/web\/wp-json\/wp\/v2\/categories?post=46561"},{"taxonomy":"post_tag","embeddable":true,"href":"https:\/\/temucotelevision.cl\/web\/wp-json\/wp\/v2\/tags?post=46561"}],"curies":[{"name":"wp","href":"https:\/\/api.w.org\/{rel}","templated":true}]}}