{"id":46506,"date":"2023-11-28T21:18:22","date_gmt":"2023-11-29T00:18:22","guid":{"rendered":"https:\/\/temucotelevision.cl\/web\/?p=46506"},"modified":"2023-11-28T21:18:43","modified_gmt":"2023-11-29T00:18:43","slug":"diputado-daniel-melo-ps-solicita-discusion-inmediata-a-proyecto-que-restringe-narco-funerales","status":"publish","type":"post","link":"https:\/\/temucotelevision.cl\/web\/2023\/11\/28\/diputado-daniel-melo-ps-solicita-discusion-inmediata-a-proyecto-que-restringe-narco-funerales\/","title":{"rendered":"Diputado Daniel Melo (PS) solicita discusi\u00f3n inmediata a proyecto que restringe narco funerales"},"content":{"rendered":"<div class=\"pvc_clear\"><\/div><p id=\"pvc_stats_46506\" class=\"pvc_stats total_only  \" data-element-id=\"46506\" style=\"\"><i class=\"pvc-stats-icon large\" aria-hidden=\"true\"><svg aria-hidden=\"true\" focusable=\"false\" data-prefix=\"far\" data-icon=\"chart-bar\" role=\"img\" xmlns=\"http:\/\/www.w3.org\/2000\/svg\" viewBox=\"0 0 512 512\" class=\"svg-inline--fa fa-chart-bar fa-w-16 fa-2x\"><path fill=\"currentColor\" d=\"M396.8 352h22.4c6.4 0 12.8-6.4 12.8-12.8V108.8c0-6.4-6.4-12.8-12.8-12.8h-22.4c-6.4 0-12.8 6.4-12.8 12.8v230.4c0 6.4 6.4 12.8 12.8 12.8zm-192 0h22.4c6.4 0 12.8-6.4 12.8-12.8V140.8c0-6.4-6.4-12.8-12.8-12.8h-22.4c-6.4 0-12.8 6.4-12.8 12.8v198.4c0 6.4 6.4 12.8 12.8 12.8zm96 0h22.4c6.4 0 12.8-6.4 12.8-12.8V204.8c0-6.4-6.4-12.8-12.8-12.8h-22.4c-6.4 0-12.8 6.4-12.8 12.8v134.4c0 6.4 6.4 12.8 12.8 12.8zM496 400H48V80c0-8.84-7.16-16-16-16H16C7.16 64 0 71.16 0 80v336c0 17.67 14.33 32 32 32h464c8.84 0 16-7.16 16-16v-16c0-8.84-7.16-16-16-16zm-387.2-48h22.4c6.4 0 12.8-6.4 12.8-12.8v-70.4c0-6.4-6.4-12.8-12.8-12.8h-22.4c-6.4 0-12.8 6.4-12.8 12.8v70.4c0 6.4 6.4 12.8 12.8 12.8z\" class=\"\"><\/path><\/svg><\/i> <img loading=\"lazy\" decoding=\"async\" width=\"16\" height=\"16\" alt=\"Loading\" src=\"https:\/\/temucotelevision.cl\/web\/wp-content\/plugins\/page-views-count\/ajax-loader-2x.gif\" border=0 \/><\/p><div class=\"pvc_clear\"><\/div>\n<p><br><em>El parlamentario anunci\u00f3 que oficiar\u00e1 al Ministerio del Interior para conocer qu\u00e9 sucedi\u00f3 con los protocolos ante los funerales de alto riesgo.<\/em><\/p>\n\n\n\n<p>A prop\u00f3sito del narco velorio realizado en la comuna de San Ram\u00f3n, donde una extensa carpa paraliz\u00f3 el tr\u00e1nsito de las calles Goycolea con Pedro Aguirre Cerda y el actuar de los deudos atemoriz\u00f3 a cientos de familias de la comuna, es que el diputado PS del distrito 13, Daniel Melo, solicit\u00f3 al Gobierno poner discusi\u00f3n inmediata al Proyecto de Ley que restringe los funerales narco.&nbsp;<\/p>\n\n\n\n<p>\u201cEs claro que los protocolos que actualmente dispone el Estado est\u00e1n fallando. Una vez m\u00e1s estamos en presencia de un narco funeral que da\u00f1a la convivencia y la vida cotidiana de la gente, en este caso de todos los vecinos y vecinas de San Ram\u00f3n, ni\u00f1os y ni\u00f1as, personas mayores que lamentablemente ven afectada su vida cotidiana y esto no es posible\u201d, se\u00f1al\u00f3 el socialista.&nbsp;<\/p>\n\n\n\n<p>En la misma l\u00ednea, el diputado a\u00f1adi\u00f3 que \u201chemos visto unas im\u00e1genes que se han viralizado a trav\u00e9s de las redes sociales, donde hay incivilidades y todo tipo de consumo de alcohol y drogas, lo cual es muy complejo. Este tipo de situaciones &nbsp;no pueden volver a suceder, por ello solicitamos que el Gobierno ponga discusi\u00f3n inmediata al proyecto que restringe la realizaci\u00f3n de estos narco funerales\u201d.&nbsp;<\/p>\n\n\n\n<p>Finalmente &nbsp;el congresista sentenci\u00f3 que \u201cesperamos sinceramente que esta tramitaci\u00f3n sea expedita para poder contar con las herramientas legales de restricci\u00f3n ante estas situaciones y que no vuelvan a ocurrir. Asimismo, oficiaremos al Ministerio del Interior, para conocer los detalles del porqu\u00e9 no se han respetado los protocolos ante estos casos, para priorizar la seguridad de las personas\u201d<\/p>\n","protected":false},"excerpt":{"rendered":"<div class=\"pvc_clear\"><\/div>\n<p id=\"pvc_stats_46506\" class=\"pvc_stats total_only  \" data-element-id=\"46506\" style=\"\"><i class=\"pvc-stats-icon large\" aria-hidden=\"true\"><svg aria-hidden=\"true\" focusable=\"false\" data-prefix=\"far\" data-icon=\"chart-bar\" role=\"img\" xmlns=\"http:\/\/www.w3.org\/2000\/svg\" viewBox=\"0 0 512 512\" class=\"svg-inline--fa fa-chart-bar fa-w-16 fa-2x\"><path fill=\"currentColor\" d=\"M396.8 352h22.4c6.4 0 12.8-6.4 12.8-12.8V108.8c0-6.4-6.4-12.8-12.8-12.8h-22.4c-6.4 0-12.8 6.4-12.8 12.8v230.4c0 6.4 6.4 12.8 12.8 12.8zm-192 0h22.4c6.4 0 12.8-6.4 12.8-12.8V140.8c0-6.4-6.4-12.8-12.8-12.8h-22.4c-6.4 0-12.8 6.4-12.8 12.8v198.4c0 6.4 6.4 12.8 12.8 12.8zm96 0h22.4c6.4 0 12.8-6.4 12.8-12.8V204.8c0-6.4-6.4-12.8-12.8-12.8h-22.4c-6.4 0-12.8 6.4-12.8 12.8v134.4c0 6.4 6.4 12.8 12.8 12.8zM496 400H48V80c0-8.84-7.16-16-16-16H16C7.16 64 0 71.16 0 80v336c0 17.67 14.33 32 32 32h464c8.84 0 16-7.16 16-16v-16c0-8.84-7.16-16-16-16zm-387.2-48h22.4c6.4 0 12.8-6.4 12.8-12.8v-70.4c0-6.4-6.4-12.8-12.8-12.8h-22.4c-6.4 0-12.8 6.4-12.8 12.8v70.4c0 6.4 6.4 12.8 12.8 12.8z\" class=\"\"><\/path><\/svg><\/i> <img loading=\"lazy\" decoding=\"async\" width=\"16\" height=\"16\" alt=\"Loading\" src=\"https:\/\/temucotelevision.cl\/web\/wp-content\/plugins\/page-views-count\/ajax-loader-2x.gif\" border=0 \/><\/p>\n<div class=\"pvc_clear\"><\/div>\n<p>El parlamentario anunci\u00f3 que oficiar\u00e1 al Ministerio del Interior para conocer qu\u00e9 sucedi\u00f3 con los protocolos ante los funerales de<\/p>\n","protected":false},"author":1,"featured_media":46507,"comment_status":"open","ping_status":"open","sticky":false,"template":"","format":"standard","meta":{"colormag_page_container_layout":"default_layout","colormag_page_sidebar_layout":"default_layout","footnotes":""},"categories":[84],"tags":[154,6591,6840,155],"class_list":["post-46506","post","type-post","status-publish","format-standard","has-post-thumbnail","hentry","category-politica","tag-diputado","tag-melo","tag-narcofunerales","tag-proyecto"],"a3_pvc":{"activated":true,"total_views":1305,"today_views":0},"_links":{"self":[{"href":"https:\/\/temucotelevision.cl\/web\/wp-json\/wp\/v2\/posts\/46506","targetHints":{"allow":["GET"]}}],"collection":[{"href":"https:\/\/temucotelevision.cl\/web\/wp-json\/wp\/v2\/posts"}],"about":[{"href":"https:\/\/temucotelevision.cl\/web\/wp-json\/wp\/v2\/types\/post"}],"author":[{"embeddable":true,"href":"https:\/\/temucotelevision.cl\/web\/wp-json\/wp\/v2\/users\/1"}],"replies":[{"embeddable":true,"href":"https:\/\/temucotelevision.cl\/web\/wp-json\/wp\/v2\/comments?post=46506"}],"version-history":[{"count":1,"href":"https:\/\/temucotelevision.cl\/web\/wp-json\/wp\/v2\/posts\/46506\/revisions"}],"predecessor-version":[{"id":46508,"href":"https:\/\/temucotelevision.cl\/web\/wp-json\/wp\/v2\/posts\/46506\/revisions\/46508"}],"wp:featuredmedia":[{"embeddable":true,"href":"https:\/\/temucotelevision.cl\/web\/wp-json\/wp\/v2\/media\/46507"}],"wp:attachment":[{"href":"https:\/\/temucotelevision.cl\/web\/wp-json\/wp\/v2\/media?parent=46506"}],"wp:term":[{"taxonomy":"category","embeddable":true,"href":"https:\/\/temucotelevision.cl\/web\/wp-json\/wp\/v2\/categories?post=46506"},{"taxonomy":"post_tag","embeddable":true,"href":"https:\/\/temucotelevision.cl\/web\/wp-json\/wp\/v2\/tags?post=46506"}],"curies":[{"name":"wp","href":"https:\/\/api.w.org\/{rel}","templated":true}]}}