{"id":46504,"date":"2023-11-28T21:12:50","date_gmt":"2023-11-29T00:12:50","guid":{"rendered":"https:\/\/temucotelevision.cl\/web\/?p=46504"},"modified":"2023-11-28T21:12:51","modified_gmt":"2023-11-29T00:12:51","slug":"senador-kast-destaca-aprobacion-de-proyecto-que-sanciona-narcofunerales-nunca-mas-tengamos-narcos-paseando-por-nuestros-barrios","status":"publish","type":"post","link":"https:\/\/temucotelevision.cl\/web\/2023\/11\/28\/senador-kast-destaca-aprobacion-de-proyecto-que-sanciona-narcofunerales-nunca-mas-tengamos-narcos-paseando-por-nuestros-barrios\/","title":{"rendered":"Senador KAst destaca aprobaci\u00f3n de proyecto que sanciona narcofunerales: &#8220;Nunca m\u00e1s tengamos narcos paseando por nuestros barrios&#8221;"},"content":{"rendered":"<div class=\"pvc_clear\"><\/div><p id=\"pvc_stats_46504\" class=\"pvc_stats total_only  \" data-element-id=\"46504\" style=\"\"><i class=\"pvc-stats-icon large\" aria-hidden=\"true\"><svg aria-hidden=\"true\" focusable=\"false\" data-prefix=\"far\" data-icon=\"chart-bar\" role=\"img\" xmlns=\"http:\/\/www.w3.org\/2000\/svg\" viewBox=\"0 0 512 512\" class=\"svg-inline--fa fa-chart-bar fa-w-16 fa-2x\"><path fill=\"currentColor\" d=\"M396.8 352h22.4c6.4 0 12.8-6.4 12.8-12.8V108.8c0-6.4-6.4-12.8-12.8-12.8h-22.4c-6.4 0-12.8 6.4-12.8 12.8v230.4c0 6.4 6.4 12.8 12.8 12.8zm-192 0h22.4c6.4 0 12.8-6.4 12.8-12.8V140.8c0-6.4-6.4-12.8-12.8-12.8h-22.4c-6.4 0-12.8 6.4-12.8 12.8v198.4c0 6.4 6.4 12.8 12.8 12.8zm96 0h22.4c6.4 0 12.8-6.4 12.8-12.8V204.8c0-6.4-6.4-12.8-12.8-12.8h-22.4c-6.4 0-12.8 6.4-12.8 12.8v134.4c0 6.4 6.4 12.8 12.8 12.8zM496 400H48V80c0-8.84-7.16-16-16-16H16C7.16 64 0 71.16 0 80v336c0 17.67 14.33 32 32 32h464c8.84 0 16-7.16 16-16v-16c0-8.84-7.16-16-16-16zm-387.2-48h22.4c6.4 0 12.8-6.4 12.8-12.8v-70.4c0-6.4-6.4-12.8-12.8-12.8h-22.4c-6.4 0-12.8 6.4-12.8 12.8v70.4c0 6.4 6.4 12.8 12.8 12.8z\" class=\"\"><\/path><\/svg><\/i> <img loading=\"lazy\" decoding=\"async\" width=\"16\" height=\"16\" alt=\"Loading\" src=\"https:\/\/temucotelevision.cl\/web\/wp-content\/plugins\/page-views-count\/ajax-loader-2x.gif\" border=0 \/><\/p><div class=\"pvc_clear\"><\/div>\n<p>El senador y presidente de la comisi\u00f3n de Seguridad, Felipe Kast, destac\u00f3 la reciente aprobaci\u00f3n del proyecto de ley que busca prevenir la ocurrencia de eventos delictivos y actos de violencia e inseguridad social asociados a los llamados narcofunerales, asegurando que \u201cestamos avanzando a hacia la recuperaci\u00f3n de nuestros espacios p\u00fablicos\u201d.<\/p>\n\n\n\n<p>Respecto a las caracter\u00edsticas de la iniciativa, Kast explic\u00f3 que \u201ctoda vez que exista un narco que efectivamente sabemos qui\u00e9nes son, sabemos d\u00f3nde est\u00e1n y se vaya a generar un funeral, el delegado presidencial va a poder decretar con el C\u00f3digo Sanitario que ese funeral va a tener condiciones similares a las del COVID\u201d.<\/p>\n\n\n\n<p>\u201cNo s\u00e9 si ustedes recuerdan -continu\u00f3- pero en el caso del COVID, cuando ten\u00edamos funerales, hab\u00eda un aforo muy acotado y hab\u00eda un m\u00e1ximo de tiempo, que en este caso va a ser m\u00e1ximo 24 horas, para que efectivamente nunca m\u00e1s tengamos a los narcos paseando por nuestros barrios, paseando por nuestras ciudades como si fuesen los due\u00f1os de ellas\u201d.<\/p>\n\n\n\n<p>Al ser consultado acerca de los pasos a seguir, el legislador detall\u00f3 que \u201ceste es el proyecto n\u00famero 17 que aprobamos en la comisi\u00f3n y espero que la sala del Senado lo apruebe a la brevedad posible y que ojal\u00e1 la C\u00e1mara de Diputados lo pueda tramitar tambi\u00e9n en un breve plazo\u201d.<\/p>\n\n\n\n<p>Finalmente, el parlamentario lament\u00f3 la ausencia de las autoridades de Gobierno durante la aprobaci\u00f3n del proyecto. \u201dNos habr\u00eda encantado que la Ministra Toh\u00e1 o el subsecretario estuviesen presentes el d\u00eda de hoy en la aprobaci\u00f3n de este importante proyecto de ley, porque hoy d\u00eda la sensaci\u00f3n es que los narcos tienen m\u00e1s poder que los alcaldes, m\u00e1s poder que las polic\u00edas y por eso era tan importante\u201d.<\/p>\n","protected":false},"excerpt":{"rendered":"<div class=\"pvc_clear\"><\/div>\n<p id=\"pvc_stats_46504\" class=\"pvc_stats total_only  \" data-element-id=\"46504\" style=\"\"><i class=\"pvc-stats-icon large\" aria-hidden=\"true\"><svg aria-hidden=\"true\" focusable=\"false\" data-prefix=\"far\" data-icon=\"chart-bar\" role=\"img\" xmlns=\"http:\/\/www.w3.org\/2000\/svg\" viewBox=\"0 0 512 512\" class=\"svg-inline--fa fa-chart-bar fa-w-16 fa-2x\"><path fill=\"currentColor\" d=\"M396.8 352h22.4c6.4 0 12.8-6.4 12.8-12.8V108.8c0-6.4-6.4-12.8-12.8-12.8h-22.4c-6.4 0-12.8 6.4-12.8 12.8v230.4c0 6.4 6.4 12.8 12.8 12.8zm-192 0h22.4c6.4 0 12.8-6.4 12.8-12.8V140.8c0-6.4-6.4-12.8-12.8-12.8h-22.4c-6.4 0-12.8 6.4-12.8 12.8v198.4c0 6.4 6.4 12.8 12.8 12.8zm96 0h22.4c6.4 0 12.8-6.4 12.8-12.8V204.8c0-6.4-6.4-12.8-12.8-12.8h-22.4c-6.4 0-12.8 6.4-12.8 12.8v134.4c0 6.4 6.4 12.8 12.8 12.8zM496 400H48V80c0-8.84-7.16-16-16-16H16C7.16 64 0 71.16 0 80v336c0 17.67 14.33 32 32 32h464c8.84 0 16-7.16 16-16v-16c0-8.84-7.16-16-16-16zm-387.2-48h22.4c6.4 0 12.8-6.4 12.8-12.8v-70.4c0-6.4-6.4-12.8-12.8-12.8h-22.4c-6.4 0-12.8 6.4-12.8 12.8v70.4c0 6.4 6.4 12.8 12.8 12.8z\" class=\"\"><\/path><\/svg><\/i> <img loading=\"lazy\" decoding=\"async\" width=\"16\" height=\"16\" alt=\"Loading\" src=\"https:\/\/temucotelevision.cl\/web\/wp-content\/plugins\/page-views-count\/ajax-loader-2x.gif\" border=0 \/><\/p>\n<div class=\"pvc_clear\"><\/div>\n<p>El senador y presidente de la comisi\u00f3n de Seguridad, Felipe Kast, destac\u00f3 la reciente aprobaci\u00f3n del proyecto de ley que<\/p>\n","protected":false},"author":1,"featured_media":33371,"comment_status":"open","ping_status":"open","sticky":false,"template":"","format":"standard","meta":{"colormag_page_container_layout":"default_layout","colormag_page_sidebar_layout":"default_layout","footnotes":""},"categories":[84],"tags":[1761,155,1261],"class_list":["post-46504","post","type-post","status-publish","format-standard","has-post-thumbnail","hentry","category-politica","tag-kast","tag-proyecto","tag-senador"],"a3_pvc":{"activated":true,"total_views":1551,"today_views":0},"_links":{"self":[{"href":"https:\/\/temucotelevision.cl\/web\/wp-json\/wp\/v2\/posts\/46504","targetHints":{"allow":["GET"]}}],"collection":[{"href":"https:\/\/temucotelevision.cl\/web\/wp-json\/wp\/v2\/posts"}],"about":[{"href":"https:\/\/temucotelevision.cl\/web\/wp-json\/wp\/v2\/types\/post"}],"author":[{"embeddable":true,"href":"https:\/\/temucotelevision.cl\/web\/wp-json\/wp\/v2\/users\/1"}],"replies":[{"embeddable":true,"href":"https:\/\/temucotelevision.cl\/web\/wp-json\/wp\/v2\/comments?post=46504"}],"version-history":[{"count":1,"href":"https:\/\/temucotelevision.cl\/web\/wp-json\/wp\/v2\/posts\/46504\/revisions"}],"predecessor-version":[{"id":46505,"href":"https:\/\/temucotelevision.cl\/web\/wp-json\/wp\/v2\/posts\/46504\/revisions\/46505"}],"wp:featuredmedia":[{"embeddable":true,"href":"https:\/\/temucotelevision.cl\/web\/wp-json\/wp\/v2\/media\/33371"}],"wp:attachment":[{"href":"https:\/\/temucotelevision.cl\/web\/wp-json\/wp\/v2\/media?parent=46504"}],"wp:term":[{"taxonomy":"category","embeddable":true,"href":"https:\/\/temucotelevision.cl\/web\/wp-json\/wp\/v2\/categories?post=46504"},{"taxonomy":"post_tag","embeddable":true,"href":"https:\/\/temucotelevision.cl\/web\/wp-json\/wp\/v2\/tags?post=46504"}],"curies":[{"name":"wp","href":"https:\/\/api.w.org\/{rel}","templated":true}]}}