{"id":46500,"date":"2023-11-28T21:09:15","date_gmt":"2023-11-29T00:09:15","guid":{"rendered":"https:\/\/temucotelevision.cl\/web\/?p=46500"},"modified":"2023-11-28T21:09:15","modified_gmt":"2023-11-29T00:09:15","slug":"perspectivas-interculturales-de-arte-y-naturaleza-se-reunen-en-exposicion-e-hito-de-cierre-en-torno-a-cohabitar-la-biodiversidad","status":"publish","type":"post","link":"https:\/\/temucotelevision.cl\/web\/2023\/11\/28\/perspectivas-interculturales-de-arte-y-naturaleza-se-reunen-en-exposicion-e-hito-de-cierre-en-torno-a-cohabitar-la-biodiversidad\/","title":{"rendered":"Perspectivas interculturales de arte y naturaleza se re\u00fanen en exposici\u00f3n e hito de cierre en torno a Cohabitar la biodiversidad"},"content":{"rendered":"<div class=\"pvc_clear\"><\/div><p id=\"pvc_stats_46500\" class=\"pvc_stats total_only  \" data-element-id=\"46500\" style=\"\"><i class=\"pvc-stats-icon large\" aria-hidden=\"true\"><svg aria-hidden=\"true\" focusable=\"false\" data-prefix=\"far\" data-icon=\"chart-bar\" role=\"img\" xmlns=\"http:\/\/www.w3.org\/2000\/svg\" viewBox=\"0 0 512 512\" class=\"svg-inline--fa fa-chart-bar fa-w-16 fa-2x\"><path fill=\"currentColor\" d=\"M396.8 352h22.4c6.4 0 12.8-6.4 12.8-12.8V108.8c0-6.4-6.4-12.8-12.8-12.8h-22.4c-6.4 0-12.8 6.4-12.8 12.8v230.4c0 6.4 6.4 12.8 12.8 12.8zm-192 0h22.4c6.4 0 12.8-6.4 12.8-12.8V140.8c0-6.4-6.4-12.8-12.8-12.8h-22.4c-6.4 0-12.8 6.4-12.8 12.8v198.4c0 6.4 6.4 12.8 12.8 12.8zm96 0h22.4c6.4 0 12.8-6.4 12.8-12.8V204.8c0-6.4-6.4-12.8-12.8-12.8h-22.4c-6.4 0-12.8 6.4-12.8 12.8v134.4c0 6.4 6.4 12.8 12.8 12.8zM496 400H48V80c0-8.84-7.16-16-16-16H16C7.16 64 0 71.16 0 80v336c0 17.67 14.33 32 32 32h464c8.84 0 16-7.16 16-16v-16c0-8.84-7.16-16-16-16zm-387.2-48h22.4c6.4 0 12.8-6.4 12.8-12.8v-70.4c0-6.4-6.4-12.8-12.8-12.8h-22.4c-6.4 0-12.8 6.4-12.8 12.8v70.4c0 6.4 6.4 12.8 12.8 12.8z\" class=\"\"><\/path><\/svg><\/i> <img loading=\"lazy\" decoding=\"async\" width=\"16\" height=\"16\" alt=\"Loading\" src=\"https:\/\/temucotelevision.cl\/web\/wp-content\/plugins\/page-views-count\/ajax-loader-2x.gif\" border=0 \/><\/p><div class=\"pvc_clear\"><\/div>\n<p><strong><em>Actividades abiertas a p\u00fablico &#8211; Galafest La Araucan\u00eda:<\/em><\/strong><\/p>\n\n\n\n<p><strong>2 y 7 de diciembre UFRO, Campus Puc\u00f3n. <\/strong>Destacados artistas presentar\u00e1n trabajos de investigaci\u00f3n y creaci\u00f3n sobre La Araucan\u00eda en exposici\u00f3n <em>Cohabitar la biodiversidad, <\/em>en el marco del programa p\u00fablico de<em> Galafest. <\/em>La inauguraci\u00f3n se realizar\u00e1 el <strong>s\u00e1bado<\/strong> <strong>2 de diciembre a las 12 h<\/strong>, mientras que el <strong>jueves 7 de diciembre a las 16 h <\/strong>tendr\u00e1 lugar una <strong>experiencia de arte y ecolog\u00eda<\/strong> como<strong> hito de cierre<\/strong>. Entre los artistas presentes en la muestra figuran Seba Calfuqueo, Claudia M\u00fcller y Andrea Galano. La jornada final incluir\u00e1 el lanzamiento de un libro sobre el reino fungi y la proyecci\u00f3n de un video de una cineasta taiwanesa<em>.<\/em><\/p>\n\n\n\n<p>Confirma tu participaci\u00f3n en una o ambas jornadas AQU\u00cd: <\/p>\n\n\n\n<p>A partir de investigaciones transdisciplinarias realizadas en la regi\u00f3n de La Araucan\u00eda, las creaciones de artistas nacionales e internacionales se re\u00fanen en la exposici\u00f3n <em>Co-habitar la Biodiversidad<\/em>, que dar\u00e1 a conocer diversos ejercicios en torno a cruces de arte y ecolog\u00eda. La muestra recoge trabajos surgidos en residencias art\u00edsticas desarrolladas por <a href=\"https:\/\/fundacionmaradentro.cl\/\">Fundaci\u00f3n Mar Adentro<\/a> (FMA), <a href=\"https:\/\/valleyofthepossible.com\/\">Valley of the Possible<\/a> y <a href=\"https:\/\/museodelhongo.cl\/home\/\">Museo del Hongo<\/a> \u2013organizadores de las jornadas junto al Centro Interdisciplinario de Investigaci\u00f3n Art\u00edstica-Universidad de la Frontera (CIICA-UFRO)\u2013 en el marco de Galafest, encuentro en que convergen participantes de <strong><em>Green Art Lab Alliance Fest (GALA)<\/em><\/strong>, red internacional de organizaciones art\u00edsticas que contribuyen a la sostenibilidad ambiental a trav\u00e9s de sus pr\u00e1cticas creativas.<\/p>\n\n\n\n<p>La exposici\u00f3n estar\u00e1 abierta al p\u00fablico desde el s\u00e1bado 2 al jueves 7 de diciembre en la Universidad de La Frontera, Campus Puc\u00f3n (Caupolic\u00e1n 78). Al mismo tiempo, el d\u00eda que abre la muestra se realizar\u00e1 un hito de inauguraci\u00f3n a las 12:00 h en que se dar\u00e1 a conocer las obras de los\/as artistas Claudia M\u00fcller, Seba Calfuqueo, Mark Ijzerman + S\u00e9bastien Robert, Andrea Galano, Agencia de borde, Nicol\u00e1s Amaro, Margarita Talep, Yasmine Ostendorf + Rommy Gonz\u00e1lez + Andrea Spikker. Asimismo, la jornada de cierre de la exposici\u00f3n contempla una serie de actividades colectivas en que destaca una visita guiada a las obras, el lanzamiento del libro <em>Let\u2019s become fungal! <\/em>de Yasmin Ostendorf y la proyecci\u00f3n de <em>I&#8217;m a woman, I&#8217;m a hunter <\/em>de la cineasta taiwanesa Rngrang Hungul.<\/p>\n\n\n\n<p>Las obras presentes en la exposici\u00f3n abordan una serie de ejercicios creativos y de investigaci\u00f3n, los cuales exploran diferentes aspectos de la naturaleza en el contexto de la actual crisis socioecol\u00f3gica, explorando temas como el agua, la biodiversidad, la deforestaci\u00f3n y el reino fungi, \u00e1mbitos de reflexi\u00f3n que se hacen presentes en el arte contempor\u00e1neo y que son de especial inter\u00e9s en el marco de <em>Galafest<\/em>, el cual este a\u00f1o se realizar\u00e1 en Bosque Pehu\u00e9n, \u00e1rea bajo protecci\u00f3n privada de FMA y laboratorio al aire libre en que se desarrollan investigaciones, procesos de aprendizajes y ejercicios de creaci\u00f3n art\u00edstica. Al respecto, Maya Err\u00e1zuriz, directora de arte y publicaciones de FMA destac\u00f3 el encuentro como un espacio intercultural para compartir procesos creativos y generar redes de apoyo mutuo en el arte, en t\u00e9rminos de que \u201cse trata de una ocasi\u00f3n en que convergen diversas subjetividades de artistas que nutren una sensibilidad com\u00fan y planteamientos compartidos sobre la necesidad de afrontar transdisciplinariamente la crisis socioambiental.<\/p>\n\n\n\n<p>En tanto, la investigadora y curadora Yasmine Ostendorf, fundadora de <em>Green Art Lab Alliance (GALA)<\/em>, valor\u00f3 <em>Galafest <\/em>como una oportunidad para promover la solidaridad y apoyo mutuo entre continentes para enfrentar desaf\u00edos comunes siguiendo una metodolog\u00eda de colaboraci\u00f3n basada en las redes micelares de los hongos. \u201cVeo un potencial significativo en adoptar un enfoque de aprendizaje diferente, como la colaboraci\u00f3n no jer\u00e1rquica, fundamental en el funcionamiento de nuestra alianza\u201d, manifest\u00f3 y agreg\u00f3 que estas instancias colectivas desaf\u00edan estructuras sist\u00e9micas \u201cque conviven en el capitalismo, el patriarcado y el extractivismo\u201d.<\/p>\n\n\n\n<p>Por su parte, Juan Ferrer, director del Museo del Hongo, se\u00f1al\u00f3 que, as\u00ed como es necesario recurrir a met\u00e1foras colaborativas presentes en las redes de comunicaci\u00f3n de los hongos,&nbsp; es relevante incorporar todos los reinos en la reflexi\u00f3n sobre la crisis socioecol\u00f3gica, pues en particular, los hongos han sido hist\u00f3ricamente apartados en la investigaci\u00f3n biol\u00f3gica, independiz\u00e1ndose del reino vegetal hace pocas d\u00e9cadas atr\u00e1s\u201d. En esta l\u00ednea adem\u00e1s, destac\u00f3 que solo conocemos el 8% de la diversidad f\u00fangica mundial. Ante este panorama, expres\u00f3, obras como <em>Living riddles<\/em> de Andrea Galano \u2013presente en la exposici\u00f3n\u2013 profundizan sobre el rol de los hongos como estabilizadores de ecosistemas y descomponedores de la naturaleza, destacando la relevancia que ocupan en los socioecosistemas.<\/p>\n\n\n\n<p>En tanto, Olaf Boswijk, co-fundador de Valley of the possible, valor\u00f3 la oportunidad que entregan los hitos abiertos a p\u00fablico de <em>Galafest<\/em> para el intercambio de experiencias y estrategias junto a la comunidad local. De la misma manera, destac\u00f3 la presencia de diversas organizaciones culturales y art\u00edsticas en la instancia, pues se trata de proyectos que abordan la crisis ecol\u00f3gica desde el arte como foco de trabajo. \u201cCreemos que las artes desempe\u00f1an un papel fundamental en el cambio de nuestra cultura colectiva hacia una cosmovisi\u00f3n que vea a los humanos como parte de la naturaleza\u201d, reflexion\u00f3.<\/p>\n\n\n\n<p><strong>Programa hitos colectivos <em>Galafest<\/em><\/strong><\/p>\n\n\n\n<p><strong>S\u00e1b 2 dic 12 h<\/strong> | <strong>Inauguraci\u00f3n<\/strong> exposici\u00f3n <em>Cohabitar la biodiversidad. <\/em>Palabras de bienvenida organizadores del encuentro. Presentaci\u00f3n de las obras de Claudia M\u00fcller, Seba Calfuqueo, Mark Ijzerman + S\u00e9bastien Robert, Andrea Galano, Agencia de borde, Nicol\u00e1s Amaro, Margarita Talep, Yasmine Ostendorf + Rommy Gonz\u00e1lez + Andrea Spikker.<\/p>\n\n\n\n<p><strong>Jue 7 dic 16 h| Hito de cierre. Experiencia colectiva de arte y ciencia<\/strong>: Visita guiada expo<em> Cohabitar la biodiversidad<\/em>, lanzamiento de libro y proyecci\u00f3n de video.<\/p>\n\n\n\n<p><strong>Jornada de cierre:<\/strong><\/p>\n\n\n\n<p><strong>16:00 <\/strong>Visita guiada <strong>expo <em>Co-habitar la biodiversidad<\/em><\/strong><\/p>\n\n\n\n<p><strong>16:30 <\/strong>Lanzamiento del <strong>libro <em>Let\u2019s become fungal! <\/em><\/strong>de Yasmine Ostendorf<\/p>\n\n\n\n<p><strong>17:30 <\/strong>Visionado video <em>Soy mujer, soy cazadora<\/em> de la cineasta taiwanesa Rngrang Hungul | <strong>18:30 <\/strong>C\u00f3ctel.<\/p>\n\n\n\n<p><strong>Sobre los\/as trabajos de investigaci\u00f3n y creaci\u00f3n presentes en la exposici\u00f3n:<\/strong><\/p>\n\n\n\n<ol class=\"wp-block-list\" type=\"1\" start=\"1\">\n<li><strong>Claudia Muller: <em>Frontera L\u00edquida<\/em>.<\/strong> Historia visual compuesta por tres momentos que recorren la l\u00ednea divisoria entre el mundo submarino y el terrestre para abordar la relaci\u00f3n entre agua y universo.<\/li>\n<\/ol>\n\n\n\n<ol class=\"wp-block-list\" type=\"1\" start=\"2\">\n<li><strong>Seba Calfuqueo<\/strong>:<strong> <em>TRAY TRAY KO- <\/em><\/strong>Obra centrada en la concepci\u00f3n del <em>trayenko <\/em>(cascada) espacio vital y sagrado en la cosmovisi\u00f3n&nbsp; mapuche. La performance muestra al artista con un manto azul el\u00e9ctrico, simbolizando la conexi\u00f3n del cuerpo con la naturaleza al ingresar al r\u00edo en su inmensidad natural.<\/li>\n<\/ol>\n\n\n\n<ol class=\"wp-block-list\" type=\"1\" start=\"3\">\n<li><strong>Mark IJzerman + S\u00e9bastien Robert:&nbsp; <em>As Above, So Below. <\/em><\/strong>(<em>Como es arriba, es abajo<\/em>) explora el paisaje cambiante de La Araucan\u00eda a trav\u00e9s de im\u00e1genes y sonido. Explora el dualismo de la relaci\u00f3n de los seres humanos con la naturaleza a trav\u00e9s de una investigaci\u00f3n sonora y visual creada a partir de im\u00e1genes satelitales, microsc\u00f3picas y de drones.<\/li>\n<\/ol>\n\n\n\n<ol class=\"wp-block-list\" type=\"1\" start=\"4\">\n<li><strong>Andrea Galano: <em>Living Riddles. <\/em><\/strong>Video-instalaci\u00f3n que propone concebir al l\u00edquen como una criatura mitol\u00f3gica. A lo largo de la obra este ser complejo y misterioso, cuestionamos los or\u00edgenes de la vida en la Tierra, las relaciones entre distintas especies y la identidad humana.<\/li>\n<\/ol>\n\n\n\n<ol class=\"wp-block-list\" type=\"1\" start=\"5\">\n<li><strong>Agencia de borde: <em>\u00c1rboles Torcidos. <\/em><\/strong>Obra que busca retratar una est\u00e9tica de co-habitaci\u00f3n que promueve el florecimiento de diversidades naturales y culturales para pensar a trav\u00e9s de un bosque, otros futuros posibles.<\/li>\n<\/ol>\n\n\n\n<ol class=\"wp-block-list\" type=\"1\" start=\"6\">\n<li><strong>Nicolas Amaro: <em>Multiversos. <\/em><\/strong>Ensayo material y experimental con el medio fotogr\u00e1fico: im\u00e1genes deliberadamente oscurecidas que surgen de un ejercicio donde el artista, c\u00e1mara en mano, registra lo que le cautiva en su deambular por los bosques del sur de Chile.<\/li>\n<\/ol>\n\n\n\n<ol class=\"wp-block-list\" type=\"1\" start=\"7\">\n<li><strong>Rngrang Hungul: <em>I&#8217;m a woman, I&#8217;m a hunter<\/em><\/strong><em>.<\/em> El <em>filme <\/em>narra la historia de Heydi, la madre del director, quien desaf\u00eda tab\u00faes de caza en la tribu Truku para convertirse en una reconocida cazadora tribal. La trama destaca la perseverancia y fe de la protagonista, revelando su historia de vida y actitud filos\u00f3fica a trav\u00e9s de una mezcla de escritura e im\u00e1genes.&nbsp;&nbsp;&nbsp;&nbsp;&nbsp;&nbsp;&nbsp;&nbsp;&nbsp;&nbsp;&nbsp; <strong>&nbsp;&nbsp;&nbsp;&nbsp;&nbsp;&nbsp;&nbsp;&nbsp;&nbsp;&nbsp;&nbsp;<\/strong><\/li>\n<\/ol>\n\n\n\n<figure class=\"wp-block-image size-large\"><img loading=\"lazy\" decoding=\"async\" width=\"819\" height=\"1024\" src=\"https:\/\/temucotelevision.cl\/web\/wp-content\/uploads\/2023\/11\/01-afiche-rrss_Galafest-819x1024.jpg\" alt=\"\" class=\"wp-image-46502\" srcset=\"https:\/\/temucotelevision.cl\/web\/wp-content\/uploads\/2023\/11\/01-afiche-rrss_Galafest-819x1024.jpg 819w, https:\/\/temucotelevision.cl\/web\/wp-content\/uploads\/2023\/11\/01-afiche-rrss_Galafest-768x960.jpg 768w, https:\/\/temucotelevision.cl\/web\/wp-content\/uploads\/2023\/11\/01-afiche-rrss_Galafest-1229x1536.jpg 1229w, https:\/\/temucotelevision.cl\/web\/wp-content\/uploads\/2023\/11\/01-afiche-rrss_Galafest-1638x2048.jpg 1638w, https:\/\/temucotelevision.cl\/web\/wp-content\/uploads\/2023\/11\/01-afiche-rrss_Galafest-scaled.jpg 2048w\" sizes=\"auto, (max-width: 819px) 100vw, 819px\" \/><\/figure>\n","protected":false},"excerpt":{"rendered":"<div class=\"pvc_clear\"><\/div>\n<p id=\"pvc_stats_46500\" class=\"pvc_stats total_only  \" data-element-id=\"46500\" style=\"\"><i class=\"pvc-stats-icon large\" aria-hidden=\"true\"><svg aria-hidden=\"true\" focusable=\"false\" data-prefix=\"far\" data-icon=\"chart-bar\" role=\"img\" xmlns=\"http:\/\/www.w3.org\/2000\/svg\" viewBox=\"0 0 512 512\" class=\"svg-inline--fa fa-chart-bar fa-w-16 fa-2x\"><path fill=\"currentColor\" d=\"M396.8 352h22.4c6.4 0 12.8-6.4 12.8-12.8V108.8c0-6.4-6.4-12.8-12.8-12.8h-22.4c-6.4 0-12.8 6.4-12.8 12.8v230.4c0 6.4 6.4 12.8 12.8 12.8zm-192 0h22.4c6.4 0 12.8-6.4 12.8-12.8V140.8c0-6.4-6.4-12.8-12.8-12.8h-22.4c-6.4 0-12.8 6.4-12.8 12.8v198.4c0 6.4 6.4 12.8 12.8 12.8zm96 0h22.4c6.4 0 12.8-6.4 12.8-12.8V204.8c0-6.4-6.4-12.8-12.8-12.8h-22.4c-6.4 0-12.8 6.4-12.8 12.8v134.4c0 6.4 6.4 12.8 12.8 12.8zM496 400H48V80c0-8.84-7.16-16-16-16H16C7.16 64 0 71.16 0 80v336c0 17.67 14.33 32 32 32h464c8.84 0 16-7.16 16-16v-16c0-8.84-7.16-16-16-16zm-387.2-48h22.4c6.4 0 12.8-6.4 12.8-12.8v-70.4c0-6.4-6.4-12.8-12.8-12.8h-22.4c-6.4 0-12.8 6.4-12.8 12.8v70.4c0 6.4 6.4 12.8 12.8 12.8z\" class=\"\"><\/path><\/svg><\/i> <img loading=\"lazy\" decoding=\"async\" width=\"16\" height=\"16\" alt=\"Loading\" src=\"https:\/\/temucotelevision.cl\/web\/wp-content\/plugins\/page-views-count\/ajax-loader-2x.gif\" border=0 \/><\/p>\n<div class=\"pvc_clear\"><\/div>\n<p>Actividades abiertas a p\u00fablico &#8211; Galafest La Araucan\u00eda: 2 y 7 de diciembre UFRO, Campus Puc\u00f3n. Destacados artistas presentar\u00e1n trabajos<\/p>\n","protected":false},"author":1,"featured_media":46501,"comment_status":"open","ping_status":"open","sticky":false,"template":"","format":"standard","meta":{"colormag_page_container_layout":"default_layout","colormag_page_sidebar_layout":"default_layout","footnotes":""},"categories":[86],"tags":[281,652],"class_list":["post-46500","post","type-post","status-publish","format-standard","has-post-thumbnail","hentry","category-panoramas","tag-arte","tag-naturaleza"],"a3_pvc":{"activated":true,"total_views":958,"today_views":0},"_links":{"self":[{"href":"https:\/\/temucotelevision.cl\/web\/wp-json\/wp\/v2\/posts\/46500","targetHints":{"allow":["GET"]}}],"collection":[{"href":"https:\/\/temucotelevision.cl\/web\/wp-json\/wp\/v2\/posts"}],"about":[{"href":"https:\/\/temucotelevision.cl\/web\/wp-json\/wp\/v2\/types\/post"}],"author":[{"embeddable":true,"href":"https:\/\/temucotelevision.cl\/web\/wp-json\/wp\/v2\/users\/1"}],"replies":[{"embeddable":true,"href":"https:\/\/temucotelevision.cl\/web\/wp-json\/wp\/v2\/comments?post=46500"}],"version-history":[{"count":1,"href":"https:\/\/temucotelevision.cl\/web\/wp-json\/wp\/v2\/posts\/46500\/revisions"}],"predecessor-version":[{"id":46503,"href":"https:\/\/temucotelevision.cl\/web\/wp-json\/wp\/v2\/posts\/46500\/revisions\/46503"}],"wp:featuredmedia":[{"embeddable":true,"href":"https:\/\/temucotelevision.cl\/web\/wp-json\/wp\/v2\/media\/46501"}],"wp:attachment":[{"href":"https:\/\/temucotelevision.cl\/web\/wp-json\/wp\/v2\/media?parent=46500"}],"wp:term":[{"taxonomy":"category","embeddable":true,"href":"https:\/\/temucotelevision.cl\/web\/wp-json\/wp\/v2\/categories?post=46500"},{"taxonomy":"post_tag","embeddable":true,"href":"https:\/\/temucotelevision.cl\/web\/wp-json\/wp\/v2\/tags?post=46500"}],"curies":[{"name":"wp","href":"https:\/\/api.w.org\/{rel}","templated":true}]}}