{"id":46497,"date":"2023-11-28T20:58:19","date_gmt":"2023-11-28T23:58:19","guid":{"rendered":"https:\/\/temucotelevision.cl\/web\/?p=46497"},"modified":"2023-11-28T20:58:40","modified_gmt":"2023-11-28T23:58:40","slug":"balance-aporte-familiar-permamente-2023-mas-de-120-mil-familias-de-la-araucania-han-recibido-el-beneficio","status":"publish","type":"post","link":"https:\/\/temucotelevision.cl\/web\/2023\/11\/28\/balance-aporte-familiar-permamente-2023-mas-de-120-mil-familias-de-la-araucania-han-recibido-el-beneficio\/","title":{"rendered":"Balance Aporte Familiar Permamente 2023: M\u00e1s de 120 mil familias de la Araucan\u00eda, han recibido el beneficio"},"content":{"rendered":"<div class=\"pvc_clear\"><\/div><p id=\"pvc_stats_46497\" class=\"pvc_stats total_only  \" data-element-id=\"46497\" style=\"\"><i class=\"pvc-stats-icon large\" aria-hidden=\"true\"><svg aria-hidden=\"true\" focusable=\"false\" data-prefix=\"far\" data-icon=\"chart-bar\" role=\"img\" xmlns=\"http:\/\/www.w3.org\/2000\/svg\" viewBox=\"0 0 512 512\" class=\"svg-inline--fa fa-chart-bar fa-w-16 fa-2x\"><path fill=\"currentColor\" d=\"M396.8 352h22.4c6.4 0 12.8-6.4 12.8-12.8V108.8c0-6.4-6.4-12.8-12.8-12.8h-22.4c-6.4 0-12.8 6.4-12.8 12.8v230.4c0 6.4 6.4 12.8 12.8 12.8zm-192 0h22.4c6.4 0 12.8-6.4 12.8-12.8V140.8c0-6.4-6.4-12.8-12.8-12.8h-22.4c-6.4 0-12.8 6.4-12.8 12.8v198.4c0 6.4 6.4 12.8 12.8 12.8zm96 0h22.4c6.4 0 12.8-6.4 12.8-12.8V204.8c0-6.4-6.4-12.8-12.8-12.8h-22.4c-6.4 0-12.8 6.4-12.8 12.8v134.4c0 6.4 6.4 12.8 12.8 12.8zM496 400H48V80c0-8.84-7.16-16-16-16H16C7.16 64 0 71.16 0 80v336c0 17.67 14.33 32 32 32h464c8.84 0 16-7.16 16-16v-16c0-8.84-7.16-16-16-16zm-387.2-48h22.4c6.4 0 12.8-6.4 12.8-12.8v-70.4c0-6.4-6.4-12.8-12.8-12.8h-22.4c-6.4 0-12.8 6.4-12.8 12.8v70.4c0 6.4 6.4 12.8 12.8 12.8z\" class=\"\"><\/path><\/svg><\/i> <img loading=\"lazy\" decoding=\"async\" width=\"16\" height=\"16\" alt=\"Loading\" src=\"https:\/\/temucotelevision.cl\/web\/wp-content\/plugins\/page-views-count\/ajax-loader-2x.gif\" border=0 \/><\/p><div class=\"pvc_clear\"><\/div>\n<p>Un positivo balance realiz\u00f3 la ministra del Trabajo y Previsi\u00f3n Social, Jeannette Jara, respecto del pago del Aporte Familiar Permanente 2023, tambi\u00e9n conocido como ex Bono Marzo. El beneficio de este a\u00f1o ya ha llegado a <strong>1 mill\u00f3n 474 mil 510 familias<\/strong>, quienes en conjunto han recibido 2 millones 985 mil 559 aportes familiares.<\/p>\n\n\n\n<p>El Estado ha destinado m\u00e1s de 356 mil 610 millones de pesos en la entrega de esta ayuda econ\u00f3mica a las familias de menores ingresos del pa\u00eds.<\/p>\n\n\n\n<p>En la Regi\u00f3n de la Araucan\u00eda, el Aporte Familiar Permanente 2023 ha llegado a 120 mil 487 familias, quienes en conjunto han recibido<\/p>\n\n\n\n<p>La Seremi del Trabajo y Previsi\u00f3n Social en la Regi\u00f3n de La Araucan\u00eda, Claudia Tapia de la Pe\u00f1a, junto al Director Regional del IPS Joaqu\u00edn N\u00fa\u00f1ez Leal, realizaron el anuncio en un punto de prensa. M\u00e1s all\u00e1 de la gran cantidad de personas que han cobrado, las autoridades coincidieron en hacer un llamado a un grupo que tiene su pago pendiente, a cobrar su beneficio a tiempo.<\/p>\n\n\n\n<p><em>\u201cNos es grato anunciar hoy que <strong>m\u00e1s de <\/strong><\/em><strong>120 mil familias<\/strong><em> de menores ingresos ya han recibido el Aporte Familiar Permanente de este a\u00f1o. Si bien la gran mayor\u00eda de las personas beneficiarias ya obtuvo esta ayuda estatal, tanto su beneficio regular que se paga cada a\u00f1o, como el que se pag\u00f3 luego, de forma extraordinaria, a\u00fan quedan <strong>alrededor de mil personas con pago presencial <\/strong>que, teniendo derecho a este bono, no se han acercado a retirarlo. A ellas va dirigido, especialmente, este llamado\u201d, <\/em><em>se\u00f1al\u00f3 la Seremi del Trabajo.<\/em><\/p>\n\n\n\n<p>As\u00ed mismo, Claudia Tapia tambi\u00e9n se refiri\u00f3 a quienes a\u00fan pueden retirar el beneficio antes de su vencimiento. <em>\u201cEs importante insistir con el llamado a quienes crean cumplir los requisitos para recibir este bono, para que revisen en <\/em><strong><em>www.aportefamiliar.cl<\/em><\/strong><em> si tienen derecho y retiren a tiempo su dinero, ya que se trata de personas que, por no tener cuentas, deben cobrar en forma presencial<\/em>\u201d, dijo. Este pago se efect\u00faa, principalmente, en locales de la Caja de Compensaci\u00f3n Los H\u00e9roes.<\/p>\n\n\n\n<p>En la ocasi\u00f3n, el Director Regional del IPS, Joaqu\u00edn N\u00fa\u00f1ez, record\u00f3 que es importante cobrar el beneficio dentro del plazo legal de <strong>nueve meses<\/strong> (desde que se emiti\u00f3 el pago), adem\u00e1s de mencionar todos los esfuerzos que realiza la Instituci\u00f3n para que las personas cobren sus bonos. \u201c<em>El vencimiento de los primeros aportes se cumple ahora, en diciembre, para quienes deb\u00edan cobrar presencialmente. En el IPS hemos enviado m\u00e1s de 11 mil correos electr\u00f3nicos y mensajes de texto o voz, para contactar a personas que no hab\u00edan ido a cobrar a nivel nacional. Tambi\u00e9n se han realizado dep\u00f3sitos del beneficio a aquellas personas que en este \u00faltimo tiempo han abierto alguna cuenta bancaria, para asegurar su pago en esos casos\u201d, explic\u00f3.<\/em><\/p>\n\n\n\n<p>Para este a\u00f1o 2023, el Aporte Familiar Permanente ascendi\u00f3 a la suma de <strong>$<\/strong><strong>59.452 por carga familiar o familia, <\/strong>seg\u00fan el tipo de beneficiario. Posteriormente, de forma excepcional, el Gobierno entreg\u00f3 un <strong>pago extraordinario de $60.000<\/strong> del ex Bono Marzo, como una de las medidas para la seguridad econ\u00f3mica de las familias chilenas.<\/p>\n\n\n\n<p><strong>\u00bfCu\u00e1ntas personas a\u00fan pueden cobrar su Aporte Familiar?<\/strong><\/p>\n\n\n\n<p>De acuerdo a las \u00faltimas cifras que maneja el IPS, en la Regi\u00f3n de la Araucan\u00eda hay <strong>mil 58<\/strong> <strong>personas con modalidad de pago presencial <\/strong>que, teniendo derecho a este aporte, a\u00fan no acuden a retirarlo. La recomendaci\u00f3n para ellas es que ingresen al sitio <strong>www.aportefamiliar.cl <\/strong>y consulten d\u00f3nde deben cobrar su beneficio.<\/p>\n\n\n\n<p><strong>\u00bfD\u00f3nde encontrar m\u00e1s informaci\u00f3n?<\/strong><\/p>\n\n\n\n<p>Para conocer m\u00e1s informaci\u00f3n sobre el Aporte Familiar Permanente, las personas pueden ingresar a <strong>www.aportefamiliar.cl <\/strong>y<strong> www.chileatiende.cl<\/strong>. Tambi\u00e9n est\u00e1n disponibles para consultas las redes sociales <strong>@ChileAtiende<\/strong> en Facebook, X (ex Twitter) e Instagram, Call Center 101 y sucursales de la red ChileAtiende.<\/p>\n","protected":false},"excerpt":{"rendered":"<div class=\"pvc_clear\"><\/div>\n<p id=\"pvc_stats_46497\" class=\"pvc_stats total_only  \" data-element-id=\"46497\" style=\"\"><i class=\"pvc-stats-icon large\" aria-hidden=\"true\"><svg aria-hidden=\"true\" focusable=\"false\" data-prefix=\"far\" data-icon=\"chart-bar\" role=\"img\" xmlns=\"http:\/\/www.w3.org\/2000\/svg\" viewBox=\"0 0 512 512\" class=\"svg-inline--fa fa-chart-bar fa-w-16 fa-2x\"><path fill=\"currentColor\" d=\"M396.8 352h22.4c6.4 0 12.8-6.4 12.8-12.8V108.8c0-6.4-6.4-12.8-12.8-12.8h-22.4c-6.4 0-12.8 6.4-12.8 12.8v230.4c0 6.4 6.4 12.8 12.8 12.8zm-192 0h22.4c6.4 0 12.8-6.4 12.8-12.8V140.8c0-6.4-6.4-12.8-12.8-12.8h-22.4c-6.4 0-12.8 6.4-12.8 12.8v198.4c0 6.4 6.4 12.8 12.8 12.8zm96 0h22.4c6.4 0 12.8-6.4 12.8-12.8V204.8c0-6.4-6.4-12.8-12.8-12.8h-22.4c-6.4 0-12.8 6.4-12.8 12.8v134.4c0 6.4 6.4 12.8 12.8 12.8zM496 400H48V80c0-8.84-7.16-16-16-16H16C7.16 64 0 71.16 0 80v336c0 17.67 14.33 32 32 32h464c8.84 0 16-7.16 16-16v-16c0-8.84-7.16-16-16-16zm-387.2-48h22.4c6.4 0 12.8-6.4 12.8-12.8v-70.4c0-6.4-6.4-12.8-12.8-12.8h-22.4c-6.4 0-12.8 6.4-12.8 12.8v70.4c0 6.4 6.4 12.8 12.8 12.8z\" class=\"\"><\/path><\/svg><\/i> <img loading=\"lazy\" decoding=\"async\" width=\"16\" height=\"16\" alt=\"Loading\" src=\"https:\/\/temucotelevision.cl\/web\/wp-content\/plugins\/page-views-count\/ajax-loader-2x.gif\" border=0 \/><\/p>\n<div class=\"pvc_clear\"><\/div>\n<p>Un positivo balance realiz\u00f3 la ministra del Trabajo y Previsi\u00f3n Social, Jeannette Jara, respecto del pago del Aporte Familiar Permanente<\/p>\n","protected":false},"author":1,"featured_media":46498,"comment_status":"open","ping_status":"open","sticky":false,"template":"","format":"standard","meta":{"colormag_page_container_layout":"default_layout","colormag_page_sidebar_layout":"default_layout","footnotes":""},"categories":[15],"tags":[2286,1540,147],"class_list":["post-46497","post","type-post","status-publish","format-standard","has-post-thumbnail","hentry","category-la-araucania","tag-aporte","tag-beneficio","tag-familias"],"a3_pvc":{"activated":true,"total_views":2913,"today_views":1},"_links":{"self":[{"href":"https:\/\/temucotelevision.cl\/web\/wp-json\/wp\/v2\/posts\/46497","targetHints":{"allow":["GET"]}}],"collection":[{"href":"https:\/\/temucotelevision.cl\/web\/wp-json\/wp\/v2\/posts"}],"about":[{"href":"https:\/\/temucotelevision.cl\/web\/wp-json\/wp\/v2\/types\/post"}],"author":[{"embeddable":true,"href":"https:\/\/temucotelevision.cl\/web\/wp-json\/wp\/v2\/users\/1"}],"replies":[{"embeddable":true,"href":"https:\/\/temucotelevision.cl\/web\/wp-json\/wp\/v2\/comments?post=46497"}],"version-history":[{"count":1,"href":"https:\/\/temucotelevision.cl\/web\/wp-json\/wp\/v2\/posts\/46497\/revisions"}],"predecessor-version":[{"id":46499,"href":"https:\/\/temucotelevision.cl\/web\/wp-json\/wp\/v2\/posts\/46497\/revisions\/46499"}],"wp:featuredmedia":[{"embeddable":true,"href":"https:\/\/temucotelevision.cl\/web\/wp-json\/wp\/v2\/media\/46498"}],"wp:attachment":[{"href":"https:\/\/temucotelevision.cl\/web\/wp-json\/wp\/v2\/media?parent=46497"}],"wp:term":[{"taxonomy":"category","embeddable":true,"href":"https:\/\/temucotelevision.cl\/web\/wp-json\/wp\/v2\/categories?post=46497"},{"taxonomy":"post_tag","embeddable":true,"href":"https:\/\/temucotelevision.cl\/web\/wp-json\/wp\/v2\/tags?post=46497"}],"curies":[{"name":"wp","href":"https:\/\/api.w.org\/{rel}","templated":true}]}}