{"id":46494,"date":"2023-11-27T19:59:54","date_gmt":"2023-11-27T22:59:54","guid":{"rendered":"https:\/\/temucotelevision.cl\/web\/?p=46494"},"modified":"2023-11-27T19:59:55","modified_gmt":"2023-11-27T22:59:55","slug":"impulsados-por-la-uct-sorprendentes-avances-en-el-diagnostico-de-la-gripe-aviar-ayudan-a-reducir-el-riesgo-de-brotes-epidemicos-en-el-pais","status":"publish","type":"post","link":"https:\/\/temucotelevision.cl\/web\/2023\/11\/27\/impulsados-por-la-uct-sorprendentes-avances-en-el-diagnostico-de-la-gripe-aviar-ayudan-a-reducir-el-riesgo-de-brotes-epidemicos-en-el-pais\/","title":{"rendered":"Impulsados por la UCT: \u00a0Sorprendentes avances en el diagn\u00f3stico de la Gripe Aviar ayudan a reducir el riesgo de brotes epid\u00e9micos en el pa\u00eds"},"content":{"rendered":"<div class=\"pvc_clear\"><\/div><p id=\"pvc_stats_46494\" class=\"pvc_stats total_only  \" data-element-id=\"46494\" style=\"\"><i class=\"pvc-stats-icon large\" aria-hidden=\"true\"><svg aria-hidden=\"true\" focusable=\"false\" data-prefix=\"far\" data-icon=\"chart-bar\" role=\"img\" xmlns=\"http:\/\/www.w3.org\/2000\/svg\" viewBox=\"0 0 512 512\" class=\"svg-inline--fa fa-chart-bar fa-w-16 fa-2x\"><path fill=\"currentColor\" d=\"M396.8 352h22.4c6.4 0 12.8-6.4 12.8-12.8V108.8c0-6.4-6.4-12.8-12.8-12.8h-22.4c-6.4 0-12.8 6.4-12.8 12.8v230.4c0 6.4 6.4 12.8 12.8 12.8zm-192 0h22.4c6.4 0 12.8-6.4 12.8-12.8V140.8c0-6.4-6.4-12.8-12.8-12.8h-22.4c-6.4 0-12.8 6.4-12.8 12.8v198.4c0 6.4 6.4 12.8 12.8 12.8zm96 0h22.4c6.4 0 12.8-6.4 12.8-12.8V204.8c0-6.4-6.4-12.8-12.8-12.8h-22.4c-6.4 0-12.8 6.4-12.8 12.8v134.4c0 6.4 6.4 12.8 12.8 12.8zM496 400H48V80c0-8.84-7.16-16-16-16H16C7.16 64 0 71.16 0 80v336c0 17.67 14.33 32 32 32h464c8.84 0 16-7.16 16-16v-16c0-8.84-7.16-16-16-16zm-387.2-48h22.4c6.4 0 12.8-6.4 12.8-12.8v-70.4c0-6.4-6.4-12.8-12.8-12.8h-22.4c-6.4 0-12.8 6.4-12.8 12.8v70.4c0 6.4 6.4 12.8 12.8 12.8z\" class=\"\"><\/path><\/svg><\/i> <img loading=\"lazy\" decoding=\"async\" width=\"16\" height=\"16\" alt=\"Loading\" src=\"https:\/\/temucotelevision.cl\/web\/wp-content\/plugins\/page-views-count\/ajax-loader-2x.gif\" border=0 \/><\/p><div class=\"pvc_clear\"><\/div>\n<p>En septiembre de 2022, la Organizaci\u00f3n de Naciones Unidas para la Alimentaci\u00f3n y la Agricultura (FAO) levant\u00f3 una alerta para la regi\u00f3n de Centro y Sudam\u00e9rica debido al riesgo de ingreso del virus de la influenza aviar de alta patogenicidad (IAAP) del subtipo H5N1. Luego, en el mes de octubre, se conocieron los primeros casos en Colombia y hacia fines de a\u00f1o ya estaba presente en toda la costa del Pac\u00edfico, incluyendo Chile. Este a\u00f1o, las autoridades de Per\u00fa extendieron la alerta sanitaria en el pa\u00eds durante todo el 2023 porque ya se han registrado cerca de 3.500 lobos marinos&nbsp;y&nbsp;63.000 aves muertas a causa de la gripe. Argentina, en tanto, ya confirm\u00f3 su primer caso en aves de corral y en Camboya, Ecuador y China se contagiaron personas, en algunos casos con resultados mortales.<\/p>\n\n\n\n<p>En Chile, el Servicio Agr\u00edcola y Ganadero (SAG) mantiene al pa\u00eds en alerta sanitaria reforzando el programa de vigilancia activa y ha hecho un llamado al mundo acad\u00e9mico y cient\u00edfico a buscar nuevos mecanismos que permitan contener esta amenaza para la ecolog\u00eda y la seguridad alimentaria del planeta.<\/p>\n\n\n\n<p>Atendiendo este llamado, La Universidad Cat\u00f3lica de Temuco inaugur\u00f3 el Laboratorio de Epidemiolog\u00eda Molecular de la Facultad de Recursos Naturales de la UCT que fortalecer\u00e1 la capacidad diagn\u00f3stica de pat\u00f3genos zoon\u00f3ticos en La Araucan\u00eda, como la Gripe Aviar, y cuyas instalaciones ser\u00e1n parte de la Red Nacional de Laboratorios para la Vigilancia Epidemiol\u00f3gica de Influenza Aviar de Alta Patogenicidad, apoyando as\u00ed las actividades de vigilancia de la autoridad sanitaria y mejorando sensibilidad del sistema nacional para la detecci\u00f3n de gripe aviar de alta patogenicidad u otros pat\u00f3genos de importancia para la salud p\u00fablica o de relevancia productiva para el sector pecuario.<\/p>\n\n\n\n<p>La influenza aviar, tambi\u00e9n conocida como gripe aviar, es una enfermedad infecciosa causada por un virus de la familia Orthomyxoviridae, que afecta principalmente a las aves dom\u00e9sticas y silvestres. En este laboratorio se podr\u00e1n detectar pat\u00f3genos a trav\u00e9s de t\u00e9cnicas como PCR cuantitativo con equipamiento de alta complejidad y gran rapidez, lo que evitar\u00e1 los tiempos de espera que implican que las muestras sean enviadas a Santiago para su an\u00e1lisis.<\/p>\n\n\n\n<p><\/p>\n","protected":false},"excerpt":{"rendered":"<div class=\"pvc_clear\"><\/div>\n<p id=\"pvc_stats_46494\" class=\"pvc_stats total_only  \" data-element-id=\"46494\" style=\"\"><i class=\"pvc-stats-icon large\" aria-hidden=\"true\"><svg aria-hidden=\"true\" focusable=\"false\" data-prefix=\"far\" data-icon=\"chart-bar\" role=\"img\" xmlns=\"http:\/\/www.w3.org\/2000\/svg\" viewBox=\"0 0 512 512\" class=\"svg-inline--fa fa-chart-bar fa-w-16 fa-2x\"><path fill=\"currentColor\" d=\"M396.8 352h22.4c6.4 0 12.8-6.4 12.8-12.8V108.8c0-6.4-6.4-12.8-12.8-12.8h-22.4c-6.4 0-12.8 6.4-12.8 12.8v230.4c0 6.4 6.4 12.8 12.8 12.8zm-192 0h22.4c6.4 0 12.8-6.4 12.8-12.8V140.8c0-6.4-6.4-12.8-12.8-12.8h-22.4c-6.4 0-12.8 6.4-12.8 12.8v198.4c0 6.4 6.4 12.8 12.8 12.8zm96 0h22.4c6.4 0 12.8-6.4 12.8-12.8V204.8c0-6.4-6.4-12.8-12.8-12.8h-22.4c-6.4 0-12.8 6.4-12.8 12.8v134.4c0 6.4 6.4 12.8 12.8 12.8zM496 400H48V80c0-8.84-7.16-16-16-16H16C7.16 64 0 71.16 0 80v336c0 17.67 14.33 32 32 32h464c8.84 0 16-7.16 16-16v-16c0-8.84-7.16-16-16-16zm-387.2-48h22.4c6.4 0 12.8-6.4 12.8-12.8v-70.4c0-6.4-6.4-12.8-12.8-12.8h-22.4c-6.4 0-12.8 6.4-12.8 12.8v70.4c0 6.4 6.4 12.8 12.8 12.8z\" class=\"\"><\/path><\/svg><\/i> <img loading=\"lazy\" decoding=\"async\" width=\"16\" height=\"16\" alt=\"Loading\" src=\"https:\/\/temucotelevision.cl\/web\/wp-content\/plugins\/page-views-count\/ajax-loader-2x.gif\" border=0 \/><\/p>\n<div class=\"pvc_clear\"><\/div>\n<p>En septiembre de 2022, la Organizaci\u00f3n de Naciones Unidas para la Alimentaci\u00f3n y la Agricultura (FAO) levant\u00f3 una alerta para<\/p>\n","protected":false},"author":1,"featured_media":46495,"comment_status":"open","ping_status":"open","sticky":false,"template":"","format":"standard","meta":{"colormag_page_container_layout":"default_layout","colormag_page_sidebar_layout":"default_layout","footnotes":""},"categories":[14],"tags":[6053,6316],"class_list":["post-46494","post","type-post","status-publish","format-standard","has-post-thumbnail","hentry","category-temuco","tag-aviar","tag-gripe"],"a3_pvc":{"activated":true,"total_views":1335,"today_views":0},"_links":{"self":[{"href":"https:\/\/temucotelevision.cl\/web\/wp-json\/wp\/v2\/posts\/46494","targetHints":{"allow":["GET"]}}],"collection":[{"href":"https:\/\/temucotelevision.cl\/web\/wp-json\/wp\/v2\/posts"}],"about":[{"href":"https:\/\/temucotelevision.cl\/web\/wp-json\/wp\/v2\/types\/post"}],"author":[{"embeddable":true,"href":"https:\/\/temucotelevision.cl\/web\/wp-json\/wp\/v2\/users\/1"}],"replies":[{"embeddable":true,"href":"https:\/\/temucotelevision.cl\/web\/wp-json\/wp\/v2\/comments?post=46494"}],"version-history":[{"count":1,"href":"https:\/\/temucotelevision.cl\/web\/wp-json\/wp\/v2\/posts\/46494\/revisions"}],"predecessor-version":[{"id":46496,"href":"https:\/\/temucotelevision.cl\/web\/wp-json\/wp\/v2\/posts\/46494\/revisions\/46496"}],"wp:featuredmedia":[{"embeddable":true,"href":"https:\/\/temucotelevision.cl\/web\/wp-json\/wp\/v2\/media\/46495"}],"wp:attachment":[{"href":"https:\/\/temucotelevision.cl\/web\/wp-json\/wp\/v2\/media?parent=46494"}],"wp:term":[{"taxonomy":"category","embeddable":true,"href":"https:\/\/temucotelevision.cl\/web\/wp-json\/wp\/v2\/categories?post=46494"},{"taxonomy":"post_tag","embeddable":true,"href":"https:\/\/temucotelevision.cl\/web\/wp-json\/wp\/v2\/tags?post=46494"}],"curies":[{"name":"wp","href":"https:\/\/api.w.org\/{rel}","templated":true}]}}