{"id":46483,"date":"2023-11-27T07:09:59","date_gmt":"2023-11-27T10:09:59","guid":{"rendered":"https:\/\/temucotelevision.cl\/web\/?p=46483"},"modified":"2023-11-27T07:09:59","modified_gmt":"2023-11-27T10:09:59","slug":"emprendedora-de-pitrufquen-es-galardonada-en-la-primera-edicion-de-innovadores-invisibles-por-su-liderazgo-en-la-recuperacion-de-la-actividad-textil","status":"publish","type":"post","link":"https:\/\/temucotelevision.cl\/web\/2023\/11\/27\/emprendedora-de-pitrufquen-es-galardonada-en-la-primera-edicion-de-innovadores-invisibles-por-su-liderazgo-en-la-recuperacion-de-la-actividad-textil\/","title":{"rendered":"Emprendedora de Pitrufqu\u00e9n es galardonada en la primera edici\u00f3n de Innovadores Invisibles por su liderazgo en la recuperaci\u00f3n de la actividad textil"},"content":{"rendered":"<div class=\"pvc_clear\"><\/div><p id=\"pvc_stats_46483\" class=\"pvc_stats total_only  \" data-element-id=\"46483\" style=\"\"><i class=\"pvc-stats-icon large\" aria-hidden=\"true\"><svg aria-hidden=\"true\" focusable=\"false\" data-prefix=\"far\" data-icon=\"chart-bar\" role=\"img\" xmlns=\"http:\/\/www.w3.org\/2000\/svg\" viewBox=\"0 0 512 512\" class=\"svg-inline--fa fa-chart-bar fa-w-16 fa-2x\"><path fill=\"currentColor\" d=\"M396.8 352h22.4c6.4 0 12.8-6.4 12.8-12.8V108.8c0-6.4-6.4-12.8-12.8-12.8h-22.4c-6.4 0-12.8 6.4-12.8 12.8v230.4c0 6.4 6.4 12.8 12.8 12.8zm-192 0h22.4c6.4 0 12.8-6.4 12.8-12.8V140.8c0-6.4-6.4-12.8-12.8-12.8h-22.4c-6.4 0-12.8 6.4-12.8 12.8v198.4c0 6.4 6.4 12.8 12.8 12.8zm96 0h22.4c6.4 0 12.8-6.4 12.8-12.8V204.8c0-6.4-6.4-12.8-12.8-12.8h-22.4c-6.4 0-12.8 6.4-12.8 12.8v134.4c0 6.4 6.4 12.8 12.8 12.8zM496 400H48V80c0-8.84-7.16-16-16-16H16C7.16 64 0 71.16 0 80v336c0 17.67 14.33 32 32 32h464c8.84 0 16-7.16 16-16v-16c0-8.84-7.16-16-16-16zm-387.2-48h22.4c6.4 0 12.8-6.4 12.8-12.8v-70.4c0-6.4-6.4-12.8-12.8-12.8h-22.4c-6.4 0-12.8 6.4-12.8 12.8v70.4c0 6.4 6.4 12.8 12.8 12.8z\" class=\"\"><\/path><\/svg><\/i> <img loading=\"lazy\" decoding=\"async\" width=\"16\" height=\"16\" alt=\"Loading\" src=\"https:\/\/temucotelevision.cl\/web\/wp-content\/plugins\/page-views-count\/ajax-loader-2x.gif\" border=0 \/><\/p><div class=\"pvc_clear\"><\/div>\n<p>Durante la conmemoraci\u00f3n del D\u00eda del Emprendedor Rural, evento hist\u00f3rico organizado por Balloon Latam y celebrado simult\u00e1neamente en varias regiones, se anunci\u00f3 un selecto grupo de l\u00edderes rurales reconocidos por su contribuci\u00f3n al cambio positivo en sus comunidades.<\/p>\n\n\n\n<p>El reconocimiento &#8220;Innovadores Invisibles 2023&#8221; destaca el compromiso y liderazgo de emprendedores que impulsan el desarrollo sostenible en sectores rurales. A trav\u00e9s de categor\u00edas como Motor de Cambio, Innovador\/a de Impacto y Esp\u00edritu Transformador, se homenaje\u00f3 a nueve l\u00edderes cuyo trabajo ha dejado una huella significativa en el tejido social y econ\u00f3mico del pa\u00eds.<\/p>\n\n\n\n<p>El galard\u00f3n m\u00e1s alto, denominado \u201cEsp\u00edritu Transformador\u201d, fue otorgado a Dora Chamorro, de la comuna de Pitrufqu\u00e9n, en La Araucan\u00eda. Chamorro fue reconocida por su visi\u00f3n en la transformaci\u00f3n del pa\u00eds, centrando su acci\u00f3n en el desarrollo econ\u00f3mico, social y ambiental inclusivo, respetando la dignidad y los v\u00ednculos de las comunidades rurales.<\/p>\n\n\n\n<p>La emprendedora expres\u00f3 su emoci\u00f3n al recibir el reconocimiento: \u201cEstoy agradecida de toda la comunidad Balloon hoy presente y a los que est\u00e1n en la lejan\u00eda. Tambi\u00e9n agradecer a mi gente, que cuando se enteraron de esta nominaci\u00f3n todos vibraron. Es un gran logro para mi como emprendedora, para mi familia y para toda mi gente. Ahora a seguir en lo mismo, a seguir avanzando y haciendo que m\u00e1s mujeres tengan oportunidades\u201d.&nbsp;<\/p>\n\n\n\n<p>Chamorro, l\u00edder en la recuperaci\u00f3n de la actividad textil en Isla Robinson Crusoe,&nbsp;ha llevado a la recuperaci\u00f3n de la actividad tanto en la isla como en la regi\u00f3n de La Araucan\u00eda. Adem\u00e1s, lidera un grupo de 12 mujeres que brindan apoyo a quienes sufren situaciones de violencia intrafamiliar.<\/p>\n\n\n\n<p>Alejandra Grebe, Directora Ejecutiva de la Fundaci\u00f3n MC, coment\u00f3 sobre la importancia de destacar a estos emprendedores y emprendedoras, y valor\u00f3 que \u201cemprender en entornos rurales nunca ha sido f\u00e1cil, pero es precisamente esa resiliencia y determinaci\u00f3n que los hace a cada uno tan especiales (&#8230;). Queremos destacar la importancia de estos emprendedores y emprendedoras en el desarrollo sostenible y en la preservaci\u00f3n de nuestras tradiciones y cultura. Son ellos quienes generan empleo, impulsan el turismo rural, promueven la producci\u00f3n local y protegen al medio ambiente\u201d, afirm\u00f3.<\/p>\n\n\n\n<p><br><br>En la categor\u00eda \u201cMotor de Cambio\u201d, destac\u00f3 Sebasti\u00e1n Huenul por sus habilidades excepcionales en el liderazgo de sus proyectos y comunidades. Adem\u00e1s, Jos\u00e9 Luis Hueche fue merecedor del reconocimiento \u201cInnovador de Impacto\u201d por su compromiso con los pilares fundamentales del desarrollo sostenible en proyectos rurales excepcionales. El evento tambi\u00e9n cont\u00f3 con la participaci\u00f3n de Devanna de La Puente, experta en igualdad de g\u00e9nero, derechos de las mujeres y la construcci\u00f3n de paz.<\/p>\n","protected":false},"excerpt":{"rendered":"<div class=\"pvc_clear\"><\/div>\n<p id=\"pvc_stats_46483\" class=\"pvc_stats total_only  \" data-element-id=\"46483\" style=\"\"><i class=\"pvc-stats-icon large\" aria-hidden=\"true\"><svg aria-hidden=\"true\" focusable=\"false\" data-prefix=\"far\" data-icon=\"chart-bar\" role=\"img\" xmlns=\"http:\/\/www.w3.org\/2000\/svg\" viewBox=\"0 0 512 512\" class=\"svg-inline--fa fa-chart-bar fa-w-16 fa-2x\"><path fill=\"currentColor\" d=\"M396.8 352h22.4c6.4 0 12.8-6.4 12.8-12.8V108.8c0-6.4-6.4-12.8-12.8-12.8h-22.4c-6.4 0-12.8 6.4-12.8 12.8v230.4c0 6.4 6.4 12.8 12.8 12.8zm-192 0h22.4c6.4 0 12.8-6.4 12.8-12.8V140.8c0-6.4-6.4-12.8-12.8-12.8h-22.4c-6.4 0-12.8 6.4-12.8 12.8v198.4c0 6.4 6.4 12.8 12.8 12.8zm96 0h22.4c6.4 0 12.8-6.4 12.8-12.8V204.8c0-6.4-6.4-12.8-12.8-12.8h-22.4c-6.4 0-12.8 6.4-12.8 12.8v134.4c0 6.4 6.4 12.8 12.8 12.8zM496 400H48V80c0-8.84-7.16-16-16-16H16C7.16 64 0 71.16 0 80v336c0 17.67 14.33 32 32 32h464c8.84 0 16-7.16 16-16v-16c0-8.84-7.16-16-16-16zm-387.2-48h22.4c6.4 0 12.8-6.4 12.8-12.8v-70.4c0-6.4-6.4-12.8-12.8-12.8h-22.4c-6.4 0-12.8 6.4-12.8 12.8v70.4c0 6.4 6.4 12.8 12.8 12.8z\" class=\"\"><\/path><\/svg><\/i> <img loading=\"lazy\" decoding=\"async\" width=\"16\" height=\"16\" alt=\"Loading\" src=\"https:\/\/temucotelevision.cl\/web\/wp-content\/plugins\/page-views-count\/ajax-loader-2x.gif\" border=0 \/><\/p>\n<div class=\"pvc_clear\"><\/div>\n<p>Durante la conmemoraci\u00f3n del D\u00eda del Emprendedor Rural, evento hist\u00f3rico organizado por Balloon Latam y celebrado simult\u00e1neamente en varias regiones,<\/p>\n","protected":false},"author":1,"featured_media":46484,"comment_status":"open","ping_status":"open","sticky":false,"template":"","format":"standard","meta":{"colormag_page_container_layout":"default_layout","colormag_page_sidebar_layout":"default_layout","footnotes":""},"categories":[15],"tags":[3286],"class_list":["post-46483","post","type-post","status-publish","format-standard","has-post-thumbnail","hentry","category-la-araucania","tag-emprendedora"],"a3_pvc":{"activated":true,"total_views":1058,"today_views":0},"_links":{"self":[{"href":"https:\/\/temucotelevision.cl\/web\/wp-json\/wp\/v2\/posts\/46483","targetHints":{"allow":["GET"]}}],"collection":[{"href":"https:\/\/temucotelevision.cl\/web\/wp-json\/wp\/v2\/posts"}],"about":[{"href":"https:\/\/temucotelevision.cl\/web\/wp-json\/wp\/v2\/types\/post"}],"author":[{"embeddable":true,"href":"https:\/\/temucotelevision.cl\/web\/wp-json\/wp\/v2\/users\/1"}],"replies":[{"embeddable":true,"href":"https:\/\/temucotelevision.cl\/web\/wp-json\/wp\/v2\/comments?post=46483"}],"version-history":[{"count":1,"href":"https:\/\/temucotelevision.cl\/web\/wp-json\/wp\/v2\/posts\/46483\/revisions"}],"predecessor-version":[{"id":46485,"href":"https:\/\/temucotelevision.cl\/web\/wp-json\/wp\/v2\/posts\/46483\/revisions\/46485"}],"wp:featuredmedia":[{"embeddable":true,"href":"https:\/\/temucotelevision.cl\/web\/wp-json\/wp\/v2\/media\/46484"}],"wp:attachment":[{"href":"https:\/\/temucotelevision.cl\/web\/wp-json\/wp\/v2\/media?parent=46483"}],"wp:term":[{"taxonomy":"category","embeddable":true,"href":"https:\/\/temucotelevision.cl\/web\/wp-json\/wp\/v2\/categories?post=46483"},{"taxonomy":"post_tag","embeddable":true,"href":"https:\/\/temucotelevision.cl\/web\/wp-json\/wp\/v2\/tags?post=46483"}],"curies":[{"name":"wp","href":"https:\/\/api.w.org\/{rel}","templated":true}]}}