{"id":46474,"date":"2023-11-24T20:53:05","date_gmt":"2023-11-24T23:53:05","guid":{"rendered":"https:\/\/temucotelevision.cl\/web\/?p=46474"},"modified":"2023-11-24T20:53:05","modified_gmt":"2023-11-24T23:53:05","slug":"duoc-uc-campus-villarrica-presenta-exposicion-de-arte-de-virgenes-andinas","status":"publish","type":"post","link":"https:\/\/temucotelevision.cl\/web\/2023\/11\/24\/duoc-uc-campus-villarrica-presenta-exposicion-de-arte-de-virgenes-andinas\/","title":{"rendered":"Duoc UC Campus Villarrica presenta exposici\u00f3n de arte de V\u00edrgenes Andinas"},"content":{"rendered":"<div class=\"pvc_clear\"><\/div><p id=\"pvc_stats_46474\" class=\"pvc_stats total_only  \" data-element-id=\"46474\" style=\"\"><i class=\"pvc-stats-icon large\" aria-hidden=\"true\"><svg aria-hidden=\"true\" focusable=\"false\" data-prefix=\"far\" data-icon=\"chart-bar\" role=\"img\" xmlns=\"http:\/\/www.w3.org\/2000\/svg\" viewBox=\"0 0 512 512\" class=\"svg-inline--fa fa-chart-bar fa-w-16 fa-2x\"><path fill=\"currentColor\" d=\"M396.8 352h22.4c6.4 0 12.8-6.4 12.8-12.8V108.8c0-6.4-6.4-12.8-12.8-12.8h-22.4c-6.4 0-12.8 6.4-12.8 12.8v230.4c0 6.4 6.4 12.8 12.8 12.8zm-192 0h22.4c6.4 0 12.8-6.4 12.8-12.8V140.8c0-6.4-6.4-12.8-12.8-12.8h-22.4c-6.4 0-12.8 6.4-12.8 12.8v198.4c0 6.4 6.4 12.8 12.8 12.8zm96 0h22.4c6.4 0 12.8-6.4 12.8-12.8V204.8c0-6.4-6.4-12.8-12.8-12.8h-22.4c-6.4 0-12.8 6.4-12.8 12.8v134.4c0 6.4 6.4 12.8 12.8 12.8zM496 400H48V80c0-8.84-7.16-16-16-16H16C7.16 64 0 71.16 0 80v336c0 17.67 14.33 32 32 32h464c8.84 0 16-7.16 16-16v-16c0-8.84-7.16-16-16-16zm-387.2-48h22.4c6.4 0 12.8-6.4 12.8-12.8v-70.4c0-6.4-6.4-12.8-12.8-12.8h-22.4c-6.4 0-12.8 6.4-12.8 12.8v70.4c0 6.4 6.4 12.8 12.8 12.8z\" class=\"\"><\/path><\/svg><\/i> <img loading=\"lazy\" decoding=\"async\" width=\"16\" height=\"16\" alt=\"Loading\" src=\"https:\/\/temucotelevision.cl\/web\/wp-content\/plugins\/page-views-count\/ajax-loader-2x.gif\" border=0 \/><\/p><div class=\"pvc_clear\"><\/div>\n<p>La casa de estudios trae a la Regi\u00f3n de La Araucan\u00eda obras pl\u00e1sticas de arte cat\u00f3lico en una muestra abierta y gratuita para la comunidad<\/p>\n\n\n\n<p>La exposici\u00f3n consta de 5 pinturas iconogr\u00e1ficas realizadas por el arquitecto y profesor asociado de la Facultad de Teolog\u00eda de la Pontificia Universidad Cat\u00f3lica de Chile, Federico Aguirre, obras que representan a las advocaciones marianas m\u00e1s representativas del norte de nuestro pa\u00eds.<\/p>\n\n\n\n<p>En el \u201cPunto estudiantil\u201d de Duoc UC Campus Villarrica, ubicado en anfi\u00f3n Mu\u00f1oz 51, este lunes 27 de noviembre se expondr\u00e1 esta muestra desde las 10:00 a las 19:00 hrs. de manera gratuita y abierta a todo p\u00fablico.<\/p>\n\n\n\n<p>La iniciativa del proyecto es de la Direcci\u00f3n de Pastoral y Cultura Cristiana, en conjunto con Duoc UC A Puertas Abiertas. Francesca C\u00f3sero, Coordinadora de Extensi\u00f3n y Difusi\u00f3n de Duoc UC Campus Villarrica, expresa&nbsp;<em>\u201cactividades como \u00e9stas son&nbsp;<\/em><em>importantes<\/em><em>, porque al ser&nbsp;<\/em><em>instituci\u00f3n cat\u00f3lica que entrega valores \u00e9ticos y de formaci\u00f3n<\/em><em>,&nbsp;<\/em><em>nos unimos al \u00e1rea de Pastoral en el mes de Mar\u00eda para celebrar y ofrecer a la comunidad Duoc UC y las comunidades cercanas un espacio de reflexi\u00f3n y arte en torno a la iconograf\u00eda cristiana<\/em>\u201d.<\/p>\n\n\n\n<p>Esta muestra pone especial atenci\u00f3n a la religiosidad popular, y posterior al d\u00eda 27, contin\u00faa su itinerancia hacia Duoc UC, Sede Puerto Montt.<\/p>\n","protected":false},"excerpt":{"rendered":"<div class=\"pvc_clear\"><\/div>\n<p id=\"pvc_stats_46474\" class=\"pvc_stats total_only  \" data-element-id=\"46474\" style=\"\"><i class=\"pvc-stats-icon large\" aria-hidden=\"true\"><svg aria-hidden=\"true\" focusable=\"false\" data-prefix=\"far\" data-icon=\"chart-bar\" role=\"img\" xmlns=\"http:\/\/www.w3.org\/2000\/svg\" viewBox=\"0 0 512 512\" class=\"svg-inline--fa fa-chart-bar fa-w-16 fa-2x\"><path fill=\"currentColor\" d=\"M396.8 352h22.4c6.4 0 12.8-6.4 12.8-12.8V108.8c0-6.4-6.4-12.8-12.8-12.8h-22.4c-6.4 0-12.8 6.4-12.8 12.8v230.4c0 6.4 6.4 12.8 12.8 12.8zm-192 0h22.4c6.4 0 12.8-6.4 12.8-12.8V140.8c0-6.4-6.4-12.8-12.8-12.8h-22.4c-6.4 0-12.8 6.4-12.8 12.8v198.4c0 6.4 6.4 12.8 12.8 12.8zm96 0h22.4c6.4 0 12.8-6.4 12.8-12.8V204.8c0-6.4-6.4-12.8-12.8-12.8h-22.4c-6.4 0-12.8 6.4-12.8 12.8v134.4c0 6.4 6.4 12.8 12.8 12.8zM496 400H48V80c0-8.84-7.16-16-16-16H16C7.16 64 0 71.16 0 80v336c0 17.67 14.33 32 32 32h464c8.84 0 16-7.16 16-16v-16c0-8.84-7.16-16-16-16zm-387.2-48h22.4c6.4 0 12.8-6.4 12.8-12.8v-70.4c0-6.4-6.4-12.8-12.8-12.8h-22.4c-6.4 0-12.8 6.4-12.8 12.8v70.4c0 6.4 6.4 12.8 12.8 12.8z\" class=\"\"><\/path><\/svg><\/i> <img loading=\"lazy\" decoding=\"async\" width=\"16\" height=\"16\" alt=\"Loading\" src=\"https:\/\/temucotelevision.cl\/web\/wp-content\/plugins\/page-views-count\/ajax-loader-2x.gif\" border=0 \/><\/p>\n<div class=\"pvc_clear\"><\/div>\n<p>La casa de estudios trae a la Regi\u00f3n de La Araucan\u00eda obras pl\u00e1sticas de arte cat\u00f3lico en una muestra abierta<\/p>\n","protected":false},"author":1,"featured_media":46475,"comment_status":"open","ping_status":"open","sticky":false,"template":"","format":"standard","meta":{"colormag_page_container_layout":"default_layout","colormag_page_sidebar_layout":"default_layout","footnotes":""},"categories":[86],"tags":[281,1246,876],"class_list":["post-46474","post","type-post","status-publish","format-standard","has-post-thumbnail","hentry","category-panoramas","tag-arte","tag-duoc","tag-exposicion"],"a3_pvc":{"activated":true,"total_views":772,"today_views":0},"_links":{"self":[{"href":"https:\/\/temucotelevision.cl\/web\/wp-json\/wp\/v2\/posts\/46474","targetHints":{"allow":["GET"]}}],"collection":[{"href":"https:\/\/temucotelevision.cl\/web\/wp-json\/wp\/v2\/posts"}],"about":[{"href":"https:\/\/temucotelevision.cl\/web\/wp-json\/wp\/v2\/types\/post"}],"author":[{"embeddable":true,"href":"https:\/\/temucotelevision.cl\/web\/wp-json\/wp\/v2\/users\/1"}],"replies":[{"embeddable":true,"href":"https:\/\/temucotelevision.cl\/web\/wp-json\/wp\/v2\/comments?post=46474"}],"version-history":[{"count":1,"href":"https:\/\/temucotelevision.cl\/web\/wp-json\/wp\/v2\/posts\/46474\/revisions"}],"predecessor-version":[{"id":46476,"href":"https:\/\/temucotelevision.cl\/web\/wp-json\/wp\/v2\/posts\/46474\/revisions\/46476"}],"wp:featuredmedia":[{"embeddable":true,"href":"https:\/\/temucotelevision.cl\/web\/wp-json\/wp\/v2\/media\/46475"}],"wp:attachment":[{"href":"https:\/\/temucotelevision.cl\/web\/wp-json\/wp\/v2\/media?parent=46474"}],"wp:term":[{"taxonomy":"category","embeddable":true,"href":"https:\/\/temucotelevision.cl\/web\/wp-json\/wp\/v2\/categories?post=46474"},{"taxonomy":"post_tag","embeddable":true,"href":"https:\/\/temucotelevision.cl\/web\/wp-json\/wp\/v2\/tags?post=46474"}],"curies":[{"name":"wp","href":"https:\/\/api.w.org\/{rel}","templated":true}]}}