{"id":46468,"date":"2023-11-24T15:18:42","date_gmt":"2023-11-24T18:18:42","guid":{"rendered":"https:\/\/temucotelevision.cl\/web\/?p=46468"},"modified":"2023-11-24T15:19:56","modified_gmt":"2023-11-24T18:19:56","slug":"emiliano-hache-y-pckt-unen-sus-proyectos-musicales-en-el-disco-altima-90","status":"publish","type":"post","link":"https:\/\/temucotelevision.cl\/web\/2023\/11\/24\/emiliano-hache-y-pckt-unen-sus-proyectos-musicales-en-el-disco-altima-90\/","title":{"rendered":"Emiliano Hache y PCKT unen sus proyectos musicales en el disco \u201cAltima 90\u2019"},"content":{"rendered":"<div class=\"pvc_clear\"><\/div><p id=\"pvc_stats_46468\" class=\"pvc_stats total_only  \" data-element-id=\"46468\" style=\"\"><i class=\"pvc-stats-icon large\" aria-hidden=\"true\"><svg aria-hidden=\"true\" focusable=\"false\" data-prefix=\"far\" data-icon=\"chart-bar\" role=\"img\" xmlns=\"http:\/\/www.w3.org\/2000\/svg\" viewBox=\"0 0 512 512\" class=\"svg-inline--fa fa-chart-bar fa-w-16 fa-2x\"><path fill=\"currentColor\" d=\"M396.8 352h22.4c6.4 0 12.8-6.4 12.8-12.8V108.8c0-6.4-6.4-12.8-12.8-12.8h-22.4c-6.4 0-12.8 6.4-12.8 12.8v230.4c0 6.4 6.4 12.8 12.8 12.8zm-192 0h22.4c6.4 0 12.8-6.4 12.8-12.8V140.8c0-6.4-6.4-12.8-12.8-12.8h-22.4c-6.4 0-12.8 6.4-12.8 12.8v198.4c0 6.4 6.4 12.8 12.8 12.8zm96 0h22.4c6.4 0 12.8-6.4 12.8-12.8V204.8c0-6.4-6.4-12.8-12.8-12.8h-22.4c-6.4 0-12.8 6.4-12.8 12.8v134.4c0 6.4 6.4 12.8 12.8 12.8zM496 400H48V80c0-8.84-7.16-16-16-16H16C7.16 64 0 71.16 0 80v336c0 17.67 14.33 32 32 32h464c8.84 0 16-7.16 16-16v-16c0-8.84-7.16-16-16-16zm-387.2-48h22.4c6.4 0 12.8-6.4 12.8-12.8v-70.4c0-6.4-6.4-12.8-12.8-12.8h-22.4c-6.4 0-12.8 6.4-12.8 12.8v70.4c0 6.4 6.4 12.8 12.8 12.8z\" class=\"\"><\/path><\/svg><\/i> <img loading=\"lazy\" decoding=\"async\" width=\"16\" height=\"16\" alt=\"Loading\" src=\"https:\/\/temucotelevision.cl\/web\/wp-content\/plugins\/page-views-count\/ajax-loader-2x.gif\" border=0 \/><\/p><div class=\"pvc_clear\"><\/div>\n<p class=\"has-medium-font-size\"><strong>El d\u00fao de m\u00fasica urbana y R&amp;B presenta una placa con 10 nuevas canciones que vienen a refrescar la escena nacional.<\/strong><\/p>\n\n\n\n<p>En el a\u00f1o 2020, los cantantes y productores\u00a0<strong>Emiliano Holzapfel y Alonso Velasco<\/strong>, deciden juntar sus carreras solistas para comenzar una propuesta renovada, ahora como un d\u00fao llamado\u00a0<strong>Emiliano Hache y PCKT<\/strong>. Como parte de este proyecto es que nos sorprenden con el<strong>\u00a0estreno del \u00e1lbum \u201cAltima 90\u2019\u201d<\/strong>, que ya est\u00e1 disponible en las\u00a0<strong>plataformas de m\u00fasica digital.<\/strong><\/p>\n\n\n\n<p>Su nuevo disco, se compone de\u00a0<strong>10 canciones<\/strong>\u00a0que tienen influencias de la m\u00fasica\u00a0<strong>urbana\u00a0<\/strong>con elementos del\u00a0<strong>hip hop<\/strong>,\u00a0<strong>el trap<\/strong>, el\u00a0<strong>R&amp;B\u00a0<\/strong>y el\u00a0<strong>neosoul<\/strong>. En cuanto a sus letras, el material tiene un potente desarrollo conceptual que se basa en las experiencias de dos personas que viajan en un autom\u00f3vil Altima de los a\u00f1os\u00a0<strong>90\u2019<\/strong>, a trav\u00e9s de las que se acercan a diversos conflictos y espacios, reflexionando sobre temas como la salud mental, el ego, el entorno y la virtud, entre otros.<\/p>\n\n\n\n<p>Sobre esta producci\u00f3n,\u00a0<strong>Emiliano Hache<\/strong>\u00a0comenta que \u201ces un disco que viene a refrescar la escena con un sonido elegante que mezcla sonoridades del\u00a0<strong>R&amp;B y el hip hop alternativo\u201d<\/strong>.<\/p>\n\n\n\n<p>El focus track de\u00a0<strong>\u201cAltima 90\u2019<\/strong>\u201d, es<strong>\u00a0\u201cIfiunou\u201d,<\/strong>\u00a0un tema que se presenta como \u201cuna invitaci\u00f3n rom\u00e1ntica a recorrer la ciudad y escaparse de la rutina, con una variedad de melod\u00edas y armon\u00edas que prometen acariciar el o\u00eddo del oyente y entregarle una experiencia aut\u00e9ntica e inolvidable\u201d, expresa Emiliano Hache.<\/p>\n\n\n\n<p>Tanto\u00a0<strong>Emiliano Holzapfel,\u00a0<\/strong>como<strong>\u00a0Alonso Velasco<\/strong>, cuentan con una promisoria carrera art\u00edstica, en la que han destacado como cantantes y productores en el g\u00e9nero urbano, principalmente en el\u00a0<strong>rap<\/strong>\u00a0y sus derivados.<\/p>\n\n\n\n<figure class=\"wp-block-embed is-type-video is-provider-youtube wp-block-embed-youtube wp-embed-aspect-16-9 wp-has-aspect-ratio\"><div class=\"wp-block-embed__wrapper\">\n<div class=\"epyt-video-wrapper\"><iframe loading=\"lazy\"  id=\"_ytid_47101\"  width=\"800\" height=\"450\"  data-origwidth=\"800\" data-origheight=\"450\" src=\"https:\/\/www.youtube.com\/embed\/2mmYoWWFAx8?enablejsapi=1&#038;autoplay=0&#038;cc_load_policy=0&#038;cc_lang_pref=&#038;iv_load_policy=1&#038;loop=0&#038;rel=1&#038;fs=1&#038;playsinline=0&#038;autohide=2&#038;theme=dark&#038;color=red&#038;controls=1&#038;disablekb=0&#038;\" class=\"__youtube_prefs__  epyt-is-override  no-lazyload\" title=\"YouTube player\"  allow=\"fullscreen; accelerometer; autoplay; clipboard-write; encrypted-media; gyroscope; picture-in-picture; web-share\" referrerpolicy=\"strict-origin-when-cross-origin\" allowfullscreen data-no-lazy=\"1\" data-skipgform_ajax_framebjll=\"\"><\/iframe><\/div>\n<\/div><\/figure>\n","protected":false},"excerpt":{"rendered":"<div class=\"pvc_clear\"><\/div>\n<p id=\"pvc_stats_46468\" class=\"pvc_stats total_only  \" data-element-id=\"46468\" style=\"\"><i class=\"pvc-stats-icon large\" aria-hidden=\"true\"><svg aria-hidden=\"true\" focusable=\"false\" data-prefix=\"far\" data-icon=\"chart-bar\" role=\"img\" xmlns=\"http:\/\/www.w3.org\/2000\/svg\" viewBox=\"0 0 512 512\" class=\"svg-inline--fa fa-chart-bar fa-w-16 fa-2x\"><path fill=\"currentColor\" d=\"M396.8 352h22.4c6.4 0 12.8-6.4 12.8-12.8V108.8c0-6.4-6.4-12.8-12.8-12.8h-22.4c-6.4 0-12.8 6.4-12.8 12.8v230.4c0 6.4 6.4 12.8 12.8 12.8zm-192 0h22.4c6.4 0 12.8-6.4 12.8-12.8V140.8c0-6.4-6.4-12.8-12.8-12.8h-22.4c-6.4 0-12.8 6.4-12.8 12.8v198.4c0 6.4 6.4 12.8 12.8 12.8zm96 0h22.4c6.4 0 12.8-6.4 12.8-12.8V204.8c0-6.4-6.4-12.8-12.8-12.8h-22.4c-6.4 0-12.8 6.4-12.8 12.8v134.4c0 6.4 6.4 12.8 12.8 12.8zM496 400H48V80c0-8.84-7.16-16-16-16H16C7.16 64 0 71.16 0 80v336c0 17.67 14.33 32 32 32h464c8.84 0 16-7.16 16-16v-16c0-8.84-7.16-16-16-16zm-387.2-48h22.4c6.4 0 12.8-6.4 12.8-12.8v-70.4c0-6.4-6.4-12.8-12.8-12.8h-22.4c-6.4 0-12.8 6.4-12.8 12.8v70.4c0 6.4 6.4 12.8 12.8 12.8z\" class=\"\"><\/path><\/svg><\/i> <img loading=\"lazy\" decoding=\"async\" width=\"16\" height=\"16\" alt=\"Loading\" src=\"https:\/\/temucotelevision.cl\/web\/wp-content\/plugins\/page-views-count\/ajax-loader-2x.gif\" border=0 \/><\/p>\n<div class=\"pvc_clear\"><\/div>\n<p>El d\u00fao de m\u00fasica urbana y R&amp;B presenta una placa con 10 nuevas canciones que vienen a refrescar la escena<\/p>\n","protected":false},"author":143,"featured_media":46472,"comment_status":"open","ping_status":"open","sticky":false,"template":"","format":"standard","meta":{"colormag_page_container_layout":"default_layout","colormag_page_sidebar_layout":"default_layout","footnotes":""},"categories":[369],"tags":[],"class_list":["post-46468","post","type-post","status-publish","format-standard","has-post-thumbnail","hentry","category-musica"],"a3_pvc":{"activated":true,"total_views":105,"today_views":0},"_links":{"self":[{"href":"https:\/\/temucotelevision.cl\/web\/wp-json\/wp\/v2\/posts\/46468","targetHints":{"allow":["GET"]}}],"collection":[{"href":"https:\/\/temucotelevision.cl\/web\/wp-json\/wp\/v2\/posts"}],"about":[{"href":"https:\/\/temucotelevision.cl\/web\/wp-json\/wp\/v2\/types\/post"}],"author":[{"embeddable":true,"href":"https:\/\/temucotelevision.cl\/web\/wp-json\/wp\/v2\/users\/143"}],"replies":[{"embeddable":true,"href":"https:\/\/temucotelevision.cl\/web\/wp-json\/wp\/v2\/comments?post=46468"}],"version-history":[{"count":2,"href":"https:\/\/temucotelevision.cl\/web\/wp-json\/wp\/v2\/posts\/46468\/revisions"}],"predecessor-version":[{"id":46473,"href":"https:\/\/temucotelevision.cl\/web\/wp-json\/wp\/v2\/posts\/46468\/revisions\/46473"}],"wp:featuredmedia":[{"embeddable":true,"href":"https:\/\/temucotelevision.cl\/web\/wp-json\/wp\/v2\/media\/46472"}],"wp:attachment":[{"href":"https:\/\/temucotelevision.cl\/web\/wp-json\/wp\/v2\/media?parent=46468"}],"wp:term":[{"taxonomy":"category","embeddable":true,"href":"https:\/\/temucotelevision.cl\/web\/wp-json\/wp\/v2\/categories?post=46468"},{"taxonomy":"post_tag","embeddable":true,"href":"https:\/\/temucotelevision.cl\/web\/wp-json\/wp\/v2\/tags?post=46468"}],"curies":[{"name":"wp","href":"https:\/\/api.w.org\/{rel}","templated":true}]}}