{"id":46464,"date":"2023-11-24T14:52:02","date_gmt":"2023-11-24T17:52:02","guid":{"rendered":"https:\/\/temucotelevision.cl\/web\/?p=46464"},"modified":"2023-11-24T14:52:03","modified_gmt":"2023-11-24T17:52:03","slug":"clemente-sorprende-con-el-estreno-de-yo-primero","status":"publish","type":"post","link":"https:\/\/temucotelevision.cl\/web\/2023\/11\/24\/clemente-sorprende-con-el-estreno-de-yo-primero\/","title":{"rendered":"Clemente sorprende con el estreno de \u201cYo Primero\u201d"},"content":{"rendered":"<div class=\"pvc_clear\"><\/div><p id=\"pvc_stats_46464\" class=\"pvc_stats total_only  \" data-element-id=\"46464\" style=\"\"><i class=\"pvc-stats-icon large\" aria-hidden=\"true\"><svg aria-hidden=\"true\" focusable=\"false\" data-prefix=\"far\" data-icon=\"chart-bar\" role=\"img\" xmlns=\"http:\/\/www.w3.org\/2000\/svg\" viewBox=\"0 0 512 512\" class=\"svg-inline--fa fa-chart-bar fa-w-16 fa-2x\"><path fill=\"currentColor\" d=\"M396.8 352h22.4c6.4 0 12.8-6.4 12.8-12.8V108.8c0-6.4-6.4-12.8-12.8-12.8h-22.4c-6.4 0-12.8 6.4-12.8 12.8v230.4c0 6.4 6.4 12.8 12.8 12.8zm-192 0h22.4c6.4 0 12.8-6.4 12.8-12.8V140.8c0-6.4-6.4-12.8-12.8-12.8h-22.4c-6.4 0-12.8 6.4-12.8 12.8v198.4c0 6.4 6.4 12.8 12.8 12.8zm96 0h22.4c6.4 0 12.8-6.4 12.8-12.8V204.8c0-6.4-6.4-12.8-12.8-12.8h-22.4c-6.4 0-12.8 6.4-12.8 12.8v134.4c0 6.4 6.4 12.8 12.8 12.8zM496 400H48V80c0-8.84-7.16-16-16-16H16C7.16 64 0 71.16 0 80v336c0 17.67 14.33 32 32 32h464c8.84 0 16-7.16 16-16v-16c0-8.84-7.16-16-16-16zm-387.2-48h22.4c6.4 0 12.8-6.4 12.8-12.8v-70.4c0-6.4-6.4-12.8-12.8-12.8h-22.4c-6.4 0-12.8 6.4-12.8 12.8v70.4c0 6.4 6.4 12.8 12.8 12.8z\" class=\"\"><\/path><\/svg><\/i> <img loading=\"lazy\" decoding=\"async\" width=\"16\" height=\"16\" alt=\"Loading\" src=\"https:\/\/temucotelevision.cl\/web\/wp-content\/plugins\/page-views-count\/ajax-loader-2x.gif\" border=0 \/><\/p><div class=\"pvc_clear\"><\/div>\n<p class=\"has-medium-font-size\"><strong>El artista chileno vuelve a la carga con una potente canci\u00f3n de desamor.<\/strong><\/p>\n\n\n\n<p>El joven cantautor,\u00a0<strong>Clemente<\/strong>, se ha convertido en una de las nuevas voces del pop latino, con gran proyecci\u00f3n en Chile y el extranjero. Due\u00f1o de un talento y una especial sensibilidad, hoy nos presenta su nueva propuesta<strong>\u00a0\u201cYo Primero\u201d<\/strong>, canci\u00f3n que ya\u00a0<strong>est\u00e1 disponible en las plataformas de m\u00fasica digital<\/strong>.\u00a0<\/p>\n\n\n\n<p>A trav\u00e9s de sus canciones, el artista narra sus experiencias, sentimientos y sue\u00f1os, conectando especialmente con el p\u00fablico joven que disfruta de sus melod\u00edas contagiosas al ritmo del pop.\u00a0<\/p>\n\n\n\n<p>En\u00a0<strong>\u201cYo Primero\u201d<\/strong>, cuyo videoclip fue grabado en Madrid,\u00a0<strong>Clemente<\/strong>\u00a0habla sobre las veces en que entregas todo de ti para que una relaci\u00f3n funcione y para que la otra persona se sienta bien, pero adem\u00e1s plantea lo relevante que es priorizar el bienestar propio y poner l\u00edmites cuando las cosas ya no funcionan.<\/p>\n\n\n\n<p>Este single, junto a\u00a0<strong>\u201cEl Precio a Pagar\u201d<\/strong>\u00a0-estrenado en julio de este a\u00f1o- son un adelanto de lo que ser\u00e1 su<strong>\u00a0segundo disco de estudio<\/strong>.\u00a0<\/p>\n\n\n\n<p>Durante su trayectoria, el cantautor se ha presentado en\u00a0<strong>importantes escenarios<\/strong>, entre los que destacan su show en\u00a0<strong>Lollapalooza Chile 2023<\/strong>\u00a0y sus dos conciertos en solitario en el\u00a0<strong>Teatro Oriente<\/strong>, el primero de ellos\u00a0<strong>sold out<\/strong>\u00a0en menos de 24 horas.\u00a0<\/p>\n\n\n\n<p>Del mismo modo, ha\u00a0<strong>teloneado a grandes referentes del pop internacional<\/strong>, entre ellos,\u00a0<strong>Alex Ubago<\/strong>,\u00a0<strong>Taburete<\/strong>,\u00a0<strong>Luis Fonsi<\/strong>,\u00a0<strong>Morat\u00a0<\/strong>y\u00a0<strong>La Oreja de Van Gogh<\/strong>, mientras que\u00a0<strong>Antonio Jos\u00e9\u00a0<\/strong>lo invit\u00f3 a cantar una canci\u00f3n en su \u00faltimo show en Chile.\u00a0<\/p>\n\n\n\n<p>Clemente, cuenta con un \u00e1lbum de estudio llamado\u00a0<strong>\u201cVaiv\u00e9n\u201d<\/strong>, que lanz\u00f3 exitosamente en noviembre de\u00a0<strong>2022<\/strong>. De esta placa, se desprenden \u201c<strong>Pens\u00e1ndolo bien\u201d\u00a0<\/strong>y\u00a0<strong>\u201cRecuerdo\u201d<\/strong>, que fueron parte del\u00a0<strong>soundtrack de las teleseries nacionales La Ley de Baltazar\u00a0<\/strong>y<strong>\u00a0Hasta Encontrarte<\/strong>, respectivamente.\u00a0<\/p>\n\n\n\n<figure class=\"wp-block-embed is-type-video is-provider-youtube wp-block-embed-youtube wp-embed-aspect-16-9 wp-has-aspect-ratio\"><div class=\"wp-block-embed__wrapper\">\n<div class=\"epyt-video-wrapper\"><iframe loading=\"lazy\"  id=\"_ytid_37297\"  width=\"800\" height=\"450\"  data-origwidth=\"800\" data-origheight=\"450\" src=\"https:\/\/www.youtube.com\/embed\/TvSKJ1G3fGA?enablejsapi=1&#038;autoplay=0&#038;cc_load_policy=0&#038;cc_lang_pref=&#038;iv_load_policy=1&#038;loop=0&#038;rel=1&#038;fs=1&#038;playsinline=0&#038;autohide=2&#038;theme=dark&#038;color=red&#038;controls=1&#038;disablekb=0&#038;\" class=\"__youtube_prefs__  epyt-is-override  no-lazyload\" title=\"YouTube player\"  allow=\"fullscreen; accelerometer; autoplay; clipboard-write; encrypted-media; gyroscope; picture-in-picture; web-share\" referrerpolicy=\"strict-origin-when-cross-origin\" allowfullscreen data-no-lazy=\"1\" data-skipgform_ajax_framebjll=\"\"><\/iframe><\/div>\n<\/div><\/figure>\n\n\n\n<p><\/p>\n","protected":false},"excerpt":{"rendered":"<div class=\"pvc_clear\"><\/div>\n<p id=\"pvc_stats_46464\" class=\"pvc_stats total_only  \" data-element-id=\"46464\" style=\"\"><i class=\"pvc-stats-icon large\" aria-hidden=\"true\"><svg aria-hidden=\"true\" focusable=\"false\" data-prefix=\"far\" data-icon=\"chart-bar\" role=\"img\" xmlns=\"http:\/\/www.w3.org\/2000\/svg\" viewBox=\"0 0 512 512\" class=\"svg-inline--fa fa-chart-bar fa-w-16 fa-2x\"><path fill=\"currentColor\" d=\"M396.8 352h22.4c6.4 0 12.8-6.4 12.8-12.8V108.8c0-6.4-6.4-12.8-12.8-12.8h-22.4c-6.4 0-12.8 6.4-12.8 12.8v230.4c0 6.4 6.4 12.8 12.8 12.8zm-192 0h22.4c6.4 0 12.8-6.4 12.8-12.8V140.8c0-6.4-6.4-12.8-12.8-12.8h-22.4c-6.4 0-12.8 6.4-12.8 12.8v198.4c0 6.4 6.4 12.8 12.8 12.8zm96 0h22.4c6.4 0 12.8-6.4 12.8-12.8V204.8c0-6.4-6.4-12.8-12.8-12.8h-22.4c-6.4 0-12.8 6.4-12.8 12.8v134.4c0 6.4 6.4 12.8 12.8 12.8zM496 400H48V80c0-8.84-7.16-16-16-16H16C7.16 64 0 71.16 0 80v336c0 17.67 14.33 32 32 32h464c8.84 0 16-7.16 16-16v-16c0-8.84-7.16-16-16-16zm-387.2-48h22.4c6.4 0 12.8-6.4 12.8-12.8v-70.4c0-6.4-6.4-12.8-12.8-12.8h-22.4c-6.4 0-12.8 6.4-12.8 12.8v70.4c0 6.4 6.4 12.8 12.8 12.8z\" class=\"\"><\/path><\/svg><\/i> <img loading=\"lazy\" decoding=\"async\" width=\"16\" height=\"16\" alt=\"Loading\" src=\"https:\/\/temucotelevision.cl\/web\/wp-content\/plugins\/page-views-count\/ajax-loader-2x.gif\" border=0 \/><\/p>\n<div class=\"pvc_clear\"><\/div>\n<p>El artista chileno vuelve a la carga con una potente canci\u00f3n de desamor. El joven cantautor,\u00a0Clemente, se ha convertido en<\/p>\n","protected":false},"author":143,"featured_media":46465,"comment_status":"open","ping_status":"open","sticky":false,"template":"","format":"standard","meta":{"colormag_page_container_layout":"default_layout","colormag_page_sidebar_layout":"default_layout","footnotes":""},"categories":[369],"tags":[],"class_list":["post-46464","post","type-post","status-publish","format-standard","has-post-thumbnail","hentry","category-musica"],"a3_pvc":{"activated":true,"total_views":85,"today_views":0},"_links":{"self":[{"href":"https:\/\/temucotelevision.cl\/web\/wp-json\/wp\/v2\/posts\/46464","targetHints":{"allow":["GET"]}}],"collection":[{"href":"https:\/\/temucotelevision.cl\/web\/wp-json\/wp\/v2\/posts"}],"about":[{"href":"https:\/\/temucotelevision.cl\/web\/wp-json\/wp\/v2\/types\/post"}],"author":[{"embeddable":true,"href":"https:\/\/temucotelevision.cl\/web\/wp-json\/wp\/v2\/users\/143"}],"replies":[{"embeddable":true,"href":"https:\/\/temucotelevision.cl\/web\/wp-json\/wp\/v2\/comments?post=46464"}],"version-history":[{"count":2,"href":"https:\/\/temucotelevision.cl\/web\/wp-json\/wp\/v2\/posts\/46464\/revisions"}],"predecessor-version":[{"id":46467,"href":"https:\/\/temucotelevision.cl\/web\/wp-json\/wp\/v2\/posts\/46464\/revisions\/46467"}],"wp:featuredmedia":[{"embeddable":true,"href":"https:\/\/temucotelevision.cl\/web\/wp-json\/wp\/v2\/media\/46465"}],"wp:attachment":[{"href":"https:\/\/temucotelevision.cl\/web\/wp-json\/wp\/v2\/media?parent=46464"}],"wp:term":[{"taxonomy":"category","embeddable":true,"href":"https:\/\/temucotelevision.cl\/web\/wp-json\/wp\/v2\/categories?post=46464"},{"taxonomy":"post_tag","embeddable":true,"href":"https:\/\/temucotelevision.cl\/web\/wp-json\/wp\/v2\/tags?post=46464"}],"curies":[{"name":"wp","href":"https:\/\/api.w.org\/{rel}","templated":true}]}}