{"id":46460,"date":"2023-11-24T12:04:22","date_gmt":"2023-11-24T15:04:22","guid":{"rendered":"https:\/\/temucotelevision.cl\/web\/?p=46460"},"modified":"2023-11-24T12:04:22","modified_gmt":"2023-11-24T15:04:22","slug":"fanaticos-del-mundo-tuerca-se-daran-cita-este-fin-de-semana-en-el-evento-costanera-race-duoc-uc-villarrica","status":"publish","type":"post","link":"https:\/\/temucotelevision.cl\/web\/2023\/11\/24\/fanaticos-del-mundo-tuerca-se-daran-cita-este-fin-de-semana-en-el-evento-costanera-race-duoc-uc-villarrica\/","title":{"rendered":"Fan\u00e1ticos del mundo tuerca se dar\u00e1n cita este fin de semana en el evento Costanera Race Duoc UC Villarrica"},"content":{"rendered":"<div class=\"pvc_clear\"><\/div><p id=\"pvc_stats_46460\" class=\"pvc_stats total_only  \" data-element-id=\"46460\" style=\"\"><i class=\"pvc-stats-icon large\" aria-hidden=\"true\"><svg aria-hidden=\"true\" focusable=\"false\" data-prefix=\"far\" data-icon=\"chart-bar\" role=\"img\" xmlns=\"http:\/\/www.w3.org\/2000\/svg\" viewBox=\"0 0 512 512\" class=\"svg-inline--fa fa-chart-bar fa-w-16 fa-2x\"><path fill=\"currentColor\" d=\"M396.8 352h22.4c6.4 0 12.8-6.4 12.8-12.8V108.8c0-6.4-6.4-12.8-12.8-12.8h-22.4c-6.4 0-12.8 6.4-12.8 12.8v230.4c0 6.4 6.4 12.8 12.8 12.8zm-192 0h22.4c6.4 0 12.8-6.4 12.8-12.8V140.8c0-6.4-6.4-12.8-12.8-12.8h-22.4c-6.4 0-12.8 6.4-12.8 12.8v198.4c0 6.4 6.4 12.8 12.8 12.8zm96 0h22.4c6.4 0 12.8-6.4 12.8-12.8V204.8c0-6.4-6.4-12.8-12.8-12.8h-22.4c-6.4 0-12.8 6.4-12.8 12.8v134.4c0 6.4 6.4 12.8 12.8 12.8zM496 400H48V80c0-8.84-7.16-16-16-16H16C7.16 64 0 71.16 0 80v336c0 17.67 14.33 32 32 32h464c8.84 0 16-7.16 16-16v-16c0-8.84-7.16-16-16-16zm-387.2-48h22.4c6.4 0 12.8-6.4 12.8-12.8v-70.4c0-6.4-6.4-12.8-12.8-12.8h-22.4c-6.4 0-12.8 6.4-12.8 12.8v70.4c0 6.4 6.4 12.8 12.8 12.8z\" class=\"\"><\/path><\/svg><\/i> <img loading=\"lazy\" decoding=\"async\" width=\"16\" height=\"16\" alt=\"Loading\" src=\"https:\/\/temucotelevision.cl\/web\/wp-content\/plugins\/page-views-count\/ajax-loader-2x.gif\" border=0 \/><\/p><div class=\"pvc_clear\"><\/div>\n<p><em>Un gran panorama es el que presenta la Escuela de Ingenier\u00eda, Medioambiente y Recursos Naturales de la casa de estudios superior para este s\u00e1bado 25 de noviembre donde se exhibir\u00e1n m\u00e1s de 200 autos en sector costanera.<\/em><\/p>\n\n\n\n<p>Rugido de motores, dise\u00f1os exclusivos, ingenier\u00eda aplicada, autos modificados, autos cl\u00e1sicos y modernos, un tesla modelo Y, el que posee gran aceleraci\u00f3n y seguridad, construido con la m\u00e1s avanzada tecnolog\u00eda, animar\u00e1n este s\u00e1bado 25 el evento Costanera Race Villarrica 2023. El que se desarrollar\u00e1 entre las calles Aviador Acevedo y Ernesto Wagner, (costanera) desde las 09:00 hasta las 16:00 hrs. All\u00ed tambi\u00e9n se premiar\u00e1n diferentes categor\u00edas como: Muscle Car, Street, Car Detailing, Racing, Full Audio, entre otras; destacando la presencia de autos h\u00edbridos y sobre todo la pasi\u00f3n por el mundo tuerca.&nbsp;<\/p>\n\n\n\n<p>Guillermo Campos Reyes, director de Carrera de la Escuela de Ingenier\u00eda Medio Ambiente y Recursos Naturales se\u00f1ala&nbsp;<em>\u201cla idea es que este evento muestre profesionalismo y no se trate solo de una muestra, por lo que contaremos con invitados de gran nivel de diferentes lugares del pa\u00eds. Hemos trabajado mucho para entregar una actividad de la m\u00e1s alta calidad a nuestra comuna y nuestros estudiantes. Quiero manifestar que durante todo este proceso hemos contado con el incondicional apoyo de la Ilustre Municipalidad de Villarrica\u201d.<\/em><\/p>\n\n\n\n<p>Entrelas marcas que participar\u00e1n del Costanera Race Villarrica 2023 destacan: Ingezmaq, Turbo Woman, Servimotos, Derco De Car, Lubricentro Palma, Lubricento Villarrica, Alientech, Autel, V 12 Diesel, The Polish y Rectificadora de Motores HG.<\/p>\n\n\n\n<p>Waleska Morales de Turbo Woman, el primer taller mec\u00e1nico de mujeres que se abri\u00f3 en Chile indica \u201c<em>yo soy jurado del evento y se agradece la invitaci\u00f3n; espero que disfrutemos en familia porque es una actividad totalmente familiar, y adem\u00e1s totalmente gratuita, inclusive para los participantes y eso es muy destacable, as\u00ed como las empresas asociadas\u201d<\/em>. En el evento tuerca habr\u00e1 concursos, grandes premios, puntos dispensadores de agua y food trucks.<\/p>\n","protected":false},"excerpt":{"rendered":"<div class=\"pvc_clear\"><\/div>\n<p id=\"pvc_stats_46460\" class=\"pvc_stats total_only  \" data-element-id=\"46460\" style=\"\"><i class=\"pvc-stats-icon large\" aria-hidden=\"true\"><svg aria-hidden=\"true\" focusable=\"false\" data-prefix=\"far\" data-icon=\"chart-bar\" role=\"img\" xmlns=\"http:\/\/www.w3.org\/2000\/svg\" viewBox=\"0 0 512 512\" class=\"svg-inline--fa fa-chart-bar fa-w-16 fa-2x\"><path fill=\"currentColor\" d=\"M396.8 352h22.4c6.4 0 12.8-6.4 12.8-12.8V108.8c0-6.4-6.4-12.8-12.8-12.8h-22.4c-6.4 0-12.8 6.4-12.8 12.8v230.4c0 6.4 6.4 12.8 12.8 12.8zm-192 0h22.4c6.4 0 12.8-6.4 12.8-12.8V140.8c0-6.4-6.4-12.8-12.8-12.8h-22.4c-6.4 0-12.8 6.4-12.8 12.8v198.4c0 6.4 6.4 12.8 12.8 12.8zm96 0h22.4c6.4 0 12.8-6.4 12.8-12.8V204.8c0-6.4-6.4-12.8-12.8-12.8h-22.4c-6.4 0-12.8 6.4-12.8 12.8v134.4c0 6.4 6.4 12.8 12.8 12.8zM496 400H48V80c0-8.84-7.16-16-16-16H16C7.16 64 0 71.16 0 80v336c0 17.67 14.33 32 32 32h464c8.84 0 16-7.16 16-16v-16c0-8.84-7.16-16-16-16zm-387.2-48h22.4c6.4 0 12.8-6.4 12.8-12.8v-70.4c0-6.4-6.4-12.8-12.8-12.8h-22.4c-6.4 0-12.8 6.4-12.8 12.8v70.4c0 6.4 6.4 12.8 12.8 12.8z\" class=\"\"><\/path><\/svg><\/i> <img loading=\"lazy\" decoding=\"async\" width=\"16\" height=\"16\" alt=\"Loading\" src=\"https:\/\/temucotelevision.cl\/web\/wp-content\/plugins\/page-views-count\/ajax-loader-2x.gif\" border=0 \/><\/p>\n<div class=\"pvc_clear\"><\/div>\n<p>Un gran panorama es el que presenta la Escuela de Ingenier\u00eda, Medioambiente y Recursos Naturales de la casa de estudios<\/p>\n","protected":false},"author":1,"featured_media":46461,"comment_status":"open","ping_status":"open","sticky":false,"template":"","format":"standard","meta":{"colormag_page_container_layout":"default_layout","colormag_page_sidebar_layout":"default_layout","footnotes":""},"categories":[86],"tags":[6838,300,6837],"class_list":["post-46460","post","type-post","status-publish","format-standard","has-post-thumbnail","hentry","category-panoramas","tag-costanera-race","tag-evento","tag-mundo-tuerca"],"a3_pvc":{"activated":true,"total_views":1215,"today_views":0},"_links":{"self":[{"href":"https:\/\/temucotelevision.cl\/web\/wp-json\/wp\/v2\/posts\/46460","targetHints":{"allow":["GET"]}}],"collection":[{"href":"https:\/\/temucotelevision.cl\/web\/wp-json\/wp\/v2\/posts"}],"about":[{"href":"https:\/\/temucotelevision.cl\/web\/wp-json\/wp\/v2\/types\/post"}],"author":[{"embeddable":true,"href":"https:\/\/temucotelevision.cl\/web\/wp-json\/wp\/v2\/users\/1"}],"replies":[{"embeddable":true,"href":"https:\/\/temucotelevision.cl\/web\/wp-json\/wp\/v2\/comments?post=46460"}],"version-history":[{"count":1,"href":"https:\/\/temucotelevision.cl\/web\/wp-json\/wp\/v2\/posts\/46460\/revisions"}],"predecessor-version":[{"id":46462,"href":"https:\/\/temucotelevision.cl\/web\/wp-json\/wp\/v2\/posts\/46460\/revisions\/46462"}],"wp:featuredmedia":[{"embeddable":true,"href":"https:\/\/temucotelevision.cl\/web\/wp-json\/wp\/v2\/media\/46461"}],"wp:attachment":[{"href":"https:\/\/temucotelevision.cl\/web\/wp-json\/wp\/v2\/media?parent=46460"}],"wp:term":[{"taxonomy":"category","embeddable":true,"href":"https:\/\/temucotelevision.cl\/web\/wp-json\/wp\/v2\/categories?post=46460"},{"taxonomy":"post_tag","embeddable":true,"href":"https:\/\/temucotelevision.cl\/web\/wp-json\/wp\/v2\/tags?post=46460"}],"curies":[{"name":"wp","href":"https:\/\/api.w.org\/{rel}","templated":true}]}}