{"id":46454,"date":"2023-11-24T11:42:00","date_gmt":"2023-11-24T14:42:00","guid":{"rendered":"https:\/\/temucotelevision.cl\/web\/?p=46454"},"modified":"2023-11-24T11:42:01","modified_gmt":"2023-11-24T14:42:01","slug":"violencia-contra-la-mujer-la-epidemia-oculta","status":"publish","type":"post","link":"https:\/\/temucotelevision.cl\/web\/2023\/11\/24\/violencia-contra-la-mujer-la-epidemia-oculta\/","title":{"rendered":"Violencia contra la Mujer: La epidemia oculta"},"content":{"rendered":"<div class=\"pvc_clear\"><\/div><p id=\"pvc_stats_46454\" class=\"pvc_stats total_only  \" data-element-id=\"46454\" style=\"\"><i class=\"pvc-stats-icon large\" aria-hidden=\"true\"><svg aria-hidden=\"true\" focusable=\"false\" data-prefix=\"far\" data-icon=\"chart-bar\" role=\"img\" xmlns=\"http:\/\/www.w3.org\/2000\/svg\" viewBox=\"0 0 512 512\" class=\"svg-inline--fa fa-chart-bar fa-w-16 fa-2x\"><path fill=\"currentColor\" d=\"M396.8 352h22.4c6.4 0 12.8-6.4 12.8-12.8V108.8c0-6.4-6.4-12.8-12.8-12.8h-22.4c-6.4 0-12.8 6.4-12.8 12.8v230.4c0 6.4 6.4 12.8 12.8 12.8zm-192 0h22.4c6.4 0 12.8-6.4 12.8-12.8V140.8c0-6.4-6.4-12.8-12.8-12.8h-22.4c-6.4 0-12.8 6.4-12.8 12.8v198.4c0 6.4 6.4 12.8 12.8 12.8zm96 0h22.4c6.4 0 12.8-6.4 12.8-12.8V204.8c0-6.4-6.4-12.8-12.8-12.8h-22.4c-6.4 0-12.8 6.4-12.8 12.8v134.4c0 6.4 6.4 12.8 12.8 12.8zM496 400H48V80c0-8.84-7.16-16-16-16H16C7.16 64 0 71.16 0 80v336c0 17.67 14.33 32 32 32h464c8.84 0 16-7.16 16-16v-16c0-8.84-7.16-16-16-16zm-387.2-48h22.4c6.4 0 12.8-6.4 12.8-12.8v-70.4c0-6.4-6.4-12.8-12.8-12.8h-22.4c-6.4 0-12.8 6.4-12.8 12.8v70.4c0 6.4 6.4 12.8 12.8 12.8z\" class=\"\"><\/path><\/svg><\/i> <img loading=\"lazy\" decoding=\"async\" width=\"16\" height=\"16\" alt=\"Loading\" src=\"https:\/\/temucotelevision.cl\/web\/wp-content\/plugins\/page-views-count\/ajax-loader-2x.gif\" border=0 \/><\/p><div class=\"pvc_clear\"><\/div>\n<p>El 25 de noviembre es el llamado internacional por la eliminaci\u00f3n de la violencia contra la mujer. Convoca a erradicar la victimizaci\u00f3n sufrida puertas adentro por quienes hemos nacido en el lado hist\u00f3ricamente expuesto, que contrasta con los avances que ha ido alcanzando la mujer en diversos \u00e1mbitos a nivel p\u00fablico.<\/p>\n\n\n\n<p>Pese a todos los esfuerzos insistentes, la respuesta Estatal ha sido insuficiente.<\/p>\n\n\n\n<p>A junio de 2023, en Chile las mujeres contin\u00faan representando el m\u00e1s amplio porcentaje de victimas de violencia, siendo 69,751 quienes han sufrido los estragos de la violencia intrafamiliar, 8,608 quienes han sufrido delitos sexuales, 39 mujeres victimas de femicidio y 1 mujer muerta por suicidio femicida. Estos indicadores son solo aquellos de casos conocidos por las polic\u00edas. El total absoluto es desconocido y podr\u00eda indicar hasta un 20% m\u00e1s, si pudi\u00e9ramos acceder a la cifra oscura del delito (aquellos que no son denunciados).<\/p>\n\n\n\n<p>Miles de millones de pesos son distribuidos desde el Estado hacia diferentes programas que prometen eficacia al mejorar la calidad de vida de las mujeres, disminuir su victimizaci\u00f3n, proveer servicios adecuados, etc. ejecutados por entes p\u00fablicos y privados. Sin embargo, la problem\u00e1tica de la violencia hacia las mujeres y sus indubitables repercusiones, no han presentado cambios sobresalientes que justifiquen los millonarios fondos p\u00fablicos obtenidos. A\u00fan as\u00ed, &nbsp;se permite que estos programas contin\u00faen siendo realizados por las mismas entidades, sin exigir que su rendimiento refleje avances relevantes en las vidas de las mujeres que permanecen desesperanzadas en el atropello diario de sus derechos y seguridad.<\/p>\n\n\n\n<p>Frente a esto, existe un sentimiento p\u00fablico que cree que la observaci\u00f3n de estas ejecuciones es m\u00ednima y que al Estado le resulta suficiente el proporcionar los capitales, para proclamar cumplimiento con Convenciones internacionales a las que suscribe; que exigen que se establezcan medidas <em>adecuadas<\/em> para permitirnos vivir una vida libre de todas las violencias. De esta forma las mujeres violentadas son victimizadas por la instituci\u00f3n que rimbombantemente promete en sus viajes internacionales y apariciones populares, efectuar todo aquello que sea necesario, en orden de asegurar que no sean tantas las familias que deban endeudarse en tumbas precoces, ni tantos hijos asustados tratando de levantar a sus madres del suelo, ni la tanta rabia acumulada por la indolencia hist\u00f3rica del monopolio al mando de una naci\u00f3n golpeada por las abundantes promesas vac\u00edas que desalientan el voto, el sentido comunitario y el miedo omnipresente con que salen de casa todos los d\u00edas.<\/p>\n\n\n\n<p>La violencia de g\u00e9nero, como todo acto delictual, merece ser tratada como un asunto prioritario diariamente, con la frecuencia brutal con que ocurre.<\/p>\n\n\n\n<p><strong>Marcela del Sol-Hallett<\/strong><\/p>\n\n\n\n<p>Creadora Proyecto 360 Prevenci\u00f3n Criminal y Autodefensa Psicol\u00f3gica<\/p>\n\n\n\n<p><\/p>\n","protected":false},"excerpt":{"rendered":"<div class=\"pvc_clear\"><\/div>\n<p id=\"pvc_stats_46454\" class=\"pvc_stats total_only  \" data-element-id=\"46454\" style=\"\"><i class=\"pvc-stats-icon large\" aria-hidden=\"true\"><svg aria-hidden=\"true\" focusable=\"false\" data-prefix=\"far\" data-icon=\"chart-bar\" role=\"img\" xmlns=\"http:\/\/www.w3.org\/2000\/svg\" viewBox=\"0 0 512 512\" class=\"svg-inline--fa fa-chart-bar fa-w-16 fa-2x\"><path fill=\"currentColor\" d=\"M396.8 352h22.4c6.4 0 12.8-6.4 12.8-12.8V108.8c0-6.4-6.4-12.8-12.8-12.8h-22.4c-6.4 0-12.8 6.4-12.8 12.8v230.4c0 6.4 6.4 12.8 12.8 12.8zm-192 0h22.4c6.4 0 12.8-6.4 12.8-12.8V140.8c0-6.4-6.4-12.8-12.8-12.8h-22.4c-6.4 0-12.8 6.4-12.8 12.8v198.4c0 6.4 6.4 12.8 12.8 12.8zm96 0h22.4c6.4 0 12.8-6.4 12.8-12.8V204.8c0-6.4-6.4-12.8-12.8-12.8h-22.4c-6.4 0-12.8 6.4-12.8 12.8v134.4c0 6.4 6.4 12.8 12.8 12.8zM496 400H48V80c0-8.84-7.16-16-16-16H16C7.16 64 0 71.16 0 80v336c0 17.67 14.33 32 32 32h464c8.84 0 16-7.16 16-16v-16c0-8.84-7.16-16-16-16zm-387.2-48h22.4c6.4 0 12.8-6.4 12.8-12.8v-70.4c0-6.4-6.4-12.8-12.8-12.8h-22.4c-6.4 0-12.8 6.4-12.8 12.8v70.4c0 6.4 6.4 12.8 12.8 12.8z\" class=\"\"><\/path><\/svg><\/i> <img loading=\"lazy\" decoding=\"async\" width=\"16\" height=\"16\" alt=\"Loading\" src=\"https:\/\/temucotelevision.cl\/web\/wp-content\/plugins\/page-views-count\/ajax-loader-2x.gif\" border=0 \/><\/p>\n<div class=\"pvc_clear\"><\/div>\n<p>El 25 de noviembre es el llamado internacional por la eliminaci\u00f3n de la violencia contra la mujer. Convoca a erradicar<\/p>\n","protected":false},"author":1,"featured_media":46455,"comment_status":"open","ping_status":"open","sticky":false,"template":"","format":"standard","meta":{"colormag_page_container_layout":"default_layout","colormag_page_sidebar_layout":"default_layout","footnotes":""},"categories":[101],"tags":[757,1237],"class_list":["post-46454","post","type-post","status-publish","format-standard","has-post-thumbnail","hentry","category-actualidad","tag-mujer","tag-violencia"],"a3_pvc":{"activated":true,"total_views":1477,"today_views":0},"_links":{"self":[{"href":"https:\/\/temucotelevision.cl\/web\/wp-json\/wp\/v2\/posts\/46454","targetHints":{"allow":["GET"]}}],"collection":[{"href":"https:\/\/temucotelevision.cl\/web\/wp-json\/wp\/v2\/posts"}],"about":[{"href":"https:\/\/temucotelevision.cl\/web\/wp-json\/wp\/v2\/types\/post"}],"author":[{"embeddable":true,"href":"https:\/\/temucotelevision.cl\/web\/wp-json\/wp\/v2\/users\/1"}],"replies":[{"embeddable":true,"href":"https:\/\/temucotelevision.cl\/web\/wp-json\/wp\/v2\/comments?post=46454"}],"version-history":[{"count":1,"href":"https:\/\/temucotelevision.cl\/web\/wp-json\/wp\/v2\/posts\/46454\/revisions"}],"predecessor-version":[{"id":46456,"href":"https:\/\/temucotelevision.cl\/web\/wp-json\/wp\/v2\/posts\/46454\/revisions\/46456"}],"wp:featuredmedia":[{"embeddable":true,"href":"https:\/\/temucotelevision.cl\/web\/wp-json\/wp\/v2\/media\/46455"}],"wp:attachment":[{"href":"https:\/\/temucotelevision.cl\/web\/wp-json\/wp\/v2\/media?parent=46454"}],"wp:term":[{"taxonomy":"category","embeddable":true,"href":"https:\/\/temucotelevision.cl\/web\/wp-json\/wp\/v2\/categories?post=46454"},{"taxonomy":"post_tag","embeddable":true,"href":"https:\/\/temucotelevision.cl\/web\/wp-json\/wp\/v2\/tags?post=46454"}],"curies":[{"name":"wp","href":"https:\/\/api.w.org\/{rel}","templated":true}]}}