{"id":46451,"date":"2023-11-24T11:13:42","date_gmt":"2023-11-24T14:13:42","guid":{"rendered":"https:\/\/temucotelevision.cl\/web\/?p=46451"},"modified":"2023-11-24T11:13:42","modified_gmt":"2023-11-24T14:13:42","slug":"delegado-presidencial-temuco-sera-la-primera-capital-de-regiones-en-priorizar-desplazamiento-de-carros-de-bomberos-y-de-emergencia","status":"publish","type":"post","link":"https:\/\/temucotelevision.cl\/web\/2023\/11\/24\/delegado-presidencial-temuco-sera-la-primera-capital-de-regiones-en-priorizar-desplazamiento-de-carros-de-bomberos-y-de-emergencia\/","title":{"rendered":"Delegado Presidencial: &#8220;Temuco ser\u00e1 la primera capital de regiones en priorizar desplazamiento de carros de bomberos y de emergencia&#8221;"},"content":{"rendered":"<div class=\"pvc_clear\"><\/div><p id=\"pvc_stats_46451\" class=\"pvc_stats total_only  \" data-element-id=\"46451\" style=\"\"><i class=\"pvc-stats-icon large\" aria-hidden=\"true\"><svg aria-hidden=\"true\" focusable=\"false\" data-prefix=\"far\" data-icon=\"chart-bar\" role=\"img\" xmlns=\"http:\/\/www.w3.org\/2000\/svg\" viewBox=\"0 0 512 512\" class=\"svg-inline--fa fa-chart-bar fa-w-16 fa-2x\"><path fill=\"currentColor\" d=\"M396.8 352h22.4c6.4 0 12.8-6.4 12.8-12.8V108.8c0-6.4-6.4-12.8-12.8-12.8h-22.4c-6.4 0-12.8 6.4-12.8 12.8v230.4c0 6.4 6.4 12.8 12.8 12.8zm-192 0h22.4c6.4 0 12.8-6.4 12.8-12.8V140.8c0-6.4-6.4-12.8-12.8-12.8h-22.4c-6.4 0-12.8 6.4-12.8 12.8v198.4c0 6.4 6.4 12.8 12.8 12.8zm96 0h22.4c6.4 0 12.8-6.4 12.8-12.8V204.8c0-6.4-6.4-12.8-12.8-12.8h-22.4c-6.4 0-12.8 6.4-12.8 12.8v134.4c0 6.4 6.4 12.8 12.8 12.8zM496 400H48V80c0-8.84-7.16-16-16-16H16C7.16 64 0 71.16 0 80v336c0 17.67 14.33 32 32 32h464c8.84 0 16-7.16 16-16v-16c0-8.84-7.16-16-16-16zm-387.2-48h22.4c6.4 0 12.8-6.4 12.8-12.8v-70.4c0-6.4-6.4-12.8-12.8-12.8h-22.4c-6.4 0-12.8 6.4-12.8 12.8v70.4c0 6.4 6.4 12.8 12.8 12.8z\" class=\"\"><\/path><\/svg><\/i> <img loading=\"lazy\" decoding=\"async\" width=\"16\" height=\"16\" alt=\"Loading\" src=\"https:\/\/temucotelevision.cl\/web\/wp-content\/plugins\/page-views-count\/ajax-loader-2x.gif\" border=0 \/><\/p><div class=\"pvc_clear\"><\/div>\n<p>El delegado presidencial Jos\u00e9 Montalva destac\u00f3 el convenio firmado este jueves en Temuco, entre Bomberos y la Subsecretar\u00eda de Transportes que permitir\u00e1 priorizar los desplazamientos de los carros de emergencia, al entregar facilidades de \u201cluz verde\u201d en distintas rutas de la comuna, reduciendo en un 40% los tiempos de respuesta y traslados desde las estaciones de bomberos hasta el llamado de emergencia.<\/p>\n\n\n\n<p><br>La autoridad regional explic\u00f3 la importancia de la iniciativa que permitir\u00e1 salvar vidas. \u201cLos bomberos se\u00f1alan que lo agradecen y se sienten muy contentos. Pero a quienes m\u00e1s beneficia es a los ciudadanos de Temuco, Padre las Casas y diversas localidades ya que esto va a permitir que pueda tener una respuesta much\u00edsimo m\u00e1s r\u00e1pida. Estamos hablando de m\u00ednimo el 40%\u201d, dijo.<\/p>\n\n\n\n<p><br>El delegado adelant\u00f3 que buscar\u00e1 que la iniciativa pueda replicarse en otras comunas de la regi\u00f3n, que tambi\u00e9n lo necesitan como Villarrica y Angol. \u201cLa idea es que podamos seguir avanzando en una regi\u00f3n que debe tener la cultura de la prevenci\u00f3n\u201d, indic\u00f3.<\/p>\n\n\n\n<p><br>De esta manera, Temuco se transforma en la primera capital regional que va a tener este convenio, que va a permitir reducir los tiempos de respuestas para veh\u00edculos de emergencias, donde tambi\u00e9n se ver\u00e1n beneficiados otro tipo de carros de emergencia que permitan salvar la vida de personas.<\/p>\n","protected":false},"excerpt":{"rendered":"<div class=\"pvc_clear\"><\/div>\n<p id=\"pvc_stats_46451\" class=\"pvc_stats total_only  \" data-element-id=\"46451\" style=\"\"><i class=\"pvc-stats-icon large\" aria-hidden=\"true\"><svg aria-hidden=\"true\" focusable=\"false\" data-prefix=\"far\" data-icon=\"chart-bar\" role=\"img\" xmlns=\"http:\/\/www.w3.org\/2000\/svg\" viewBox=\"0 0 512 512\" class=\"svg-inline--fa fa-chart-bar fa-w-16 fa-2x\"><path fill=\"currentColor\" d=\"M396.8 352h22.4c6.4 0 12.8-6.4 12.8-12.8V108.8c0-6.4-6.4-12.8-12.8-12.8h-22.4c-6.4 0-12.8 6.4-12.8 12.8v230.4c0 6.4 6.4 12.8 12.8 12.8zm-192 0h22.4c6.4 0 12.8-6.4 12.8-12.8V140.8c0-6.4-6.4-12.8-12.8-12.8h-22.4c-6.4 0-12.8 6.4-12.8 12.8v198.4c0 6.4 6.4 12.8 12.8 12.8zm96 0h22.4c6.4 0 12.8-6.4 12.8-12.8V204.8c0-6.4-6.4-12.8-12.8-12.8h-22.4c-6.4 0-12.8 6.4-12.8 12.8v134.4c0 6.4 6.4 12.8 12.8 12.8zM496 400H48V80c0-8.84-7.16-16-16-16H16C7.16 64 0 71.16 0 80v336c0 17.67 14.33 32 32 32h464c8.84 0 16-7.16 16-16v-16c0-8.84-7.16-16-16-16zm-387.2-48h22.4c6.4 0 12.8-6.4 12.8-12.8v-70.4c0-6.4-6.4-12.8-12.8-12.8h-22.4c-6.4 0-12.8 6.4-12.8 12.8v70.4c0 6.4 6.4 12.8 12.8 12.8z\" class=\"\"><\/path><\/svg><\/i> <img loading=\"lazy\" decoding=\"async\" width=\"16\" height=\"16\" alt=\"Loading\" src=\"https:\/\/temucotelevision.cl\/web\/wp-content\/plugins\/page-views-count\/ajax-loader-2x.gif\" border=0 \/><\/p>\n<div class=\"pvc_clear\"><\/div>\n<p>El delegado presidencial Jos\u00e9 Montalva destac\u00f3 el convenio firmado este jueves en Temuco, entre Bomberos y la Subsecretar\u00eda de Transportes<\/p>\n","protected":false},"author":1,"featured_media":46452,"comment_status":"open","ping_status":"open","sticky":false,"template":"","format":"standard","meta":{"colormag_page_container_layout":"default_layout","colormag_page_sidebar_layout":"default_layout","footnotes":""},"categories":[15],"tags":[1678,3258,941],"class_list":["post-46451","post","type-post","status-publish","format-standard","has-post-thumbnail","hentry","category-la-araucania","tag-carros","tag-delegado","tag-transportes"],"a3_pvc":{"activated":true,"total_views":3082,"today_views":0},"_links":{"self":[{"href":"https:\/\/temucotelevision.cl\/web\/wp-json\/wp\/v2\/posts\/46451","targetHints":{"allow":["GET"]}}],"collection":[{"href":"https:\/\/temucotelevision.cl\/web\/wp-json\/wp\/v2\/posts"}],"about":[{"href":"https:\/\/temucotelevision.cl\/web\/wp-json\/wp\/v2\/types\/post"}],"author":[{"embeddable":true,"href":"https:\/\/temucotelevision.cl\/web\/wp-json\/wp\/v2\/users\/1"}],"replies":[{"embeddable":true,"href":"https:\/\/temucotelevision.cl\/web\/wp-json\/wp\/v2\/comments?post=46451"}],"version-history":[{"count":1,"href":"https:\/\/temucotelevision.cl\/web\/wp-json\/wp\/v2\/posts\/46451\/revisions"}],"predecessor-version":[{"id":46453,"href":"https:\/\/temucotelevision.cl\/web\/wp-json\/wp\/v2\/posts\/46451\/revisions\/46453"}],"wp:featuredmedia":[{"embeddable":true,"href":"https:\/\/temucotelevision.cl\/web\/wp-json\/wp\/v2\/media\/46452"}],"wp:attachment":[{"href":"https:\/\/temucotelevision.cl\/web\/wp-json\/wp\/v2\/media?parent=46451"}],"wp:term":[{"taxonomy":"category","embeddable":true,"href":"https:\/\/temucotelevision.cl\/web\/wp-json\/wp\/v2\/categories?post=46451"},{"taxonomy":"post_tag","embeddable":true,"href":"https:\/\/temucotelevision.cl\/web\/wp-json\/wp\/v2\/tags?post=46451"}],"curies":[{"name":"wp","href":"https:\/\/api.w.org\/{rel}","templated":true}]}}