{"id":46443,"date":"2023-11-23T17:54:44","date_gmt":"2023-11-23T20:54:44","guid":{"rendered":"https:\/\/temucotelevision.cl\/web\/?p=46443"},"modified":"2023-11-23T17:54:45","modified_gmt":"2023-11-23T20:54:45","slug":"pdi-temuco-detuvo-a-hombre-acusado-de-violacion-contra-un-nino-lo-conocio-a-traves-de-red-social","status":"publish","type":"post","link":"https:\/\/temucotelevision.cl\/web\/2023\/11\/23\/pdi-temuco-detuvo-a-hombre-acusado-de-violacion-contra-un-nino-lo-conocio-a-traves-de-red-social\/","title":{"rendered":"PDI Temuco detuvo a hombre acusado de violaci\u00f3n contra un ni\u00f1o: lo conoci\u00f3 a trav\u00e9s de red social"},"content":{"rendered":"<div class=\"pvc_clear\"><\/div><p id=\"pvc_stats_46443\" class=\"pvc_stats total_only  \" data-element-id=\"46443\" style=\"\"><i class=\"pvc-stats-icon large\" aria-hidden=\"true\"><svg aria-hidden=\"true\" focusable=\"false\" data-prefix=\"far\" data-icon=\"chart-bar\" role=\"img\" xmlns=\"http:\/\/www.w3.org\/2000\/svg\" viewBox=\"0 0 512 512\" class=\"svg-inline--fa fa-chart-bar fa-w-16 fa-2x\"><path fill=\"currentColor\" d=\"M396.8 352h22.4c6.4 0 12.8-6.4 12.8-12.8V108.8c0-6.4-6.4-12.8-12.8-12.8h-22.4c-6.4 0-12.8 6.4-12.8 12.8v230.4c0 6.4 6.4 12.8 12.8 12.8zm-192 0h22.4c6.4 0 12.8-6.4 12.8-12.8V140.8c0-6.4-6.4-12.8-12.8-12.8h-22.4c-6.4 0-12.8 6.4-12.8 12.8v198.4c0 6.4 6.4 12.8 12.8 12.8zm96 0h22.4c6.4 0 12.8-6.4 12.8-12.8V204.8c0-6.4-6.4-12.8-12.8-12.8h-22.4c-6.4 0-12.8 6.4-12.8 12.8v134.4c0 6.4 6.4 12.8 12.8 12.8zM496 400H48V80c0-8.84-7.16-16-16-16H16C7.16 64 0 71.16 0 80v336c0 17.67 14.33 32 32 32h464c8.84 0 16-7.16 16-16v-16c0-8.84-7.16-16-16-16zm-387.2-48h22.4c6.4 0 12.8-6.4 12.8-12.8v-70.4c0-6.4-6.4-12.8-12.8-12.8h-22.4c-6.4 0-12.8 6.4-12.8 12.8v70.4c0 6.4 6.4 12.8 12.8 12.8z\" class=\"\"><\/path><\/svg><\/i> <img loading=\"lazy\" decoding=\"async\" width=\"16\" height=\"16\" alt=\"Loading\" src=\"https:\/\/temucotelevision.cl\/web\/wp-content\/plugins\/page-views-count\/ajax-loader-2x.gif\" border=0 \/><\/p><div class=\"pvc_clear\"><\/div>\n<p>En un r\u00e1pido actuar, detectives de la Brigada Investigadora de Delitos Sexuales (Brisex) Temuco, detuvieron a un hombre de 35 a\u00f1os \u2013sin antecedentes policiales previos- por el delito de violaci\u00f3n de menor de 14 a\u00f1os, cometido contra un ni\u00f1o, de 12 a\u00f1os, a quien conoci\u00f3 a trav\u00e9s de una red social.<\/p>\n\n\n\n<p>El subprefecto Rodrigo Opazo, jefe de la Brisex Temuco indic\u00f3 que el d\u00eda martes -21 de noviembre- recibieron una denuncia, por parte de un familiar del menor de edad, quien adem\u00e1s presenta una condici\u00f3n del espectro autista, donde se\u00f1alaba que \u201cel ni\u00f1o, hab\u00eda conocido, a trav\u00e9s de una aplicaci\u00f3n, a un sujeto adulto, no identificado, con quien se reuni\u00f3 despu\u00e9s de varios d\u00edas de contacto por redes sociales\u201d.<\/p>\n\n\n\n<p>El encuentro se habr\u00eda producido en la v\u00eda p\u00fablica y posteriormente, el imputado traslad\u00f3 al ni\u00f1o hasta su domicilio, donde lo habr\u00eda obligado a mantener relaciones sexuales, lo que fue develado por la v\u00edctima a su grupo familiar.<\/p>\n\n\n\n<p>\u201cCon esta denuncia, y en coordinaci\u00f3n con el Ministerio P\u00fablico, los detectives realizaron las diligencias r\u00e1pidamente, logrando, a trav\u00e9s de la evidencia que facilit\u00f3 la familia, identificar al presunto autor, a trav\u00e9s de acciones comparativas de rostro, versus las fotograf\u00edas aportadas, y en ese sentido, con la identificaci\u00f3n del sujeto, los detectives se abocaron a dar con el domicilio de \u00e9ste, efectuando vigilancias y dando con el veh\u00edculo en el que se movilizaba, y con estos antecedentes ya corroborados, el Ministerio P\u00fablico, a petici\u00f3n de los detectives, solicit\u00f3 una orden de detenci\u00f3n en contra del sujeto\u201d agreg\u00f3 el jefe de la Brisex Temuco.<\/p>\n\n\n\n<p>Cabe se\u00f1alar, que, tras la entrada y registro al domicilio del imputado, adem\u00e1s de su detenci\u00f3n, se logr\u00f3 levantar evidencia criminal\u00edstica, as\u00ed como tel\u00e9fonos celulares y un arma a fogueo que ser\u00e1n periciados por el Laboratorio de Criminal\u00edstica Regional Zona Sur Temuco.<\/p>\n\n\n\n<p>El hombre fue puesto a disposici\u00f3n del Juzgado de Garant\u00eda de Temuco para el respectivo control de detenci\u00f3n y formalizaci\u00f3n de cargos, donde se decret\u00f3 la medida cautelar de prisi\u00f3n preventiva mientras dure la investigaci\u00f3n.<\/p>\n","protected":false},"excerpt":{"rendered":"<div class=\"pvc_clear\"><\/div>\n<p id=\"pvc_stats_46443\" class=\"pvc_stats total_only  \" data-element-id=\"46443\" style=\"\"><i class=\"pvc-stats-icon large\" aria-hidden=\"true\"><svg aria-hidden=\"true\" focusable=\"false\" data-prefix=\"far\" data-icon=\"chart-bar\" role=\"img\" xmlns=\"http:\/\/www.w3.org\/2000\/svg\" viewBox=\"0 0 512 512\" class=\"svg-inline--fa fa-chart-bar fa-w-16 fa-2x\"><path fill=\"currentColor\" d=\"M396.8 352h22.4c6.4 0 12.8-6.4 12.8-12.8V108.8c0-6.4-6.4-12.8-12.8-12.8h-22.4c-6.4 0-12.8 6.4-12.8 12.8v230.4c0 6.4 6.4 12.8 12.8 12.8zm-192 0h22.4c6.4 0 12.8-6.4 12.8-12.8V140.8c0-6.4-6.4-12.8-12.8-12.8h-22.4c-6.4 0-12.8 6.4-12.8 12.8v198.4c0 6.4 6.4 12.8 12.8 12.8zm96 0h22.4c6.4 0 12.8-6.4 12.8-12.8V204.8c0-6.4-6.4-12.8-12.8-12.8h-22.4c-6.4 0-12.8 6.4-12.8 12.8v134.4c0 6.4 6.4 12.8 12.8 12.8zM496 400H48V80c0-8.84-7.16-16-16-16H16C7.16 64 0 71.16 0 80v336c0 17.67 14.33 32 32 32h464c8.84 0 16-7.16 16-16v-16c0-8.84-7.16-16-16-16zm-387.2-48h22.4c6.4 0 12.8-6.4 12.8-12.8v-70.4c0-6.4-6.4-12.8-12.8-12.8h-22.4c-6.4 0-12.8 6.4-12.8 12.8v70.4c0 6.4 6.4 12.8 12.8 12.8z\" class=\"\"><\/path><\/svg><\/i> <img loading=\"lazy\" decoding=\"async\" width=\"16\" height=\"16\" alt=\"Loading\" src=\"https:\/\/temucotelevision.cl\/web\/wp-content\/plugins\/page-views-count\/ajax-loader-2x.gif\" border=0 \/><\/p>\n<div class=\"pvc_clear\"><\/div>\n<p>En un r\u00e1pido actuar, detectives de la Brigada Investigadora de Delitos Sexuales (Brisex) Temuco, detuvieron a un hombre de 35<\/p>\n","protected":false},"author":1,"featured_media":37700,"comment_status":"open","ping_status":"open","sticky":false,"template":"","format":"standard","meta":{"colormag_page_container_layout":"default_layout","colormag_page_sidebar_layout":"default_layout","footnotes":""},"categories":[16],"tags":[79,188,1232,1108,76,6836,189],"class_list":["post-46443","post","type-post","status-publish","format-standard","has-post-thumbnail","hentry","category-policial","tag-detenido","tag-hombre","tag-menor","tag-nino","tag-pdi","tag-red-social","tag-violacion"],"a3_pvc":{"activated":true,"total_views":2351,"today_views":0},"_links":{"self":[{"href":"https:\/\/temucotelevision.cl\/web\/wp-json\/wp\/v2\/posts\/46443","targetHints":{"allow":["GET"]}}],"collection":[{"href":"https:\/\/temucotelevision.cl\/web\/wp-json\/wp\/v2\/posts"}],"about":[{"href":"https:\/\/temucotelevision.cl\/web\/wp-json\/wp\/v2\/types\/post"}],"author":[{"embeddable":true,"href":"https:\/\/temucotelevision.cl\/web\/wp-json\/wp\/v2\/users\/1"}],"replies":[{"embeddable":true,"href":"https:\/\/temucotelevision.cl\/web\/wp-json\/wp\/v2\/comments?post=46443"}],"version-history":[{"count":1,"href":"https:\/\/temucotelevision.cl\/web\/wp-json\/wp\/v2\/posts\/46443\/revisions"}],"predecessor-version":[{"id":46444,"href":"https:\/\/temucotelevision.cl\/web\/wp-json\/wp\/v2\/posts\/46443\/revisions\/46444"}],"wp:featuredmedia":[{"embeddable":true,"href":"https:\/\/temucotelevision.cl\/web\/wp-json\/wp\/v2\/media\/37700"}],"wp:attachment":[{"href":"https:\/\/temucotelevision.cl\/web\/wp-json\/wp\/v2\/media?parent=46443"}],"wp:term":[{"taxonomy":"category","embeddable":true,"href":"https:\/\/temucotelevision.cl\/web\/wp-json\/wp\/v2\/categories?post=46443"},{"taxonomy":"post_tag","embeddable":true,"href":"https:\/\/temucotelevision.cl\/web\/wp-json\/wp\/v2\/tags?post=46443"}],"curies":[{"name":"wp","href":"https:\/\/api.w.org\/{rel}","templated":true}]}}