{"id":46440,"date":"2023-11-23T17:12:59","date_gmt":"2023-11-23T20:12:59","guid":{"rendered":"https:\/\/temucotelevision.cl\/web\/?p=46440"},"modified":"2023-11-23T17:13:35","modified_gmt":"2023-11-23T20:13:35","slug":"pdi-incauto-armas-que-se-encontraban-enterradas-en-un-predio-de-victoria","status":"publish","type":"post","link":"https:\/\/temucotelevision.cl\/web\/2023\/11\/23\/pdi-incauto-armas-que-se-encontraban-enterradas-en-un-predio-de-victoria\/","title":{"rendered":"PDI incaut\u00f3 armas que se encontraban enterradas en un predio de Victoria"},"content":{"rendered":"<div class=\"pvc_clear\"><\/div><p id=\"pvc_stats_46440\" class=\"pvc_stats total_only  \" data-element-id=\"46440\" style=\"\"><i class=\"pvc-stats-icon large\" aria-hidden=\"true\"><svg aria-hidden=\"true\" focusable=\"false\" data-prefix=\"far\" data-icon=\"chart-bar\" role=\"img\" xmlns=\"http:\/\/www.w3.org\/2000\/svg\" viewBox=\"0 0 512 512\" class=\"svg-inline--fa fa-chart-bar fa-w-16 fa-2x\"><path fill=\"currentColor\" d=\"M396.8 352h22.4c6.4 0 12.8-6.4 12.8-12.8V108.8c0-6.4-6.4-12.8-12.8-12.8h-22.4c-6.4 0-12.8 6.4-12.8 12.8v230.4c0 6.4 6.4 12.8 12.8 12.8zm-192 0h22.4c6.4 0 12.8-6.4 12.8-12.8V140.8c0-6.4-6.4-12.8-12.8-12.8h-22.4c-6.4 0-12.8 6.4-12.8 12.8v198.4c0 6.4 6.4 12.8 12.8 12.8zm96 0h22.4c6.4 0 12.8-6.4 12.8-12.8V204.8c0-6.4-6.4-12.8-12.8-12.8h-22.4c-6.4 0-12.8 6.4-12.8 12.8v134.4c0 6.4 6.4 12.8 12.8 12.8zM496 400H48V80c0-8.84-7.16-16-16-16H16C7.16 64 0 71.16 0 80v336c0 17.67 14.33 32 32 32h464c8.84 0 16-7.16 16-16v-16c0-8.84-7.16-16-16-16zm-387.2-48h22.4c6.4 0 12.8-6.4 12.8-12.8v-70.4c0-6.4-6.4-12.8-12.8-12.8h-22.4c-6.4 0-12.8 6.4-12.8 12.8v70.4c0 6.4 6.4 12.8 12.8 12.8z\" class=\"\"><\/path><\/svg><\/i> <img loading=\"lazy\" decoding=\"async\" width=\"16\" height=\"16\" alt=\"Loading\" src=\"https:\/\/temucotelevision.cl\/web\/wp-content\/plugins\/page-views-count\/ajax-loader-2x.gif\" border=0 \/><\/p><div class=\"pvc_clear\"><\/div>\n<p>Detectives de la Brigada&nbsp;de Investigaci\u00f3n Criminal (Bicrim) Victoria,&nbsp;incautaron cuatro armas que se encontraban ocultas bajo tierra en una propiedad privada de la misma comuna. En el lugar no hubo personas detenidas.<\/p>\n\n\n\n<p>&nbsp;<\/p>\n\n\n\n<p>El&nbsp;subprefecto&nbsp;Mauricio S\u00e1nchez,&nbsp;jefe de la Bicrim Victoria,&nbsp;indic\u00f3&nbsp;que&nbsp;el fiscal&nbsp;Enrique&nbsp;<a><\/a>V\u00e1squez, de la Fiscal\u00eda local,&nbsp;instruy\u00f3 a detectives de esa unidad,&nbsp;trasladarse a un predio agr\u00edcola emplazado en&nbsp;el sector norte de la comuna, con el objetivo de corroborar la existencia de armas de fuego ocultas en el lugar.<\/p>\n\n\n\n<p>&nbsp;<\/p>\n\n\n\n<p>\u201cEn&nbsp;virtud de lo anterior, oficiales de esta unidad, previo an\u00e1lisis de la informaci\u00f3n aportada, contactaron a una de las propietarias del predio, solicitando la autorizaci\u00f3n para entrada y registro del inmueble, donde encontraron, enterradas, una escopeta hechiza, dos cartuchos calibre 12 sin percutir y tres pistolas con sus respectivos cargadores, aparentemente de fantas\u00eda, pero posiblemente aptas para el disparo\u201d, precis\u00f3 el subprefecto S\u00e1nchez.<\/p>\n\n\n\n<p>&nbsp;<\/p>\n\n\n\n<p>Con dichos antecedentes, el fiscal de la causa&nbsp;solicit\u00f3 que las armas fueran enviadas al Laboratorio de Criminal\u00edstica Regional Zona Sur Temuco para ser&nbsp;periciadas. En paralelo, la Bicrim Victoria contin\u00faa realizando diligencias para determinar si \u00e9stas armas se encuentran vinculadas a investigaciones vigentes por la comisi\u00f3n de diversos delitos en la jurisdicci\u00f3n.<\/p>\n\n\n\n<p> <\/p>\n","protected":false},"excerpt":{"rendered":"<div class=\"pvc_clear\"><\/div>\n<p id=\"pvc_stats_46440\" class=\"pvc_stats total_only  \" data-element-id=\"46440\" style=\"\"><i class=\"pvc-stats-icon large\" aria-hidden=\"true\"><svg aria-hidden=\"true\" focusable=\"false\" data-prefix=\"far\" data-icon=\"chart-bar\" role=\"img\" xmlns=\"http:\/\/www.w3.org\/2000\/svg\" viewBox=\"0 0 512 512\" class=\"svg-inline--fa fa-chart-bar fa-w-16 fa-2x\"><path fill=\"currentColor\" d=\"M396.8 352h22.4c6.4 0 12.8-6.4 12.8-12.8V108.8c0-6.4-6.4-12.8-12.8-12.8h-22.4c-6.4 0-12.8 6.4-12.8 12.8v230.4c0 6.4 6.4 12.8 12.8 12.8zm-192 0h22.4c6.4 0 12.8-6.4 12.8-12.8V140.8c0-6.4-6.4-12.8-12.8-12.8h-22.4c-6.4 0-12.8 6.4-12.8 12.8v198.4c0 6.4 6.4 12.8 12.8 12.8zm96 0h22.4c6.4 0 12.8-6.4 12.8-12.8V204.8c0-6.4-6.4-12.8-12.8-12.8h-22.4c-6.4 0-12.8 6.4-12.8 12.8v134.4c0 6.4 6.4 12.8 12.8 12.8zM496 400H48V80c0-8.84-7.16-16-16-16H16C7.16 64 0 71.16 0 80v336c0 17.67 14.33 32 32 32h464c8.84 0 16-7.16 16-16v-16c0-8.84-7.16-16-16-16zm-387.2-48h22.4c6.4 0 12.8-6.4 12.8-12.8v-70.4c0-6.4-6.4-12.8-12.8-12.8h-22.4c-6.4 0-12.8 6.4-12.8 12.8v70.4c0 6.4 6.4 12.8 12.8 12.8z\" class=\"\"><\/path><\/svg><\/i> <img loading=\"lazy\" decoding=\"async\" width=\"16\" height=\"16\" alt=\"Loading\" src=\"https:\/\/temucotelevision.cl\/web\/wp-content\/plugins\/page-views-count\/ajax-loader-2x.gif\" border=0 \/><\/p>\n<div class=\"pvc_clear\"><\/div>\n<p>Detectives de la Brigada&nbsp;de Investigaci\u00f3n Criminal (Bicrim) Victoria,&nbsp;incautaron cuatro armas que se encontraban ocultas bajo tierra en una propiedad privada<\/p>\n","protected":false},"author":1,"featured_media":46439,"comment_status":"open","ping_status":"open","sticky":false,"template":"","format":"standard","meta":{"colormag_page_container_layout":"default_layout","colormag_page_sidebar_layout":"default_layout","footnotes":""},"categories":[16],"tags":[],"class_list":["post-46440","post","type-post","status-publish","format-standard","has-post-thumbnail","hentry","category-policial"],"a3_pvc":{"activated":true,"total_views":2210,"today_views":0},"_links":{"self":[{"href":"https:\/\/temucotelevision.cl\/web\/wp-json\/wp\/v2\/posts\/46440","targetHints":{"allow":["GET"]}}],"collection":[{"href":"https:\/\/temucotelevision.cl\/web\/wp-json\/wp\/v2\/posts"}],"about":[{"href":"https:\/\/temucotelevision.cl\/web\/wp-json\/wp\/v2\/types\/post"}],"author":[{"embeddable":true,"href":"https:\/\/temucotelevision.cl\/web\/wp-json\/wp\/v2\/users\/1"}],"replies":[{"embeddable":true,"href":"https:\/\/temucotelevision.cl\/web\/wp-json\/wp\/v2\/comments?post=46440"}],"version-history":[{"count":1,"href":"https:\/\/temucotelevision.cl\/web\/wp-json\/wp\/v2\/posts\/46440\/revisions"}],"predecessor-version":[{"id":46441,"href":"https:\/\/temucotelevision.cl\/web\/wp-json\/wp\/v2\/posts\/46440\/revisions\/46441"}],"wp:featuredmedia":[{"embeddable":true,"href":"https:\/\/temucotelevision.cl\/web\/wp-json\/wp\/v2\/media\/46439"}],"wp:attachment":[{"href":"https:\/\/temucotelevision.cl\/web\/wp-json\/wp\/v2\/media?parent=46440"}],"wp:term":[{"taxonomy":"category","embeddable":true,"href":"https:\/\/temucotelevision.cl\/web\/wp-json\/wp\/v2\/categories?post=46440"},{"taxonomy":"post_tag","embeddable":true,"href":"https:\/\/temucotelevision.cl\/web\/wp-json\/wp\/v2\/tags?post=46440"}],"curies":[{"name":"wp","href":"https:\/\/api.w.org\/{rel}","templated":true}]}}