{"id":46433,"date":"2023-11-23T17:51:29","date_gmt":"2023-11-23T20:51:29","guid":{"rendered":"https:\/\/temucotelevision.cl\/web\/?p=46433"},"modified":"2023-11-23T17:51:29","modified_gmt":"2023-11-23T20:51:29","slug":"multigremial-de-la-araucania-pedimos-la-promulgacion-de-la-ley-de-usurpaciones-ya","status":"publish","type":"post","link":"https:\/\/temucotelevision.cl\/web\/2023\/11\/23\/multigremial-de-la-araucania-pedimos-la-promulgacion-de-la-ley-de-usurpaciones-ya\/","title":{"rendered":"Multigremial de La Araucan\u00eda: Pedimos la promulgaci\u00f3n de la Ley de Usurpaciones Ya"},"content":{"rendered":"<div class=\"pvc_clear\"><\/div><p id=\"pvc_stats_46433\" class=\"pvc_stats total_only  \" data-element-id=\"46433\" style=\"\"><i class=\"pvc-stats-icon large\" aria-hidden=\"true\"><svg aria-hidden=\"true\" focusable=\"false\" data-prefix=\"far\" data-icon=\"chart-bar\" role=\"img\" xmlns=\"http:\/\/www.w3.org\/2000\/svg\" viewBox=\"0 0 512 512\" class=\"svg-inline--fa fa-chart-bar fa-w-16 fa-2x\"><path fill=\"currentColor\" d=\"M396.8 352h22.4c6.4 0 12.8-6.4 12.8-12.8V108.8c0-6.4-6.4-12.8-12.8-12.8h-22.4c-6.4 0-12.8 6.4-12.8 12.8v230.4c0 6.4 6.4 12.8 12.8 12.8zm-192 0h22.4c6.4 0 12.8-6.4 12.8-12.8V140.8c0-6.4-6.4-12.8-12.8-12.8h-22.4c-6.4 0-12.8 6.4-12.8 12.8v198.4c0 6.4 6.4 12.8 12.8 12.8zm96 0h22.4c6.4 0 12.8-6.4 12.8-12.8V204.8c0-6.4-6.4-12.8-12.8-12.8h-22.4c-6.4 0-12.8 6.4-12.8 12.8v134.4c0 6.4 6.4 12.8 12.8 12.8zM496 400H48V80c0-8.84-7.16-16-16-16H16C7.16 64 0 71.16 0 80v336c0 17.67 14.33 32 32 32h464c8.84 0 16-7.16 16-16v-16c0-8.84-7.16-16-16-16zm-387.2-48h22.4c6.4 0 12.8-6.4 12.8-12.8v-70.4c0-6.4-6.4-12.8-12.8-12.8h-22.4c-6.4 0-12.8 6.4-12.8 12.8v70.4c0 6.4 6.4 12.8 12.8 12.8z\" class=\"\"><\/path><\/svg><\/i> <img loading=\"lazy\" decoding=\"async\" width=\"16\" height=\"16\" alt=\"Loading\" src=\"https:\/\/temucotelevision.cl\/web\/wp-content\/plugins\/page-views-count\/ajax-loader-2x.gif\" border=0 \/><\/p><div class=\"pvc_clear\"><\/div>\n<ol class=\"wp-block-list\" type=\"1\" start=\"1\">\n<li>Pedimos al Gobierno de Chile que promulgue sin demora la ley de usurpaciones ya aprobada por el Congreso Nacional. La seguridad y la propiedad de los habitantes de La Araucan\u00eda no pueden esperar.<\/li>\n<\/ol>\n\n\n\n<p>Aunque somos cr\u00edticos de c\u00f3mo el gobierno debilit\u00f3 esta ley con el veto presidencial, establece normas importantes para combatir este crimen y que afecta a tantas familias inocentes.<\/p>\n\n\n\n<p>Esta demora en la promulgaci\u00f3n est\u00e1 generando un peligroso vac\u00edo legal que pone en riesgo la seguridad y la propiedad de los habitantes de La Araucan\u00eda.<\/p>\n\n\n\n<ol class=\"wp-block-list\" type=\"1\" start=\"2\">\n<li>Como Multigremial de La Araucan\u00eda hemos informado que se producen 150 usurpaciones al a\u00f1o, y apenas el 1% de los casos resulta en condenas.<\/li>\n<\/ol>\n\n\n\n<p>Este escenario de impunidad ha llevado a que muchas v\u00edctimas esperen a\u00f1os para recuperar sus tierras, y en muchos casos, los usurpadores regresan horas despu\u00e9s de ser desalojados. La promulgaci\u00f3n de la ley de usurpaciones es esencial para poner fin a esta situaci\u00f3n.<\/p>\n\n\n\n<ol class=\"wp-block-list\" type=\"1\" start=\"3\">\n<li>Nos encontramos en una temporada cr\u00edtica, con la cosecha y el verano en puertas. La demora en su promulgaci\u00f3n solo da m\u00e1s tiempo a grupos y organizaciones para organizarse en contra de esta nueva legislaci\u00f3n, lo que pone en riesgo la seguridad de nuestra regi\u00f3n.<\/li>\n<\/ol>\n\n\n\n<p>Por otro lado, la reciente sentencia contra Ernesto Llaitul y otros miembros de la CAM, junto con otros casos judiciales pendientes, podr\u00edan aumentar la violencia en la Macrozona Sur.<\/p>\n\n\n\n<ol class=\"wp-block-list\" type=\"1\" start=\"4\">\n<li>Hacemos un llamado al Presidente Gabriel Boric a actuar con celeridad y promulgar la ley de usurpaciones. La seguridad de los habitantes de La Araucan\u00eda no puede esperar m\u00e1s. No podemos permitir que la impunidad y la inseguridad contin\u00faen prevaleciendo en nuestra regi\u00f3n. El tiempo apremia.<\/li>\n<\/ol>\n","protected":false},"excerpt":{"rendered":"<div class=\"pvc_clear\"><\/div>\n<p id=\"pvc_stats_46433\" class=\"pvc_stats total_only  \" data-element-id=\"46433\" style=\"\"><i class=\"pvc-stats-icon large\" aria-hidden=\"true\"><svg aria-hidden=\"true\" focusable=\"false\" data-prefix=\"far\" data-icon=\"chart-bar\" role=\"img\" xmlns=\"http:\/\/www.w3.org\/2000\/svg\" viewBox=\"0 0 512 512\" class=\"svg-inline--fa fa-chart-bar fa-w-16 fa-2x\"><path fill=\"currentColor\" d=\"M396.8 352h22.4c6.4 0 12.8-6.4 12.8-12.8V108.8c0-6.4-6.4-12.8-12.8-12.8h-22.4c-6.4 0-12.8 6.4-12.8 12.8v230.4c0 6.4 6.4 12.8 12.8 12.8zm-192 0h22.4c6.4 0 12.8-6.4 12.8-12.8V140.8c0-6.4-6.4-12.8-12.8-12.8h-22.4c-6.4 0-12.8 6.4-12.8 12.8v198.4c0 6.4 6.4 12.8 12.8 12.8zm96 0h22.4c6.4 0 12.8-6.4 12.8-12.8V204.8c0-6.4-6.4-12.8-12.8-12.8h-22.4c-6.4 0-12.8 6.4-12.8 12.8v134.4c0 6.4 6.4 12.8 12.8 12.8zM496 400H48V80c0-8.84-7.16-16-16-16H16C7.16 64 0 71.16 0 80v336c0 17.67 14.33 32 32 32h464c8.84 0 16-7.16 16-16v-16c0-8.84-7.16-16-16-16zm-387.2-48h22.4c6.4 0 12.8-6.4 12.8-12.8v-70.4c0-6.4-6.4-12.8-12.8-12.8h-22.4c-6.4 0-12.8 6.4-12.8 12.8v70.4c0 6.4 6.4 12.8 12.8 12.8z\" class=\"\"><\/path><\/svg><\/i> <img loading=\"lazy\" decoding=\"async\" width=\"16\" height=\"16\" alt=\"Loading\" src=\"https:\/\/temucotelevision.cl\/web\/wp-content\/plugins\/page-views-count\/ajax-loader-2x.gif\" border=0 \/><\/p>\n<div class=\"pvc_clear\"><\/div>\n<p>Aunque somos cr\u00edticos de c\u00f3mo el gobierno debilit\u00f3 esta ley con el veto presidencial, establece normas importantes para combatir este<\/p>\n","protected":false},"author":1,"featured_media":43778,"comment_status":"open","ping_status":"open","sticky":false,"template":"","format":"standard","meta":{"colormag_page_container_layout":"default_layout","colormag_page_sidebar_layout":"default_layout","footnotes":""},"categories":[84,14],"tags":[506,1728,3745],"class_list":["post-46433","post","type-post","status-publish","format-standard","has-post-thumbnail","hentry","category-politica","category-temuco","tag-ley","tag-multigremial","tag-usurpaciones"],"a3_pvc":{"activated":true,"total_views":1984,"today_views":0},"_links":{"self":[{"href":"https:\/\/temucotelevision.cl\/web\/wp-json\/wp\/v2\/posts\/46433","targetHints":{"allow":["GET"]}}],"collection":[{"href":"https:\/\/temucotelevision.cl\/web\/wp-json\/wp\/v2\/posts"}],"about":[{"href":"https:\/\/temucotelevision.cl\/web\/wp-json\/wp\/v2\/types\/post"}],"author":[{"embeddable":true,"href":"https:\/\/temucotelevision.cl\/web\/wp-json\/wp\/v2\/users\/1"}],"replies":[{"embeddable":true,"href":"https:\/\/temucotelevision.cl\/web\/wp-json\/wp\/v2\/comments?post=46433"}],"version-history":[{"count":1,"href":"https:\/\/temucotelevision.cl\/web\/wp-json\/wp\/v2\/posts\/46433\/revisions"}],"predecessor-version":[{"id":46442,"href":"https:\/\/temucotelevision.cl\/web\/wp-json\/wp\/v2\/posts\/46433\/revisions\/46442"}],"wp:featuredmedia":[{"embeddable":true,"href":"https:\/\/temucotelevision.cl\/web\/wp-json\/wp\/v2\/media\/43778"}],"wp:attachment":[{"href":"https:\/\/temucotelevision.cl\/web\/wp-json\/wp\/v2\/media?parent=46433"}],"wp:term":[{"taxonomy":"category","embeddable":true,"href":"https:\/\/temucotelevision.cl\/web\/wp-json\/wp\/v2\/categories?post=46433"},{"taxonomy":"post_tag","embeddable":true,"href":"https:\/\/temucotelevision.cl\/web\/wp-json\/wp\/v2\/tags?post=46433"}],"curies":[{"name":"wp","href":"https:\/\/api.w.org\/{rel}","templated":true}]}}