{"id":46429,"date":"2023-11-23T11:00:31","date_gmt":"2023-11-23T14:00:31","guid":{"rendered":"https:\/\/temucotelevision.cl\/web\/?p=46429"},"modified":"2023-11-23T11:00:32","modified_gmt":"2023-11-23T14:00:32","slug":"gore-y-uct-entregan-propuesta-de-gobernanza-de-mesas-comunales-de-pesca-recreativa-para-la-cuenca-del-rio-tolten","status":"publish","type":"post","link":"https:\/\/temucotelevision.cl\/web\/2023\/11\/23\/gore-y-uct-entregan-propuesta-de-gobernanza-de-mesas-comunales-de-pesca-recreativa-para-la-cuenca-del-rio-tolten\/","title":{"rendered":"GORE y UCT entregan propuesta de gobernanza de mesas comunales de pesca recreativa para la cuenca del r\u00edo Tolt\u00e9n"},"content":{"rendered":"<div class=\"pvc_clear\"><\/div><p id=\"pvc_stats_46429\" class=\"pvc_stats total_only  \" data-element-id=\"46429\" style=\"\"><i class=\"pvc-stats-icon large\" aria-hidden=\"true\"><svg aria-hidden=\"true\" focusable=\"false\" data-prefix=\"far\" data-icon=\"chart-bar\" role=\"img\" xmlns=\"http:\/\/www.w3.org\/2000\/svg\" viewBox=\"0 0 512 512\" class=\"svg-inline--fa fa-chart-bar fa-w-16 fa-2x\"><path fill=\"currentColor\" d=\"M396.8 352h22.4c6.4 0 12.8-6.4 12.8-12.8V108.8c0-6.4-6.4-12.8-12.8-12.8h-22.4c-6.4 0-12.8 6.4-12.8 12.8v230.4c0 6.4 6.4 12.8 12.8 12.8zm-192 0h22.4c6.4 0 12.8-6.4 12.8-12.8V140.8c0-6.4-6.4-12.8-12.8-12.8h-22.4c-6.4 0-12.8 6.4-12.8 12.8v198.4c0 6.4 6.4 12.8 12.8 12.8zm96 0h22.4c6.4 0 12.8-6.4 12.8-12.8V204.8c0-6.4-6.4-12.8-12.8-12.8h-22.4c-6.4 0-12.8 6.4-12.8 12.8v134.4c0 6.4 6.4 12.8 12.8 12.8zM496 400H48V80c0-8.84-7.16-16-16-16H16C7.16 64 0 71.16 0 80v336c0 17.67 14.33 32 32 32h464c8.84 0 16-7.16 16-16v-16c0-8.84-7.16-16-16-16zm-387.2-48h22.4c6.4 0 12.8-6.4 12.8-12.8v-70.4c0-6.4-6.4-12.8-12.8-12.8h-22.4c-6.4 0-12.8 6.4-12.8 12.8v70.4c0 6.4 6.4 12.8 12.8 12.8z\" class=\"\"><\/path><\/svg><\/i> <img loading=\"lazy\" decoding=\"async\" width=\"16\" height=\"16\" alt=\"Loading\" src=\"https:\/\/temucotelevision.cl\/web\/wp-content\/plugins\/page-views-count\/ajax-loader-2x.gif\" border=0 \/><\/p><div class=\"pvc_clear\"><\/div>\n<p><em>La instancia pretende ser un espacio de di\u00e1logo y gesti\u00f3n entre las organizaciones de pesca recreativa de cada comuna y Municipio, teniendo como objetivo fortalecer la pesca recreativa como una actividad de relevancia comunal en sinton\u00eda con el desarrollo econ\u00f3mico local, ambiental y sociocultural del territorio.<\/em><\/p>\n\n\n\n<p>En el marco del programa de \u201cReactivaci\u00f3n Econ\u00f3mica de la Pesca por Medio de Difusi\u00f3n Tecnol\u00f3gica\u201d en el r\u00edo Tolt\u00e9n, financiado por el Gobierno Regional y ejecutado por la Universidad Cat\u00f3lica de Temuco, se realiz\u00f3 en dependencias del Municipio de Pitrufqu\u00e9n, la presentaci\u00f3n y entrega del dise\u00f1o de propuesta de una \u201cGobernanza de la Pesca Recreativa de la Cuenca del R\u00edo Tolt\u00e9n\u201d, que propicia la creaci\u00f3n de una \u201cMesa Comunal de Pesca Recreativa\u201d en las comunas de Pitrufqu\u00e9n, Villarrica y Puc\u00f3n. Esto, con miras a que esta instancia se consolide en todas las comunas que forman parte del r\u00edo Tolt\u00e9n, dando forma a la Mesa de Pesca Recreativa de la Cuenca del R\u00edo Tolt\u00e9n.<\/p>\n\n\n\n<p>La actividad fue encabezada por la Alcaldesa de Pitrufqu\u00e9n, Jacqueline Romero, el Consejero Regional (CORE), Alejandro Astete, el Decano de la Facultad de Recursos Naturales de la Universidad Cat\u00f3lica de Temuco, Miguel Escalona, y representantes de las diferentes agrupaciones de gu\u00edas de pesca de la comuna de Pitrufqu\u00e9n<\/p>\n\n\n\n<p>Esta Gobernanza de Mesas Comunales pretende ser, en cada comuna de la cuenca del Tolt\u00e9n, una instancia de di\u00e1logo y gesti\u00f3n entre las organizaciones de pesca recreativa de cada comuna y Municipio, teniendo como objetivo fortalecer la pesca recreativa como una actividad de relevancia comunal en sinton\u00eda con el desarrollo econ\u00f3mico local, ambiental y sociocultural del territorio.<\/p>\n\n\n\n<p>Cabe destacar que este programa de reactivaci\u00f3n econ\u00f3mica de la pesca en el r\u00edo Tolt\u00e9n, ha permitido a 120 gu\u00edas de pesca adquirir habilidades de primeros auxilios y conocimientos para ofrecer experiencias tur\u00edsticas de pesca recreativa. Adem\u00e1s de asesor\u00edas t\u00e9cnicas y recursos avaluados en 3 millones de pesos para fortalecer sus emprendimientos, en este programa que comenz\u00f3 en 2021.<\/p>\n\n\n\n<p>La Alcaldesa Jacqueline Romero, sostuvo que \u201ceste fue un trabajo muy bien hecho por la Universidad Cat\u00f3lica y todos los actores. La idea es poder seguir trabajando en un segundo proyecto. Porque es primera vez que a los gu\u00edas de pesca de nuestra cuenca se les entreguen recursos, para la compra de materiales que utilizan en el desarrollo de la pesca recreativa y capacitaciones. Y lo m\u00e1s importante, para uno como Municipalidad, el tema de la Gobernanza que tambi\u00e9n se termin\u00f3. Y, obviamente, hay un trabajo que debemos hacer en conjunto, un trabajo que debemos hacer como cuenca\u201d.<\/p>\n\n\n\n<p>En ese sentido, la Edil complement\u00f3 que \u201cPitrufqu\u00e9n es una de las comunas que m\u00e1s gu\u00edas de pesca tiene. Entonces, ya es hora de poder juntar a todos nuestros gu\u00edas y poder trabajar en conjunto con nuestros boteros, porque es necesario para poder seguir levantando y protegiendo la pesca recreativa en la cuenca del r\u00edo Tolt\u00e9n\u201d.<\/p>\n\n\n\n<p>Por su parte, Miguel Escalona, Decano de la Facultad de Recursos Naturales de la UCT, indic\u00f3 que \u201cestos dos a\u00f1os de trabajo, nos permiti\u00f3 generar un diagn\u00f3stico con diversa informaci\u00f3n, que va a estar disponible para los municipios, y tambi\u00e9n implementar un proceso de Gobernanza, que es in\u00e9dito en Chile, porque busca fortalecer el rubro desde la articulaci\u00f3n de las comunas. La propuesta&nbsp; que hemos planteado de Gobernanza busca que cada comuna que forma parte de la cuenca pueda generar una Mesa de Pesca Recreativa; donde se articule el Municipio, los gu\u00edas y el \u00e1mbito p\u00fablico, para desde all\u00ed hacer llegar las distintas necesidades a las instituciones regionales. Creemos que esa es la base para generar un proceso adecuado de articulaci\u00f3n territorial, para gestionar este rubro que es relevante para la regi\u00f3n\u201d.<\/p>\n\n\n\n<p>En tanto, el Consejero Regional, Leonardo Astete, dijo que estas mesas de Gobernanzas Comunales de Pesca Recreativa ser\u00e1n una instancia a trav\u00e9s de las cuales los gu\u00edas de pesca puedan articular sus necesidades. \u201cPor ejemplo, proponer como mesa de trabajo que se fiscalice de mejor forma el r\u00edo. Que ellos tengan como poder denunciar. Que tengan el apoyo de la Municipalidad, en esta actividad que tambi\u00e9n tiene cosas negativas, por ejemplo la pesca furtiva; tema que esta mesa tambi\u00e9n puede tratar. Y podemos incluso llevar estas necesidades al Congreso, para que desde ah\u00ed como una ley proteger el r\u00edo y la actividad\u201d.<\/p>\n\n\n\n<p>Tambi\u00e9n, Javier R\u00edos, dirigente gremial de la pesca recreativa en el r\u00edo Tolt\u00e9n, manifest\u00f3 que \u201cesta Gobernanza deja la puerta abierta a muchos desaf\u00edos. Como reunir la pesca recreativa en un solo ente que ser\u00eda a nivel comunal y regional, que nos ayudar\u00eda a la fiscalizaci\u00f3n y mantener el recurso pesca recreativa por mucho tiempo m\u00e1s\u201d.<\/p>\n\n\n\n<p>Esta iniciativa del Gobierno Regional y la Universidad Cat\u00f3lica de Temuco ha contado con un amplio respaldo por parte de la Municipalidad de Pitrufqu\u00e9n, a trav\u00e9s de su Alcaldesa Jacqueline Romero, Concejales y Programa de Turismo. Debido a que va en beneficio del fomento de la pesca recreativa y turismo local.<\/p>\n","protected":false},"excerpt":{"rendered":"<div class=\"pvc_clear\"><\/div>\n<p id=\"pvc_stats_46429\" class=\"pvc_stats total_only  \" data-element-id=\"46429\" style=\"\"><i class=\"pvc-stats-icon large\" aria-hidden=\"true\"><svg aria-hidden=\"true\" focusable=\"false\" data-prefix=\"far\" data-icon=\"chart-bar\" role=\"img\" xmlns=\"http:\/\/www.w3.org\/2000\/svg\" viewBox=\"0 0 512 512\" class=\"svg-inline--fa fa-chart-bar fa-w-16 fa-2x\"><path fill=\"currentColor\" d=\"M396.8 352h22.4c6.4 0 12.8-6.4 12.8-12.8V108.8c0-6.4-6.4-12.8-12.8-12.8h-22.4c-6.4 0-12.8 6.4-12.8 12.8v230.4c0 6.4 6.4 12.8 12.8 12.8zm-192 0h22.4c6.4 0 12.8-6.4 12.8-12.8V140.8c0-6.4-6.4-12.8-12.8-12.8h-22.4c-6.4 0-12.8 6.4-12.8 12.8v198.4c0 6.4 6.4 12.8 12.8 12.8zm96 0h22.4c6.4 0 12.8-6.4 12.8-12.8V204.8c0-6.4-6.4-12.8-12.8-12.8h-22.4c-6.4 0-12.8 6.4-12.8 12.8v134.4c0 6.4 6.4 12.8 12.8 12.8zM496 400H48V80c0-8.84-7.16-16-16-16H16C7.16 64 0 71.16 0 80v336c0 17.67 14.33 32 32 32h464c8.84 0 16-7.16 16-16v-16c0-8.84-7.16-16-16-16zm-387.2-48h22.4c6.4 0 12.8-6.4 12.8-12.8v-70.4c0-6.4-6.4-12.8-12.8-12.8h-22.4c-6.4 0-12.8 6.4-12.8 12.8v70.4c0 6.4 6.4 12.8 12.8 12.8z\" class=\"\"><\/path><\/svg><\/i> <img loading=\"lazy\" decoding=\"async\" width=\"16\" height=\"16\" alt=\"Loading\" src=\"https:\/\/temucotelevision.cl\/web\/wp-content\/plugins\/page-views-count\/ajax-loader-2x.gif\" border=0 \/><\/p>\n<div class=\"pvc_clear\"><\/div>\n<p>La instancia pretende ser un espacio de di\u00e1logo y gesti\u00f3n entre las organizaciones de pesca recreativa de cada comuna y<\/p>\n","protected":false},"author":1,"featured_media":46430,"comment_status":"open","ping_status":"open","sticky":false,"template":"","format":"standard","meta":{"colormag_page_container_layout":"default_layout","colormag_page_sidebar_layout":"default_layout","footnotes":""},"categories":[15],"tags":[6503,2575,368,215,1508],"class_list":["post-46429","post","type-post","status-publish","format-standard","has-post-thumbnail","hentry","category-la-araucania","tag-gore","tag-propuesta","tag-rio","tag-tolten","tag-uct"],"a3_pvc":{"activated":true,"total_views":1088,"today_views":0},"_links":{"self":[{"href":"https:\/\/temucotelevision.cl\/web\/wp-json\/wp\/v2\/posts\/46429","targetHints":{"allow":["GET"]}}],"collection":[{"href":"https:\/\/temucotelevision.cl\/web\/wp-json\/wp\/v2\/posts"}],"about":[{"href":"https:\/\/temucotelevision.cl\/web\/wp-json\/wp\/v2\/types\/post"}],"author":[{"embeddable":true,"href":"https:\/\/temucotelevision.cl\/web\/wp-json\/wp\/v2\/users\/1"}],"replies":[{"embeddable":true,"href":"https:\/\/temucotelevision.cl\/web\/wp-json\/wp\/v2\/comments?post=46429"}],"version-history":[{"count":1,"href":"https:\/\/temucotelevision.cl\/web\/wp-json\/wp\/v2\/posts\/46429\/revisions"}],"predecessor-version":[{"id":46431,"href":"https:\/\/temucotelevision.cl\/web\/wp-json\/wp\/v2\/posts\/46429\/revisions\/46431"}],"wp:featuredmedia":[{"embeddable":true,"href":"https:\/\/temucotelevision.cl\/web\/wp-json\/wp\/v2\/media\/46430"}],"wp:attachment":[{"href":"https:\/\/temucotelevision.cl\/web\/wp-json\/wp\/v2\/media?parent=46429"}],"wp:term":[{"taxonomy":"category","embeddable":true,"href":"https:\/\/temucotelevision.cl\/web\/wp-json\/wp\/v2\/categories?post=46429"},{"taxonomy":"post_tag","embeddable":true,"href":"https:\/\/temucotelevision.cl\/web\/wp-json\/wp\/v2\/tags?post=46429"}],"curies":[{"name":"wp","href":"https:\/\/api.w.org\/{rel}","templated":true}]}}