{"id":46424,"date":"2023-11-22T14:15:10","date_gmt":"2023-11-22T17:15:10","guid":{"rendered":"https:\/\/temucotelevision.cl\/web\/?p=46424"},"modified":"2023-11-22T14:15:11","modified_gmt":"2023-11-22T17:15:11","slug":"la-artista-chilena-maria-compas-estrena-videoclip-de-su-sencillo-kinesfera","status":"publish","type":"post","link":"https:\/\/temucotelevision.cl\/web\/2023\/11\/22\/la-artista-chilena-maria-compas-estrena-videoclip-de-su-sencillo-kinesfera\/","title":{"rendered":"La artista chilena Mar\u00eda Comp\u00e1s\u00a0estrena videoclip de su sencillo &#8220;Kinesfera&#8221;"},"content":{"rendered":"<div class=\"pvc_clear\"><\/div><p id=\"pvc_stats_46424\" class=\"pvc_stats total_only  \" data-element-id=\"46424\" style=\"\"><i class=\"pvc-stats-icon large\" aria-hidden=\"true\"><svg aria-hidden=\"true\" focusable=\"false\" data-prefix=\"far\" data-icon=\"chart-bar\" role=\"img\" xmlns=\"http:\/\/www.w3.org\/2000\/svg\" viewBox=\"0 0 512 512\" class=\"svg-inline--fa fa-chart-bar fa-w-16 fa-2x\"><path fill=\"currentColor\" d=\"M396.8 352h22.4c6.4 0 12.8-6.4 12.8-12.8V108.8c0-6.4-6.4-12.8-12.8-12.8h-22.4c-6.4 0-12.8 6.4-12.8 12.8v230.4c0 6.4 6.4 12.8 12.8 12.8zm-192 0h22.4c6.4 0 12.8-6.4 12.8-12.8V140.8c0-6.4-6.4-12.8-12.8-12.8h-22.4c-6.4 0-12.8 6.4-12.8 12.8v198.4c0 6.4 6.4 12.8 12.8 12.8zm96 0h22.4c6.4 0 12.8-6.4 12.8-12.8V204.8c0-6.4-6.4-12.8-12.8-12.8h-22.4c-6.4 0-12.8 6.4-12.8 12.8v134.4c0 6.4 6.4 12.8 12.8 12.8zM496 400H48V80c0-8.84-7.16-16-16-16H16C7.16 64 0 71.16 0 80v336c0 17.67 14.33 32 32 32h464c8.84 0 16-7.16 16-16v-16c0-8.84-7.16-16-16-16zm-387.2-48h22.4c6.4 0 12.8-6.4 12.8-12.8v-70.4c0-6.4-6.4-12.8-12.8-12.8h-22.4c-6.4 0-12.8 6.4-12.8 12.8v70.4c0 6.4 6.4 12.8 12.8 12.8z\" class=\"\"><\/path><\/svg><\/i> <img loading=\"lazy\" decoding=\"async\" width=\"16\" height=\"16\" alt=\"Loading\" src=\"https:\/\/temucotelevision.cl\/web\/wp-content\/plugins\/page-views-count\/ajax-loader-2x.gif\" border=0 \/><\/p><div class=\"pvc_clear\"><\/div>\n<p class=\"has-medium-font-size\"><strong>La multifac\u00e9tica artista estrena su m\u00e1s reciente producci\u00f3n audiovisual, en la que combina ritmos modernos, en una forma de volver al cuerpo para sonar, bailar para cantar y cantar para bailar, con letras po\u00e9ticas y\u00a0sonoridades profundas.<\/strong><\/p>\n\n\n\n<p><strong>Mar\u00eda Comp\u00e1s,\u00a0<\/strong>escritora, compositora y cantante nacional,\u00a0quien destaca por fusionar el indie-rap alternativo en sus canciones, presenta el videoclip de \u201c<strong>Kinesfera\u201d<\/strong>, primer sencillo del \u00e1lbum titulado con el\u00a0mismo nombre. Junto con el lanzamiento de este trabajo audiovisual, la artista celebra un exitoso paso por el\u00a0<strong>Festival Internacional de Unirock alternativo FIURA,\u00a0<\/strong>el que tuvo lugar los d\u00edas<strong>\u00a012 y 13<\/strong>\u00a0de octubre en la ciudad de\u00a0<strong>Cali (Colombia),<\/strong>\u00a0siendo en este, elogiada por la prensa y el p\u00fablico asistente.<\/p>\n\n\n\n<p>El videoclip de\u00a0<strong>\u201cKinesfera\u201d<\/strong>, estrenado el 5 de octubre pasado, hace alusi\u00f3n a un cuerpo alterado, quebrado por la intromisi\u00f3n social, en el que<strong>\u00a0Mar\u00eda Comp\u00e1s\u00a0<\/strong>se resiste a la interacci\u00f3n con seres andr\u00f3ginos que le insisten en incorporarse a un baile colectivo.<\/p>\n\n\n\n<p><strong>\u201cKinesfera\u201d\u00a0<\/strong>es una met\u00e1fora del espacio \u00edntimo, de un espacio personal inscrito dentro de una esfera social de la que no se puede huir jam\u00e1s, es una burbuja imaginaria, un mundo hipot\u00e9tico, un cuerpo interior siempre en movimiento, un cuerpo que cuestiona los estereotipos del marketing musical, un cuerpo que en su danza recupera su dulce monstruosidad.\u00a0<\/p>\n\n\n\n<p><strong>\u201cMi b\u00fasqueda musical y sonora est\u00e1 siempre en proceso, mont\u00e1ndose y desmont\u00e1dose a s\u00ed misma, quebrando sus espacios de confort, generando fisuras para permitir que emerjan nuevas direcciones, nuevas posibilidades, nuevos ruidos, nuevos hallazgos y desv\u00edos\u201d,<\/strong>\u00a0explica la artista.<\/p>\n\n\n\n<p>El videoclip fue grabado en las laderas del r\u00edo\u00a0<strong>Caut\u00edn, Temuco\/Wallmapu<\/strong>, territorio que actualmente habita la cantautora. La producci\u00f3n audiovisual estuvo a cargo de\u00a0<strong>Erick Kellinghusen<\/strong>\u00a0y cont\u00f3 con la participaci\u00f3n de\u00a0<strong>Insistencia Colectiva,\u00a0<\/strong>grupo transdisciplinar de artistas y creadores de las artes vivas de la\u00a0<strong>Regi\u00f3n de la Araucan\u00eda\/Wallmapu;<\/strong>\u00a0integrado por\u00a0<strong>B\u00e1rbara Gajardo, Jorge Volpi, Esteban Canales, Alex Sanzana, Loreto Garc\u00eda, Julia Bravo, Javiera Guarda<\/strong>. El trabajo de dicha colectiva, tiene\u00a0el fin de llevar a cabo procesos de exploraci\u00f3n corporal, investigaci\u00f3n art\u00edstica para la composici\u00f3n, creaci\u00f3n y producci\u00f3n de\u00a0<strong>\u201coperaciones\u201d,<\/strong>\u00a0que se configuran como hitos que demarcan una obra siempre en proceso:<strong>\u00a0\u201cTras-plantadxs\u201d.<\/strong><br>\u00a0<\/p>\n\n\n\n<p>Actualmente prepara el lanzamiento de su segundo \u00e1lbum titulado\u00a0<strong>&#8220;Kinesfera\u201d<\/strong>, el que ser\u00e1 liberado el pr\u00f3ximo\u00a0<strong>15 de diciembre.\u00a0<\/strong>Esta vez se trata de un\u00a0<strong>Ep de rap electro-experimental,<\/strong>\u00a0en el que confluye<strong>\u00a0el rap con la electropop experimental y la poes\u00eda sonora.<\/strong>\u00a0Esta nueva obra, cont\u00f3 con la co-creaci\u00f3n de la misma artista junto a\u00a0<strong>Anth\u00ef (compositore y productore),<\/strong>\u00a0qui\u00e9n adem\u00e1s, estuvo a cargo de la producci\u00f3n general del primer\u00a0\u00e1lbum de estudio, obra que ver\u00e1 la luz con 7 tracks, remarcando\u00a0<strong>sonoridades modernas, con melod\u00edas y ritmos bailables<\/strong>, prometiendo cautivar a sus<strong>\u00a0<\/strong>seguidores.<\/p>\n\n\n\n<p>Por otro lado,\u00a0<strong>Mar\u00eda Comp\u00e1s<\/strong>\u00a0particip\u00f3 durante los\u00a0<strong>d\u00edas 12 y 13 de octubre,\u00a0<\/strong>en la versi\u00f3n\u00a0<strong>n\u00ba15 del Festival Internacional de Unirock alternativo FIURA en la ciudad de Cali (Colombia),<\/strong>\u00a0transform\u00e1ndose en una experiencia muy significativa en su ruta musical, en la que se enfrent\u00f3 a gratos desaf\u00edos interactuando con un p\u00fablico distinto al que suele\u00a0frecuentar, el que se mostr\u00f3 muy receptivo a las letras de sus canciones y al desarrollo de la presentaci\u00f3n.\u00a0<\/p>\n\n\n\n<p>Era la \u00fanica propuesta solista de la programaci\u00f3n y eso se volv\u00eda desafiante en un ambiente integrado por bandas potentes.\u00a0<strong>\u201cNo era tarea f\u00e1cil llenar el escenario con un s\u00f3lo cuerpo en acci\u00f3n, pero felizmente se logr\u00f3 y lo disfrut\u00e9 mucho. Espero con ansias volver en un corto plazo a las vibrantes tierras colombianas\u201d,<\/strong>\u00a0sentencia la artista.<\/p>\n\n\n\n<p><strong>Sobre Mar\u00eda Comp\u00e1s:\u00a0<\/strong><\/p>\n\n\n\n<p><strong>Mar\u00eda Comp\u00e1s<\/strong>&nbsp;es un proyecto solista, localizado actualmente en el sur de Chile, que oscila entre el i<strong>ndie-rap y el rap alternativo<\/strong>&nbsp;de contenido cr\u00edtico y reflexivo. La artista&nbsp;tambi\u00e9n ejerce el oficio de la&nbsp;<strong>escritura po\u00e9tica<\/strong>&nbsp;contando con la publicaci\u00f3n de algunos libros y varios reconocimientos literarios a nivel&nbsp;<strong>nacional e internacional<\/strong>. Recientemente lanz\u00f3 el libro de poes\u00eda \u201c<strong>Terps\u00edcore\u201d (editorial Pez Espiral)<\/strong>, poemario que ha recibido diversos reconocimientos literarios y del cual la autora\/compositora recoge fragmentos po\u00e9ticos que son parte de su m\u00e1s reciente single&nbsp;<strong>\u201cKinesfera\u201d.<\/strong><\/p>\n\n\n\n<p><strong>El 2019<\/strong>&nbsp;lanza su primer single<strong>&nbsp;&#8220;Vendaval&#8221;&nbsp;<\/strong>y su primer<strong>&nbsp;Ep de rap instrumental &#8220;Contrafinal&#8221;.&nbsp;<\/strong><\/p>\n\n\n\n<p><strong>El 2022 Mar\u00eda\u00a0Comp\u00e1s<\/strong>\u00a0fue ganadora de\u00a0<strong>Escuelas de Rock<\/strong>\u00a0en representaci\u00f3n de\u00a0<strong>La Araucan\u00eda,<\/strong>\u00a0lo que la llev\u00f3 a participar en el\u00a0<strong>Festival Nacional Rock\u00f3dromo de Valpara\u00edso 2022<\/strong>, participaci\u00f3n que la ha llevado a la \u201c<strong>15va versi\u00f3n del Festival Internacional Unirock Alternativo (FIURA) 2023\u201d (Colombia, octubre 2023)<\/strong>, en representaci\u00f3n de\u00a0<strong>Escuelas de Rock.\u00a0<\/strong><\/p>\n\n\n\n<p><strong>Escucha \u2018Kinesfera<\/strong>\u2019<strong>\u00a0enEscucha \u2018Kinesfera<\/strong>\u2019<strong>\u00a0en\u00a0<a rel=\"noreferrer noopener\" href=\"https:\/\/dualcommunity.us5.list-manage.com\/track\/click?u=79a86e888635868c7967a8ae8&amp;id=5c33f4f3bc&amp;e=70f0e16daa\" target=\"_blank\">Spotify<\/a><\/strong><\/p>\n\n\n\n<figure class=\"wp-block-embed is-type-video is-provider-youtube wp-block-embed-youtube wp-embed-aspect-16-9 wp-has-aspect-ratio\"><div class=\"wp-block-embed__wrapper\">\n<div class=\"epyt-video-wrapper\"><iframe loading=\"lazy\"  id=\"_ytid_75458\"  width=\"800\" height=\"450\"  data-origwidth=\"800\" data-origheight=\"450\" src=\"https:\/\/www.youtube.com\/embed\/CeHsM5GIfAk?enablejsapi=1&#038;autoplay=0&#038;cc_load_policy=0&#038;cc_lang_pref=&#038;iv_load_policy=1&#038;loop=0&#038;rel=1&#038;fs=1&#038;playsinline=0&#038;autohide=2&#038;theme=dark&#038;color=red&#038;controls=1&#038;disablekb=0&#038;\" class=\"__youtube_prefs__  epyt-is-override  no-lazyload\" title=\"YouTube player\"  allow=\"fullscreen; accelerometer; autoplay; clipboard-write; encrypted-media; gyroscope; picture-in-picture; web-share\" referrerpolicy=\"strict-origin-when-cross-origin\" allowfullscreen data-no-lazy=\"1\" data-skipgform_ajax_framebjll=\"\"><\/iframe><\/div>\n<\/div><\/figure>\n\n\n\n<p> <\/p>\n","protected":false},"excerpt":{"rendered":"<div class=\"pvc_clear\"><\/div>\n<p id=\"pvc_stats_46424\" class=\"pvc_stats total_only  \" data-element-id=\"46424\" style=\"\"><i class=\"pvc-stats-icon large\" aria-hidden=\"true\"><svg aria-hidden=\"true\" focusable=\"false\" data-prefix=\"far\" data-icon=\"chart-bar\" role=\"img\" xmlns=\"http:\/\/www.w3.org\/2000\/svg\" viewBox=\"0 0 512 512\" class=\"svg-inline--fa fa-chart-bar fa-w-16 fa-2x\"><path fill=\"currentColor\" d=\"M396.8 352h22.4c6.4 0 12.8-6.4 12.8-12.8V108.8c0-6.4-6.4-12.8-12.8-12.8h-22.4c-6.4 0-12.8 6.4-12.8 12.8v230.4c0 6.4 6.4 12.8 12.8 12.8zm-192 0h22.4c6.4 0 12.8-6.4 12.8-12.8V140.8c0-6.4-6.4-12.8-12.8-12.8h-22.4c-6.4 0-12.8 6.4-12.8 12.8v198.4c0 6.4 6.4 12.8 12.8 12.8zm96 0h22.4c6.4 0 12.8-6.4 12.8-12.8V204.8c0-6.4-6.4-12.8-12.8-12.8h-22.4c-6.4 0-12.8 6.4-12.8 12.8v134.4c0 6.4 6.4 12.8 12.8 12.8zM496 400H48V80c0-8.84-7.16-16-16-16H16C7.16 64 0 71.16 0 80v336c0 17.67 14.33 32 32 32h464c8.84 0 16-7.16 16-16v-16c0-8.84-7.16-16-16-16zm-387.2-48h22.4c6.4 0 12.8-6.4 12.8-12.8v-70.4c0-6.4-6.4-12.8-12.8-12.8h-22.4c-6.4 0-12.8 6.4-12.8 12.8v70.4c0 6.4 6.4 12.8 12.8 12.8z\" class=\"\"><\/path><\/svg><\/i> <img loading=\"lazy\" decoding=\"async\" width=\"16\" height=\"16\" alt=\"Loading\" src=\"https:\/\/temucotelevision.cl\/web\/wp-content\/plugins\/page-views-count\/ajax-loader-2x.gif\" border=0 \/><\/p>\n<div class=\"pvc_clear\"><\/div>\n<p>La multifac\u00e9tica artista estrena su m\u00e1s reciente producci\u00f3n audiovisual, en la que combina ritmos modernos, en una forma de volver<\/p>\n","protected":false},"author":143,"featured_media":46425,"comment_status":"open","ping_status":"open","sticky":false,"template":"","format":"standard","meta":{"colormag_page_container_layout":"default_layout","colormag_page_sidebar_layout":"default_layout","footnotes":""},"categories":[369],"tags":[],"class_list":["post-46424","post","type-post","status-publish","format-standard","has-post-thumbnail","hentry","category-musica"],"a3_pvc":{"activated":true,"total_views":98,"today_views":0},"_links":{"self":[{"href":"https:\/\/temucotelevision.cl\/web\/wp-json\/wp\/v2\/posts\/46424","targetHints":{"allow":["GET"]}}],"collection":[{"href":"https:\/\/temucotelevision.cl\/web\/wp-json\/wp\/v2\/posts"}],"about":[{"href":"https:\/\/temucotelevision.cl\/web\/wp-json\/wp\/v2\/types\/post"}],"author":[{"embeddable":true,"href":"https:\/\/temucotelevision.cl\/web\/wp-json\/wp\/v2\/users\/143"}],"replies":[{"embeddable":true,"href":"https:\/\/temucotelevision.cl\/web\/wp-json\/wp\/v2\/comments?post=46424"}],"version-history":[{"count":1,"href":"https:\/\/temucotelevision.cl\/web\/wp-json\/wp\/v2\/posts\/46424\/revisions"}],"predecessor-version":[{"id":46426,"href":"https:\/\/temucotelevision.cl\/web\/wp-json\/wp\/v2\/posts\/46424\/revisions\/46426"}],"wp:featuredmedia":[{"embeddable":true,"href":"https:\/\/temucotelevision.cl\/web\/wp-json\/wp\/v2\/media\/46425"}],"wp:attachment":[{"href":"https:\/\/temucotelevision.cl\/web\/wp-json\/wp\/v2\/media?parent=46424"}],"wp:term":[{"taxonomy":"category","embeddable":true,"href":"https:\/\/temucotelevision.cl\/web\/wp-json\/wp\/v2\/categories?post=46424"},{"taxonomy":"post_tag","embeddable":true,"href":"https:\/\/temucotelevision.cl\/web\/wp-json\/wp\/v2\/tags?post=46424"}],"curies":[{"name":"wp","href":"https:\/\/api.w.org\/{rel}","templated":true}]}}