{"id":46421,"date":"2023-11-22T13:01:49","date_gmt":"2023-11-22T16:01:49","guid":{"rendered":"https:\/\/temucotelevision.cl\/web\/?p=46421"},"modified":"2023-11-22T13:01:50","modified_gmt":"2023-11-22T16:01:50","slug":"javypablo-y-el-kanka-la-union-malaguena-presenta-alejate-de-los-tristes","status":"publish","type":"post","link":"https:\/\/temucotelevision.cl\/web\/2023\/11\/22\/javypablo-y-el-kanka-la-union-malaguena-presenta-alejate-de-los-tristes\/","title":{"rendered":"Javypablo y El Kanka la uni\u00f3n malague\u00f1a presenta &#8220;Al\u00e9jate de los tristes&#8221;"},"content":{"rendered":"<div class=\"pvc_clear\"><\/div><p id=\"pvc_stats_46421\" class=\"pvc_stats total_only  \" data-element-id=\"46421\" style=\"\"><i class=\"pvc-stats-icon large\" aria-hidden=\"true\"><svg aria-hidden=\"true\" focusable=\"false\" data-prefix=\"far\" data-icon=\"chart-bar\" role=\"img\" xmlns=\"http:\/\/www.w3.org\/2000\/svg\" viewBox=\"0 0 512 512\" class=\"svg-inline--fa fa-chart-bar fa-w-16 fa-2x\"><path fill=\"currentColor\" d=\"M396.8 352h22.4c6.4 0 12.8-6.4 12.8-12.8V108.8c0-6.4-6.4-12.8-12.8-12.8h-22.4c-6.4 0-12.8 6.4-12.8 12.8v230.4c0 6.4 6.4 12.8 12.8 12.8zm-192 0h22.4c6.4 0 12.8-6.4 12.8-12.8V140.8c0-6.4-6.4-12.8-12.8-12.8h-22.4c-6.4 0-12.8 6.4-12.8 12.8v198.4c0 6.4 6.4 12.8 12.8 12.8zm96 0h22.4c6.4 0 12.8-6.4 12.8-12.8V204.8c0-6.4-6.4-12.8-12.8-12.8h-22.4c-6.4 0-12.8 6.4-12.8 12.8v134.4c0 6.4 6.4 12.8 12.8 12.8zM496 400H48V80c0-8.84-7.16-16-16-16H16C7.16 64 0 71.16 0 80v336c0 17.67 14.33 32 32 32h464c8.84 0 16-7.16 16-16v-16c0-8.84-7.16-16-16-16zm-387.2-48h22.4c6.4 0 12.8-6.4 12.8-12.8v-70.4c0-6.4-6.4-12.8-12.8-12.8h-22.4c-6.4 0-12.8 6.4-12.8 12.8v70.4c0 6.4 6.4 12.8 12.8 12.8z\" class=\"\"><\/path><\/svg><\/i> <img loading=\"lazy\" decoding=\"async\" width=\"16\" height=\"16\" alt=\"Loading\" src=\"https:\/\/temucotelevision.cl\/web\/wp-content\/plugins\/page-views-count\/ajax-loader-2x.gif\" border=0 \/><\/p><div class=\"pvc_clear\"><\/div>\n<p>Los dos artistas malague\u00f1os,\u00a0<strong>Javypablo y El Kanka,<\/strong>\u00a0anuncian su colaboraci\u00f3n en el nuevo sencillo &#8220;<strong>Al\u00e9jate de los tristes&#8221;<\/strong>. Estos dos exponentes musicales fusionan sus talentos en este lanzamiento que promete no dejar triste a nadie.\u00a0<\/p>\n\n\n\n<p><strong>&#8220;Al\u00e9jate de los tristes&#8221;<\/strong>\u00a0es m\u00e1s que una canci\u00f3n, es un himno, un lema de vida. Eso s\u00ed, no es lo mismo ser un triste que estar triste. La canci\u00f3n hace referencia a ese primer grupo de personas desmotivadas, lo que podemos definir hoy en d\u00eda como haters.\u00a0<\/p>\n\n\n\n<p>Despu\u00e9s del \u00e9xito de su anterior colaboraci\u00f3n,\u00a0<strong>&#8220;Sunset&#8221;,\u00a0<\/strong>con el grupo venezolano Anakena,\u00a0<strong>Javypablo<\/strong>\u00a0contin\u00faa elevando su propuesta art\u00edstica en conjunto con<strong>\u00a0El Kanka<\/strong>, gran inspiraci\u00f3n constante para ellos desde sus inicios.\u00a0<\/p>\n\n\n\n<p>Este sencillo forma parte integral del pr\u00f3ximo proyecto musical de Javypablo titulado\u00a0<strong>&#8220;Somos&#8221;<\/strong>. La canci\u00f3n destaca por su letra directa y un ritmo envolvente, gracias a la producci\u00f3n de G\u00e8rard, que adem\u00e1s ha contado con la ayuda de Khoton Palm y Omar Alcaide.<\/p>\n\n\n\n<p>El lanzamiento de &#8220;<strong>Al\u00e9jate de los tristes&#8221;<\/strong>&nbsp;se une a la lista de colaboraciones destacadas de&nbsp;<strong>Javypablo<\/strong>, incluyendo&nbsp;<strong>&#8220;Sunset&#8221;&nbsp;<\/strong>con&nbsp;<strong>Anakena<\/strong>,&nbsp;<strong>&#8220;Tiempo con Jaguayano&#8221;<\/strong>&nbsp;o&nbsp;<strong>&#8220;Cero Conflicto&#8221;&nbsp;<\/strong>con&nbsp;<strong>Marissa Mur<\/strong>. Estos \u00e9xitos previos han consolidado a&nbsp;<strong>Javypablo<\/strong>&nbsp;como uno de los artistas m\u00e1s prometedores y vers\u00e1tiles del panorama musical actual.<\/p>\n\n\n\n<p>Actualmente,&nbsp;<strong>Javypablo&nbsp;<\/strong>cuenta con&nbsp;<strong>110.000 oyentes<\/strong>&nbsp;mensuales en las plataformas musicales, alrededor de&nbsp;<strong>14.000<\/strong>&nbsp;<strong>seguidores&nbsp;<\/strong>en Instagram, millones de reproducciones en sus singles y han llegado a sonar en radios principales de Latinoam\u00e9rica.<\/p>\n\n\n\n<p>Su \u00faltimo disco, lanzado en 2022, &#8220;<strong>SOL&#8221;<\/strong>, presenta canciones \u00fanicas y colaboraciones con artistas como &#8220;<strong>Tu Otra Bonita&#8221;, &#8220;Masi&#8221;<\/strong>\u00a0o &#8220;<strong>Carri\u00f3n&#8221;,\u00a0<\/strong>del colectivo rapero\u00a0<strong>Space Hammurab<\/strong>i, con el que adem\u00e1s, estuvieron girando por todo el pa\u00eds. Las producciones estuvieron a cargo de productores de la talla de Juanito Makand\u00e9 junto a j\u00f3venes talentos como Khotom Palm o Alex Granero.<\/p>\n\n\n\n<figure class=\"wp-block-embed is-type-rich is-provider-spotify wp-block-embed-spotify wp-embed-aspect-21-9 wp-has-aspect-ratio\"><div class=\"wp-block-embed__wrapper\">\n<iframe title=\"Spotify Embed: Al\u00e9jate de los Tristes\" style=\"border-radius: 12px\" width=\"100%\" height=\"152\" frameborder=\"0\" allowfullscreen allow=\"autoplay; clipboard-write; encrypted-media; fullscreen; picture-in-picture\" loading=\"lazy\" src=\"https:\/\/open.spotify.com\/embed\/track\/0KQzcdF2DM9ouhqMx1au22?si=123fafbf454d4dad&#038;utm_source=oembed\"><\/iframe>\n<\/div><\/figure>\n","protected":false},"excerpt":{"rendered":"<div class=\"pvc_clear\"><\/div>\n<p id=\"pvc_stats_46421\" class=\"pvc_stats total_only  \" data-element-id=\"46421\" style=\"\"><i class=\"pvc-stats-icon large\" aria-hidden=\"true\"><svg aria-hidden=\"true\" focusable=\"false\" data-prefix=\"far\" data-icon=\"chart-bar\" role=\"img\" xmlns=\"http:\/\/www.w3.org\/2000\/svg\" viewBox=\"0 0 512 512\" class=\"svg-inline--fa fa-chart-bar fa-w-16 fa-2x\"><path fill=\"currentColor\" d=\"M396.8 352h22.4c6.4 0 12.8-6.4 12.8-12.8V108.8c0-6.4-6.4-12.8-12.8-12.8h-22.4c-6.4 0-12.8 6.4-12.8 12.8v230.4c0 6.4 6.4 12.8 12.8 12.8zm-192 0h22.4c6.4 0 12.8-6.4 12.8-12.8V140.8c0-6.4-6.4-12.8-12.8-12.8h-22.4c-6.4 0-12.8 6.4-12.8 12.8v198.4c0 6.4 6.4 12.8 12.8 12.8zm96 0h22.4c6.4 0 12.8-6.4 12.8-12.8V204.8c0-6.4-6.4-12.8-12.8-12.8h-22.4c-6.4 0-12.8 6.4-12.8 12.8v134.4c0 6.4 6.4 12.8 12.8 12.8zM496 400H48V80c0-8.84-7.16-16-16-16H16C7.16 64 0 71.16 0 80v336c0 17.67 14.33 32 32 32h464c8.84 0 16-7.16 16-16v-16c0-8.84-7.16-16-16-16zm-387.2-48h22.4c6.4 0 12.8-6.4 12.8-12.8v-70.4c0-6.4-6.4-12.8-12.8-12.8h-22.4c-6.4 0-12.8 6.4-12.8 12.8v70.4c0 6.4 6.4 12.8 12.8 12.8z\" class=\"\"><\/path><\/svg><\/i> <img loading=\"lazy\" decoding=\"async\" width=\"16\" height=\"16\" alt=\"Loading\" src=\"https:\/\/temucotelevision.cl\/web\/wp-content\/plugins\/page-views-count\/ajax-loader-2x.gif\" border=0 \/><\/p>\n<div class=\"pvc_clear\"><\/div>\n<p>Los dos artistas malague\u00f1os,\u00a0Javypablo y El Kanka,\u00a0anuncian su colaboraci\u00f3n en el nuevo sencillo &#8220;Al\u00e9jate de los tristes&#8221;. Estos dos exponentes<\/p>\n","protected":false},"author":143,"featured_media":46422,"comment_status":"open","ping_status":"open","sticky":false,"template":"","format":"standard","meta":{"colormag_page_container_layout":"default_layout","colormag_page_sidebar_layout":"default_layout","footnotes":""},"categories":[369],"tags":[],"class_list":["post-46421","post","type-post","status-publish","format-standard","has-post-thumbnail","hentry","category-musica"],"a3_pvc":{"activated":true,"total_views":77,"today_views":0},"_links":{"self":[{"href":"https:\/\/temucotelevision.cl\/web\/wp-json\/wp\/v2\/posts\/46421","targetHints":{"allow":["GET"]}}],"collection":[{"href":"https:\/\/temucotelevision.cl\/web\/wp-json\/wp\/v2\/posts"}],"about":[{"href":"https:\/\/temucotelevision.cl\/web\/wp-json\/wp\/v2\/types\/post"}],"author":[{"embeddable":true,"href":"https:\/\/temucotelevision.cl\/web\/wp-json\/wp\/v2\/users\/143"}],"replies":[{"embeddable":true,"href":"https:\/\/temucotelevision.cl\/web\/wp-json\/wp\/v2\/comments?post=46421"}],"version-history":[{"count":1,"href":"https:\/\/temucotelevision.cl\/web\/wp-json\/wp\/v2\/posts\/46421\/revisions"}],"predecessor-version":[{"id":46423,"href":"https:\/\/temucotelevision.cl\/web\/wp-json\/wp\/v2\/posts\/46421\/revisions\/46423"}],"wp:featuredmedia":[{"embeddable":true,"href":"https:\/\/temucotelevision.cl\/web\/wp-json\/wp\/v2\/media\/46422"}],"wp:attachment":[{"href":"https:\/\/temucotelevision.cl\/web\/wp-json\/wp\/v2\/media?parent=46421"}],"wp:term":[{"taxonomy":"category","embeddable":true,"href":"https:\/\/temucotelevision.cl\/web\/wp-json\/wp\/v2\/categories?post=46421"},{"taxonomy":"post_tag","embeddable":true,"href":"https:\/\/temucotelevision.cl\/web\/wp-json\/wp\/v2\/tags?post=46421"}],"curies":[{"name":"wp","href":"https:\/\/api.w.org\/{rel}","templated":true}]}}