{"id":46399,"date":"2023-11-21T21:30:59","date_gmt":"2023-11-22T00:30:59","guid":{"rendered":"https:\/\/temucotelevision.cl\/web\/?p=46399"},"modified":"2023-11-21T21:30:59","modified_gmt":"2023-11-22T00:30:59","slug":"angol-avenida-dillman-bullock-retoma-sus-obras-en-diciembre","status":"publish","type":"post","link":"https:\/\/temucotelevision.cl\/web\/2023\/11\/21\/angol-avenida-dillman-bullock-retoma-sus-obras-en-diciembre\/","title":{"rendered":"Angol: Avenida Dillman Bullock retoma sus obras en diciembre"},"content":{"rendered":"<div class=\"pvc_clear\"><\/div><p id=\"pvc_stats_46399\" class=\"pvc_stats total_only  \" data-element-id=\"46399\" style=\"\"><i class=\"pvc-stats-icon large\" aria-hidden=\"true\"><svg aria-hidden=\"true\" focusable=\"false\" data-prefix=\"far\" data-icon=\"chart-bar\" role=\"img\" xmlns=\"http:\/\/www.w3.org\/2000\/svg\" viewBox=\"0 0 512 512\" class=\"svg-inline--fa fa-chart-bar fa-w-16 fa-2x\"><path fill=\"currentColor\" d=\"M396.8 352h22.4c6.4 0 12.8-6.4 12.8-12.8V108.8c0-6.4-6.4-12.8-12.8-12.8h-22.4c-6.4 0-12.8 6.4-12.8 12.8v230.4c0 6.4 6.4 12.8 12.8 12.8zm-192 0h22.4c6.4 0 12.8-6.4 12.8-12.8V140.8c0-6.4-6.4-12.8-12.8-12.8h-22.4c-6.4 0-12.8 6.4-12.8 12.8v198.4c0 6.4 6.4 12.8 12.8 12.8zm96 0h22.4c6.4 0 12.8-6.4 12.8-12.8V204.8c0-6.4-6.4-12.8-12.8-12.8h-22.4c-6.4 0-12.8 6.4-12.8 12.8v134.4c0 6.4 6.4 12.8 12.8 12.8zM496 400H48V80c0-8.84-7.16-16-16-16H16C7.16 64 0 71.16 0 80v336c0 17.67 14.33 32 32 32h464c8.84 0 16-7.16 16-16v-16c0-8.84-7.16-16-16-16zm-387.2-48h22.4c6.4 0 12.8-6.4 12.8-12.8v-70.4c0-6.4-6.4-12.8-12.8-12.8h-22.4c-6.4 0-12.8 6.4-12.8 12.8v70.4c0 6.4 6.4 12.8 12.8 12.8z\" class=\"\"><\/path><\/svg><\/i> <img loading=\"lazy\" decoding=\"async\" width=\"16\" height=\"16\" alt=\"Loading\" src=\"https:\/\/temucotelevision.cl\/web\/wp-content\/plugins\/page-views-count\/ajax-loader-2x.gif\" border=0 \/><\/p><div class=\"pvc_clear\"><\/div>\n<p>La Informaci\u00f3n fue confirmada por el director de Serviu, Jos\u00e9 Luis Sep\u00falveda, quien entreg\u00f3 los detalles ante el concejo municipal de Angol.&nbsp;<\/p>\n\n\n\n<p>Luego que la empresa Claro Vicu\u00f1a Valenzuela abandonara los trabajos a fines del a\u00f1o pasado en la principal avenida de Angol, desde el Servicio de Vivienda y Urbanizaci\u00f3n se aboc\u00f3 a minimizar los inconvenientes que esto implica en obras de esta envergadura, es por ello que se contrato a dos empresas, que permitiesen control y seguridad en la ruta y otra que avanzara en obras menores, detall\u00f3 el director del Serviu, Jos\u00e9 Luis Sep\u00falveda en una sesi\u00f3n del concejo municipal, donde fue invitado para exponer el proceso en que se encuentran los trabajos.<\/p>\n\n\n\n<p>La principal autoridad del Serviu, se\u00f1al\u00f3 que adem\u00e1s se han contratado obras para mejorar la canalizaci\u00f3n de las aguas lluvias en la avenida y ya comenzaron las obras del colector de aguas lluvias de la Poblaci\u00f3n Alemania, lugar hist\u00f3rico de problemas en invierno y que espera se reviertan con estas obras. Asimismo, aclaro que el contrato mayor es para finalizar las obras en su totalidad, y que corresponde a un 25% lo cual se espera comience en el mes de diciembre.<\/p>\n\n\n\n<p>\u201cLa identificaci\u00f3n presupuestar\u00eda ya fue visada por la DIPRES y ahora estamos a la espera de toma de raz\u00f3n de la Contralor\u00eda en Santiago por los montos involucrados y luego esto pasa a la contralor\u00eda regional, con la empresa que se har\u00e1 cargo de los trabajos la que fue seleccionada entre otras 4 propuestas, esperamos que esto se pueda resolver en las pr\u00f3ximas semanas y dar continuidad a esta anhelada remodelaci\u00f3n\u201d preciso Jos\u00e9 Luis Sep\u00falveda.<\/p>\n\n\n\n<p>El monto comprometido para el t\u00e9rmino de las obras es de $ 5.500 millones de pesos aproximadamente y la empresa a cargo ser\u00e1 SOCEM, la que mantiene otros contratos en la regi\u00f3n y ya est\u00e1 trabajando en la avenida con obras menores, adem\u00e1s el director se comprometi\u00f3 a reforzar el control existente actualmente y trabajar de la mano con la comunidad y comerciantes del sector para que los inconvenientes sean los menores posibles. &nbsp;&nbsp;&nbsp;&nbsp;&nbsp;&nbsp;&nbsp;<\/p>\n\n\n\n<figure class=\"wp-block-image aligncenter size-full\"><img loading=\"lazy\" decoding=\"async\" width=\"683\" height=\"455\" src=\"https:\/\/temucotelevision.cl\/web\/wp-content\/uploads\/2023\/11\/Serviu-Angol.jpg\" alt=\"\" class=\"wp-image-46401\"\/><\/figure>\n","protected":false},"excerpt":{"rendered":"<div class=\"pvc_clear\"><\/div>\n<p id=\"pvc_stats_46399\" class=\"pvc_stats total_only  \" data-element-id=\"46399\" style=\"\"><i class=\"pvc-stats-icon large\" aria-hidden=\"true\"><svg aria-hidden=\"true\" focusable=\"false\" data-prefix=\"far\" data-icon=\"chart-bar\" role=\"img\" xmlns=\"http:\/\/www.w3.org\/2000\/svg\" viewBox=\"0 0 512 512\" class=\"svg-inline--fa fa-chart-bar fa-w-16 fa-2x\"><path fill=\"currentColor\" d=\"M396.8 352h22.4c6.4 0 12.8-6.4 12.8-12.8V108.8c0-6.4-6.4-12.8-12.8-12.8h-22.4c-6.4 0-12.8 6.4-12.8 12.8v230.4c0 6.4 6.4 12.8 12.8 12.8zm-192 0h22.4c6.4 0 12.8-6.4 12.8-12.8V140.8c0-6.4-6.4-12.8-12.8-12.8h-22.4c-6.4 0-12.8 6.4-12.8 12.8v198.4c0 6.4 6.4 12.8 12.8 12.8zm96 0h22.4c6.4 0 12.8-6.4 12.8-12.8V204.8c0-6.4-6.4-12.8-12.8-12.8h-22.4c-6.4 0-12.8 6.4-12.8 12.8v134.4c0 6.4 6.4 12.8 12.8 12.8zM496 400H48V80c0-8.84-7.16-16-16-16H16C7.16 64 0 71.16 0 80v336c0 17.67 14.33 32 32 32h464c8.84 0 16-7.16 16-16v-16c0-8.84-7.16-16-16-16zm-387.2-48h22.4c6.4 0 12.8-6.4 12.8-12.8v-70.4c0-6.4-6.4-12.8-12.8-12.8h-22.4c-6.4 0-12.8 6.4-12.8 12.8v70.4c0 6.4 6.4 12.8 12.8 12.8z\" class=\"\"><\/path><\/svg><\/i> <img loading=\"lazy\" decoding=\"async\" width=\"16\" height=\"16\" alt=\"Loading\" src=\"https:\/\/temucotelevision.cl\/web\/wp-content\/plugins\/page-views-count\/ajax-loader-2x.gif\" border=0 \/><\/p>\n<div class=\"pvc_clear\"><\/div>\n<p>La Informaci\u00f3n fue confirmada por el director de Serviu, Jos\u00e9 Luis Sep\u00falveda, quien entreg\u00f3 los detalles ante el concejo municipal<\/p>\n","protected":false},"author":1,"featured_media":46400,"comment_status":"open","ping_status":"open","sticky":false,"template":"","format":"standard","meta":{"colormag_page_container_layout":"default_layout","colormag_page_sidebar_layout":"default_layout","footnotes":""},"categories":[15],"tags":[559,305,6834,333],"class_list":["post-46399","post","type-post","status-publish","format-standard","has-post-thumbnail","hentry","category-la-araucania","tag-angol","tag-avenida","tag-dillman-bullock","tag-obras"],"a3_pvc":{"activated":true,"total_views":2123,"today_views":0},"_links":{"self":[{"href":"https:\/\/temucotelevision.cl\/web\/wp-json\/wp\/v2\/posts\/46399","targetHints":{"allow":["GET"]}}],"collection":[{"href":"https:\/\/temucotelevision.cl\/web\/wp-json\/wp\/v2\/posts"}],"about":[{"href":"https:\/\/temucotelevision.cl\/web\/wp-json\/wp\/v2\/types\/post"}],"author":[{"embeddable":true,"href":"https:\/\/temucotelevision.cl\/web\/wp-json\/wp\/v2\/users\/1"}],"replies":[{"embeddable":true,"href":"https:\/\/temucotelevision.cl\/web\/wp-json\/wp\/v2\/comments?post=46399"}],"version-history":[{"count":1,"href":"https:\/\/temucotelevision.cl\/web\/wp-json\/wp\/v2\/posts\/46399\/revisions"}],"predecessor-version":[{"id":46402,"href":"https:\/\/temucotelevision.cl\/web\/wp-json\/wp\/v2\/posts\/46399\/revisions\/46402"}],"wp:featuredmedia":[{"embeddable":true,"href":"https:\/\/temucotelevision.cl\/web\/wp-json\/wp\/v2\/media\/46400"}],"wp:attachment":[{"href":"https:\/\/temucotelevision.cl\/web\/wp-json\/wp\/v2\/media?parent=46399"}],"wp:term":[{"taxonomy":"category","embeddable":true,"href":"https:\/\/temucotelevision.cl\/web\/wp-json\/wp\/v2\/categories?post=46399"},{"taxonomy":"post_tag","embeddable":true,"href":"https:\/\/temucotelevision.cl\/web\/wp-json\/wp\/v2\/tags?post=46399"}],"curies":[{"name":"wp","href":"https:\/\/api.w.org\/{rel}","templated":true}]}}