{"id":46391,"date":"2023-11-21T17:37:42","date_gmt":"2023-11-21T20:37:42","guid":{"rendered":"https:\/\/temucotelevision.cl\/web\/?p=46391"},"modified":"2023-11-21T18:25:13","modified_gmt":"2023-11-21T21:25:13","slug":"pdi-detuvo-a-mujer-integrante-de-banda-criminal-de-falsos-detectives-que-robaron-domicilio-en-perquencoseria-la-encargada-de-la-logistica","status":"publish","type":"post","link":"https:\/\/temucotelevision.cl\/web\/2023\/11\/21\/pdi-detuvo-a-mujer-integrante-de-banda-criminal-de-falsos-detectives-que-robaron-domicilio-en-perquencoseria-la-encargada-de-la-logistica\/","title":{"rendered":"Ser\u00eda la encargada de la \u201clog\u00edstica\u201d: PDI detuvo a mujer integrante de banda criminal de falsos detectives que robaron domicilio en Perquenco"},"content":{"rendered":"<div class=\"pvc_clear\"><\/div><p id=\"pvc_stats_46391\" class=\"pvc_stats total_only  \" data-element-id=\"46391\" style=\"\"><i class=\"pvc-stats-icon large\" aria-hidden=\"true\"><svg aria-hidden=\"true\" focusable=\"false\" data-prefix=\"far\" data-icon=\"chart-bar\" role=\"img\" xmlns=\"http:\/\/www.w3.org\/2000\/svg\" viewBox=\"0 0 512 512\" class=\"svg-inline--fa fa-chart-bar fa-w-16 fa-2x\"><path fill=\"currentColor\" d=\"M396.8 352h22.4c6.4 0 12.8-6.4 12.8-12.8V108.8c0-6.4-6.4-12.8-12.8-12.8h-22.4c-6.4 0-12.8 6.4-12.8 12.8v230.4c0 6.4 6.4 12.8 12.8 12.8zm-192 0h22.4c6.4 0 12.8-6.4 12.8-12.8V140.8c0-6.4-6.4-12.8-12.8-12.8h-22.4c-6.4 0-12.8 6.4-12.8 12.8v198.4c0 6.4 6.4 12.8 12.8 12.8zm96 0h22.4c6.4 0 12.8-6.4 12.8-12.8V204.8c0-6.4-6.4-12.8-12.8-12.8h-22.4c-6.4 0-12.8 6.4-12.8 12.8v134.4c0 6.4 6.4 12.8 12.8 12.8zM496 400H48V80c0-8.84-7.16-16-16-16H16C7.16 64 0 71.16 0 80v336c0 17.67 14.33 32 32 32h464c8.84 0 16-7.16 16-16v-16c0-8.84-7.16-16-16-16zm-387.2-48h22.4c6.4 0 12.8-6.4 12.8-12.8v-70.4c0-6.4-6.4-12.8-12.8-12.8h-22.4c-6.4 0-12.8 6.4-12.8 12.8v70.4c0 6.4 6.4 12.8 12.8 12.8z\" class=\"\"><\/path><\/svg><\/i> <img loading=\"lazy\" decoding=\"async\" width=\"16\" height=\"16\" alt=\"Loading\" src=\"https:\/\/temucotelevision.cl\/web\/wp-content\/plugins\/page-views-count\/ajax-loader-2x.gif\" border=0 \/><\/p><div class=\"pvc_clear\"><\/div>\n<p>&nbsp;<\/p>\n\n\n\n<p>Oficiales de la PDI de Lautaro&nbsp;detuvieron a la tercera integrante de&nbsp;una banda&nbsp;criminal&nbsp;que a fines del a\u00f1o pasado&nbsp;realizaron un violento robo a una familia en Perquenco,&nbsp;donde&nbsp;dos de&nbsp;los&nbsp;delincuentes se hicieron pasar por detectives.&nbsp;Los otros dos imputados se encuentran actualmente en prisi\u00f3n preventiva.<\/p>\n\n\n\n<p>&nbsp;<\/p>\n\n\n\n<p>A fines de&nbsp;diciembre de 2022, una familia&nbsp;fue v\u00edctima de un&nbsp;violento&nbsp;robo en su domicilio&nbsp;en&nbsp;la comuna de Perquenco,&nbsp;regi\u00f3n de La Araucan\u00eda. En&nbsp;esa oportunidad, dos sujetos, a rostro descubierto, ingresaron al domicilio, simulando ser funcionarios de la Polic\u00eda de Investigaciones que se encontraban en un procedimiento antinarc\u00f3ticos, as\u00ed, sustrajeron diversas especies para luego darse a la fuga.<\/p>\n\n\n\n<p>&nbsp;<\/p>\n\n\n\n<p>Desde ese d\u00eda,&nbsp;la Fiscal\u00eda local de Lautaro, otorg\u00f3 una orden de investigar a la Brigada de Investigaci\u00f3n Criminal (Bicrim) de esa ciudad, quienes en conjunto con la Oficina de An\u00e1lisis (OFAN) provincial Caut\u00edn de la PDI, efectuaron diversas diligencias investigativas que permitieron ubicar, en primera instancia,&nbsp;a los&nbsp;dos&nbsp;falsos polic\u00edas, y ahora, a una mujer -de 45 a\u00f1os- con antecedentes por tr\u00e1fico de drogas en peque\u00f1as cantidades, quien tambi\u00e9n ser\u00eda integrante de esta banda criminal.<\/p>\n\n\n\n<p>&nbsp;<\/p>\n\n\n\n<p>Se trata de A.M.M.S, quien habr\u00eda participado en las coordinaciones, informaci\u00f3n y log\u00edstica en el robo con violencia que realizaron el 30 de diciembre los otros dos imputados en esta investigaci\u00f3n.&nbsp;Seg\u00fan indic\u00f3 el jefe de la Prefectura Provincial Caut\u00edn, prefecto Luis Garrido Aravena, la mujer tiene residencia en Perquenco, por lo tanto, \u201cestaba en conocimiento del sector de tal forma que esta informaci\u00f3n se la proporcionaba a estos dos sujetos, quienes ten\u00edan domicilio fuera de nuestra regi\u00f3n, por lo que ella les entrega el apoyo log\u00edstico y recursos que permiten el traslado de&nbsp;estos dos imputados a esa ciudad\u201d.<\/p>\n\n\n\n<p>&nbsp;<\/p>\n\n\n\n<p>Por instrucci\u00f3n del&nbsp;fiscal a cargo de la investigaci\u00f3n, Enrique V\u00e1squez, de la Fiscal\u00eda local de Lautaro,&nbsp;la detenida pas\u00f3 hoy a control de detenci\u00f3n en el Juzgado de Garant\u00eda de&nbsp;esa ciudad, donde se decret\u00f3 la medida cautelar de prisi\u00f3n preventiva.<\/p>\n\n\n\n<p>Los falsos detectives y sus delitos<a><\/a><\/p>\n\n\n\n<p>El d\u00eda en que cometieron el delito,&nbsp;uno de los victimarios dej\u00f3 un tel\u00e9fono celular en el sitio del suceso, lo que&nbsp;permiti\u00f3 a los detectives&nbsp;hacer triangulaci\u00f3n de llamados, georreferenciaci\u00f3n de los mismos, y posteriormente, identificar&nbsp;al primer imputado, quien fue detenido en julio de este a\u00f1o&nbsp;en la regi\u00f3n de O\u2019Higgins, en la comuna de Rancagua.&nbsp;Este imputado, identificado con las iniciales&nbsp;C.M.V.,&nbsp;cuenta con antecedentes policiales por&nbsp;diversos&nbsp;delitos contra la propiedad. Adem\u00e1s, el&nbsp;d\u00eda&nbsp;de su aprehensi\u00f3n, tras la entrada y registro del domicilio, se incautaron diversas especies, donde destaca&nbsp;una m\u00e1quina&nbsp;skimmer&nbsp;clonador&nbsp;de tarjetas,&nbsp;40 tarjetas de&nbsp;cr\u00e9dito y d\u00e9bito,&nbsp;tel\u00e9fonos celulares, c\u00e9dulas de identidad de diferentes personas,&nbsp;y&nbsp;evidencias de copias de la placa institucional de la Polic\u00eda de Investigaciones de Chile&nbsp;y l\u00e1minas de cobre con estampado de esta misma placa.<\/p>\n\n\n\n<p>Continuando con las diligencias investigativas, los detectives de la Bicrim Lautaro, ubicaron al segundo integrante de la banda criminal, identificado con las iniciales F.A.M.I, quien registraba domicilio en la comuna de&nbsp;Trehuaco, regi\u00f3n del \u00d1uble y que fue detenido el reci\u00e9n pasado 08&nbsp;de noviembre.&nbsp;Este imputado contaba con m\u00faltiples antecedentes por robo con intimidaci\u00f3n y receptaci\u00f3n de veh\u00edculo motorizado, adem\u00e1s de una revocaci\u00f3n de libertad condicional.&nbsp;Al momento de su detenci\u00f3n se le incaut\u00f3 un arma de fuego tipo rev\u00f3lver&nbsp;y munici\u00f3n.<\/p>\n\n\n\n<p>Ambos imputados se encuentran cumpliendo la medida cautelar de prisi\u00f3n preventiva en el Centro de Detenci\u00f3n Preventiva de Lautaro, mientras dure la investigaci\u00f3n.<\/p>\n","protected":false},"excerpt":{"rendered":"<div class=\"pvc_clear\"><\/div>\n<p id=\"pvc_stats_46391\" class=\"pvc_stats total_only  \" data-element-id=\"46391\" style=\"\"><i class=\"pvc-stats-icon large\" aria-hidden=\"true\"><svg aria-hidden=\"true\" focusable=\"false\" data-prefix=\"far\" data-icon=\"chart-bar\" role=\"img\" xmlns=\"http:\/\/www.w3.org\/2000\/svg\" viewBox=\"0 0 512 512\" class=\"svg-inline--fa fa-chart-bar fa-w-16 fa-2x\"><path fill=\"currentColor\" d=\"M396.8 352h22.4c6.4 0 12.8-6.4 12.8-12.8V108.8c0-6.4-6.4-12.8-12.8-12.8h-22.4c-6.4 0-12.8 6.4-12.8 12.8v230.4c0 6.4 6.4 12.8 12.8 12.8zm-192 0h22.4c6.4 0 12.8-6.4 12.8-12.8V140.8c0-6.4-6.4-12.8-12.8-12.8h-22.4c-6.4 0-12.8 6.4-12.8 12.8v198.4c0 6.4 6.4 12.8 12.8 12.8zm96 0h22.4c6.4 0 12.8-6.4 12.8-12.8V204.8c0-6.4-6.4-12.8-12.8-12.8h-22.4c-6.4 0-12.8 6.4-12.8 12.8v134.4c0 6.4 6.4 12.8 12.8 12.8zM496 400H48V80c0-8.84-7.16-16-16-16H16C7.16 64 0 71.16 0 80v336c0 17.67 14.33 32 32 32h464c8.84 0 16-7.16 16-16v-16c0-8.84-7.16-16-16-16zm-387.2-48h22.4c6.4 0 12.8-6.4 12.8-12.8v-70.4c0-6.4-6.4-12.8-12.8-12.8h-22.4c-6.4 0-12.8 6.4-12.8 12.8v70.4c0 6.4 6.4 12.8 12.8 12.8z\" class=\"\"><\/path><\/svg><\/i> <img loading=\"lazy\" decoding=\"async\" width=\"16\" height=\"16\" alt=\"Loading\" src=\"https:\/\/temucotelevision.cl\/web\/wp-content\/plugins\/page-views-count\/ajax-loader-2x.gif\" border=0 \/><\/p>\n<div class=\"pvc_clear\"><\/div>\n<p>&nbsp; Oficiales de la PDI de Lautaro&nbsp;detuvieron a la tercera integrante de&nbsp;una banda&nbsp;criminal&nbsp;que a fines del a\u00f1o pasado&nbsp;realizaron un violento<\/p>\n","protected":false},"author":1,"featured_media":46390,"comment_status":"open","ping_status":"open","sticky":false,"template":"","format":"standard","meta":{"colormag_page_container_layout":"default_layout","colormag_page_sidebar_layout":"default_layout","footnotes":""},"categories":[16],"tags":[],"class_list":["post-46391","post","type-post","status-publish","format-standard","has-post-thumbnail","hentry","category-policial"],"a3_pvc":{"activated":true,"total_views":2286,"today_views":0},"_links":{"self":[{"href":"https:\/\/temucotelevision.cl\/web\/wp-json\/wp\/v2\/posts\/46391","targetHints":{"allow":["GET"]}}],"collection":[{"href":"https:\/\/temucotelevision.cl\/web\/wp-json\/wp\/v2\/posts"}],"about":[{"href":"https:\/\/temucotelevision.cl\/web\/wp-json\/wp\/v2\/types\/post"}],"author":[{"embeddable":true,"href":"https:\/\/temucotelevision.cl\/web\/wp-json\/wp\/v2\/users\/1"}],"replies":[{"embeddable":true,"href":"https:\/\/temucotelevision.cl\/web\/wp-json\/wp\/v2\/comments?post=46391"}],"version-history":[{"count":2,"href":"https:\/\/temucotelevision.cl\/web\/wp-json\/wp\/v2\/posts\/46391\/revisions"}],"predecessor-version":[{"id":46393,"href":"https:\/\/temucotelevision.cl\/web\/wp-json\/wp\/v2\/posts\/46391\/revisions\/46393"}],"wp:featuredmedia":[{"embeddable":true,"href":"https:\/\/temucotelevision.cl\/web\/wp-json\/wp\/v2\/media\/46390"}],"wp:attachment":[{"href":"https:\/\/temucotelevision.cl\/web\/wp-json\/wp\/v2\/media?parent=46391"}],"wp:term":[{"taxonomy":"category","embeddable":true,"href":"https:\/\/temucotelevision.cl\/web\/wp-json\/wp\/v2\/categories?post=46391"},{"taxonomy":"post_tag","embeddable":true,"href":"https:\/\/temucotelevision.cl\/web\/wp-json\/wp\/v2\/tags?post=46391"}],"curies":[{"name":"wp","href":"https:\/\/api.w.org\/{rel}","templated":true}]}}