{"id":46378,"date":"2023-11-21T17:01:55","date_gmt":"2023-11-21T20:01:55","guid":{"rendered":"https:\/\/temucotelevision.cl\/web\/?p=46378"},"modified":"2023-11-22T10:04:25","modified_gmt":"2023-11-22T13:04:25","slug":"simiocrisestrenara-su-nuevo-ep-en-vivo-junto-a-astronautiko-y-ios-sugga-y-atory","status":"publish","type":"post","link":"https:\/\/temucotelevision.cl\/web\/2023\/11\/21\/simiocrisestrenara-su-nuevo-ep-en-vivo-junto-a-astronautiko-y-ios-sugga-y-atory\/","title":{"rendered":"Simiocris estrenar\u00e1 su nuevo\u00a0EP en vivo junto\u00a0a\u00a0Astronautiko"},"content":{"rendered":"<div class=\"pvc_clear\"><\/div><p id=\"pvc_stats_46378\" class=\"pvc_stats total_only  \" data-element-id=\"46378\" style=\"\"><i class=\"pvc-stats-icon large\" aria-hidden=\"true\"><svg aria-hidden=\"true\" focusable=\"false\" data-prefix=\"far\" data-icon=\"chart-bar\" role=\"img\" xmlns=\"http:\/\/www.w3.org\/2000\/svg\" viewBox=\"0 0 512 512\" class=\"svg-inline--fa fa-chart-bar fa-w-16 fa-2x\"><path fill=\"currentColor\" d=\"M396.8 352h22.4c6.4 0 12.8-6.4 12.8-12.8V108.8c0-6.4-6.4-12.8-12.8-12.8h-22.4c-6.4 0-12.8 6.4-12.8 12.8v230.4c0 6.4 6.4 12.8 12.8 12.8zm-192 0h22.4c6.4 0 12.8-6.4 12.8-12.8V140.8c0-6.4-6.4-12.8-12.8-12.8h-22.4c-6.4 0-12.8 6.4-12.8 12.8v198.4c0 6.4 6.4 12.8 12.8 12.8zm96 0h22.4c6.4 0 12.8-6.4 12.8-12.8V204.8c0-6.4-6.4-12.8-12.8-12.8h-22.4c-6.4 0-12.8 6.4-12.8 12.8v134.4c0 6.4 6.4 12.8 12.8 12.8zM496 400H48V80c0-8.84-7.16-16-16-16H16C7.16 64 0 71.16 0 80v336c0 17.67 14.33 32 32 32h464c8.84 0 16-7.16 16-16v-16c0-8.84-7.16-16-16-16zm-387.2-48h22.4c6.4 0 12.8-6.4 12.8-12.8v-70.4c0-6.4-6.4-12.8-12.8-12.8h-22.4c-6.4 0-12.8 6.4-12.8 12.8v70.4c0 6.4 6.4 12.8 12.8 12.8z\" class=\"\"><\/path><\/svg><\/i> <img loading=\"lazy\" decoding=\"async\" width=\"16\" height=\"16\" alt=\"Loading\" src=\"https:\/\/temucotelevision.cl\/web\/wp-content\/plugins\/page-views-count\/ajax-loader-2x.gif\" border=0 \/><\/p><div class=\"pvc_clear\"><\/div>\n<p class=\"has-medium-font-size\"><strong>Adem\u00e1s de estrenar su nuevo EP en vivo, compartir\u00e1 escenario con destacados artistas urbanos nacionales, en un show que promete encender a sus seguidores.<\/strong><\/p>\n\n\n\n<p><a rel=\"noreferrer noopener\" href=\"https:\/\/dualcommunity.us5.list-manage.com\/track\/click?u=79a86e888635868c7967a8ae8&amp;id=5d87fa010c&amp;e=70f0e16daa\" target=\"_blank\"><strong>Simiocris<\/strong>,<\/a>&nbsp;m\u00fasico nacional, compositor y productor musical, se presentar\u00e1 este&nbsp;<strong>viernes 24 de noviembre<\/strong>&nbsp;para lanzar en vivo su cuarto trabajo&nbsp;<strong>\u201cVicio y Virtud\u201d<\/strong>. El evento se realizar\u00e1 a la<strong>&nbsp;18:30 hrs en \u201cKmasu\u201d restobar<\/strong>, ubicado en&nbsp;<strong>Santa Isabel #0305, Providencia<\/strong>. Ese d\u00eda repasar\u00e1 su EP completo junto con algunos de sus antiguos singles. Adem\u00e1s, tendr\u00e1 invitados como&nbsp;<strong>Astronautiko, Ios Sugga y \u00c1tory.<\/strong><\/p>\n\n\n\n<p>El joven artista, oriundo de la comuna de Maip\u00fa, estrena un EP que habla sobre un amor apasionado y obsesionado por alguien, a tal punto que genera una dualidad, un romance que a ratos llena de virtud y vida, pero que a la vez genera tanta emoci\u00f3n y satisfacci\u00f3n que llega a transformarse en un vicio, de ah\u00ed su nombre. Una vibra muy fresca de temas,&nbsp;<strong>mezclado con ritmos funky, soul y r&amp;b.&nbsp;<\/strong><\/p>\n\n\n\n<figure class=\"wp-block-image alignleft size-large is-resized\"><img loading=\"lazy\" decoding=\"async\" width=\"819\" height=\"1024\" src=\"https:\/\/temucotelevision.cl\/web\/wp-content\/uploads\/2023\/11\/image-3-819x1024.png\" alt=\"\" class=\"wp-image-46385\" style=\"aspect-ratio:0.8;width:480px;height:auto\" srcset=\"https:\/\/temucotelevision.cl\/web\/wp-content\/uploads\/2023\/11\/image-3-819x1024.png 819w, https:\/\/temucotelevision.cl\/web\/wp-content\/uploads\/2023\/11\/image-3-768x960.png 768w, https:\/\/temucotelevision.cl\/web\/wp-content\/uploads\/2023\/11\/image-3.png 1080w\" sizes=\"auto, (max-width: 819px) 100vw, 819px\" \/><\/figure>\n\n\n\n<p><strong>E<\/strong>ste trabajo cuenta con siete tracks;&nbsp;<strong>\u201cCalle Retro\u201d, \u201cAcaso No Te Ves\u201d, \u201cX Tu Calor\u201d, \u201cEnviciao\u201d, \u201cMe mata\u201d, \u201cNunk es Suficiente\u201d, y \u201cCobra\u201d<\/strong>. Algunos de los temas cuentan con colaboraciones, como un featuring oficial con&nbsp;<strong>\u201cBenja Bass\u201d en el tema \u201cX Tu Calor\u201d&nbsp;<\/strong>aportando con la l\u00ednea mel\u00f3dica del bajo, al igual que en el tema&nbsp;<strong>\u201cMe mata\u201d<\/strong>. Mientras que en otros arreglos musicales se presentan las guitarras con estilo funk de Nico Roots en&nbsp;<strong>\u201cCalle Retro\u201d<\/strong>, adem\u00e1s de los adornos de guitarras de&nbsp;<strong>Delair\u00eb en \u201cX Tu Calor\u201d, y el tromb\u00f3n de Pedro Siliente en \u201cCobra\u201d.<\/strong><\/p>\n\n\n\n<p>La composici\u00f3n musical y lirica de todos los tracks estuvo a cargo de&nbsp;<strong><a rel=\"noreferrer noopener\" href=\"https:\/\/dualcommunity.us5.list-manage.com\/track\/click?u=79a86e888635868c7967a8ae8&amp;id=e950762f77&amp;e=70f0e16daa\" target=\"_blank\">Simiocris<\/a>,<\/strong>&nbsp;mientras que la mezcla y producci\u00f3n estuvo en manos de&nbsp;<strong>Nassario<\/strong>. La masterizaci\u00f3n de algunos temas fue realizada por el ingeniero en sonido<strong>&nbsp;Claudio Becerra<\/strong>&nbsp;en los estudios&nbsp;<strong>La Salitrera.<\/strong><\/p>\n\n\n\n<p>El m\u00fasico siempre ha presentado una manera creativa de hacer melod\u00edas en sus letras junto con una habilidad por combinar estilos derivados del&nbsp;<strong>soul, r&amp;b, funk y rap.<\/strong>&nbsp;<strong><a rel=\"noreferrer noopener\" href=\"https:\/\/dualcommunity.us5.list-manage.com\/track\/click?u=79a86e888635868c7967a8ae8&amp;id=d7e74f7884&amp;e=70f0e16daa\" target=\"_blank\">Simiocris<\/a>&nbsp;<\/strong>comenz\u00f3 su carrera musical hace cuatro a\u00f1os, hasta el d\u00eda de hoy cuenta con cuatro discos disponibles en todas las plataformas digitales;&nbsp;<strong>\u201cT\u00e1cito\u201d (2020), \u201cAlma\u201d (2020) Feat. Delair\u00eb, \u201cEspiral\u201d (2022) Feat. Fer Maquehue y \u201cVicio y Virtud\u201d (2023),<\/strong>&nbsp;su m\u00e1s reciente trabajo como solista.<\/p>\n\n\n\n<p><strong>No te pierdas a&nbsp;<a rel=\"noreferrer noopener\" href=\"https:\/\/dualcommunity.us5.list-manage.com\/track\/click?u=79a86e888635868c7967a8ae8&amp;id=e13cdaeed6&amp;e=70f0e16daa\" target=\"_blank\">Simiocris&nbsp;<\/a>en \u201cKmasu\u201d, Santa Isabel #0305. Entradas disponibles en el lugar. Precio: $4.000 + Cover y 2 x $6000 sin cover.<\/strong><\/p>\n\n\n\n<p>Escucha el EP &#8220;Vicio y Virtud&#8221; del artista rapero<strong>&nbsp;Siomiocris<\/strong>&nbsp;en&nbsp;<a rel=\"noreferrer noopener\" href=\"https:\/\/dualcommunity.us5.list-manage.com\/track\/click?u=79a86e888635868c7967a8ae8&amp;id=2a8bc75994&amp;e=70f0e16daa\" target=\"_blank\">Spotify<\/a><\/p>\n\n\n\n<figure class=\"wp-block-embed is-type-rich is-provider-spotify wp-block-embed-spotify wp-embed-aspect-21-9 wp-has-aspect-ratio\"><div class=\"wp-block-embed__wrapper\">\n<iframe title=\"Spotify Embed: SIMIOCRIS\" style=\"border-radius: 12px\" width=\"100%\" height=\"352\" frameborder=\"0\" allowfullscreen allow=\"autoplay; clipboard-write; encrypted-media; fullscreen; picture-in-picture\" loading=\"lazy\" src=\"https:\/\/open.spotify.com\/embed\/artist\/70dREQJ0GRWEK6ZgJ3iWsG?si=sxFBezmTTk2iq6dXpUkomQ&#038;utm_source=oembed\"><\/iframe>\n<\/div><\/figure>\n","protected":false},"excerpt":{"rendered":"<div class=\"pvc_clear\"><\/div>\n<p id=\"pvc_stats_46378\" class=\"pvc_stats total_only  \" data-element-id=\"46378\" style=\"\"><i class=\"pvc-stats-icon large\" aria-hidden=\"true\"><svg aria-hidden=\"true\" focusable=\"false\" data-prefix=\"far\" data-icon=\"chart-bar\" role=\"img\" xmlns=\"http:\/\/www.w3.org\/2000\/svg\" viewBox=\"0 0 512 512\" class=\"svg-inline--fa fa-chart-bar fa-w-16 fa-2x\"><path fill=\"currentColor\" d=\"M396.8 352h22.4c6.4 0 12.8-6.4 12.8-12.8V108.8c0-6.4-6.4-12.8-12.8-12.8h-22.4c-6.4 0-12.8 6.4-12.8 12.8v230.4c0 6.4 6.4 12.8 12.8 12.8zm-192 0h22.4c6.4 0 12.8-6.4 12.8-12.8V140.8c0-6.4-6.4-12.8-12.8-12.8h-22.4c-6.4 0-12.8 6.4-12.8 12.8v198.4c0 6.4 6.4 12.8 12.8 12.8zm96 0h22.4c6.4 0 12.8-6.4 12.8-12.8V204.8c0-6.4-6.4-12.8-12.8-12.8h-22.4c-6.4 0-12.8 6.4-12.8 12.8v134.4c0 6.4 6.4 12.8 12.8 12.8zM496 400H48V80c0-8.84-7.16-16-16-16H16C7.16 64 0 71.16 0 80v336c0 17.67 14.33 32 32 32h464c8.84 0 16-7.16 16-16v-16c0-8.84-7.16-16-16-16zm-387.2-48h22.4c6.4 0 12.8-6.4 12.8-12.8v-70.4c0-6.4-6.4-12.8-12.8-12.8h-22.4c-6.4 0-12.8 6.4-12.8 12.8v70.4c0 6.4 6.4 12.8 12.8 12.8z\" class=\"\"><\/path><\/svg><\/i> <img loading=\"lazy\" decoding=\"async\" width=\"16\" height=\"16\" alt=\"Loading\" src=\"https:\/\/temucotelevision.cl\/web\/wp-content\/plugins\/page-views-count\/ajax-loader-2x.gif\" border=0 \/><\/p>\n<div class=\"pvc_clear\"><\/div>\n<p>Adem\u00e1s de estrenar su nuevo EP en vivo, compartir\u00e1 escenario con destacados artistas urbanos nacionales, en un show que promete<\/p>\n","protected":false},"author":143,"featured_media":46388,"comment_status":"open","ping_status":"open","sticky":false,"template":"","format":"standard","meta":{"colormag_page_container_layout":"default_layout","colormag_page_sidebar_layout":"default_layout","footnotes":""},"categories":[369],"tags":[],"class_list":["post-46378","post","type-post","status-publish","format-standard","has-post-thumbnail","hentry","category-musica"],"a3_pvc":{"activated":true,"total_views":682,"today_views":0},"_links":{"self":[{"href":"https:\/\/temucotelevision.cl\/web\/wp-json\/wp\/v2\/posts\/46378","targetHints":{"allow":["GET"]}}],"collection":[{"href":"https:\/\/temucotelevision.cl\/web\/wp-json\/wp\/v2\/posts"}],"about":[{"href":"https:\/\/temucotelevision.cl\/web\/wp-json\/wp\/v2\/types\/post"}],"author":[{"embeddable":true,"href":"https:\/\/temucotelevision.cl\/web\/wp-json\/wp\/v2\/users\/143"}],"replies":[{"embeddable":true,"href":"https:\/\/temucotelevision.cl\/web\/wp-json\/wp\/v2\/comments?post=46378"}],"version-history":[{"count":3,"href":"https:\/\/temucotelevision.cl\/web\/wp-json\/wp\/v2\/posts\/46378\/revisions"}],"predecessor-version":[{"id":46420,"href":"https:\/\/temucotelevision.cl\/web\/wp-json\/wp\/v2\/posts\/46378\/revisions\/46420"}],"wp:featuredmedia":[{"embeddable":true,"href":"https:\/\/temucotelevision.cl\/web\/wp-json\/wp\/v2\/media\/46388"}],"wp:attachment":[{"href":"https:\/\/temucotelevision.cl\/web\/wp-json\/wp\/v2\/media?parent=46378"}],"wp:term":[{"taxonomy":"category","embeddable":true,"href":"https:\/\/temucotelevision.cl\/web\/wp-json\/wp\/v2\/categories?post=46378"},{"taxonomy":"post_tag","embeddable":true,"href":"https:\/\/temucotelevision.cl\/web\/wp-json\/wp\/v2\/tags?post=46378"}],"curies":[{"name":"wp","href":"https:\/\/api.w.org\/{rel}","templated":true}]}}