{"id":4625,"date":"2019-07-04T11:46:33","date_gmt":"2019-07-04T14:46:33","guid":{"rendered":"https:\/\/temucotelevision.cl\/web\/?p=4625"},"modified":"2019-07-04T11:50:14","modified_gmt":"2019-07-04T14:50:14","slug":"agrupaciones-de-victimas-de-violencia-rural-anuncian-nuevas-movilizaciones","status":"publish","type":"post","link":"https:\/\/temucotelevision.cl\/web\/2019\/07\/04\/agrupaciones-de-victimas-de-violencia-rural-anuncian-nuevas-movilizaciones\/","title":{"rendered":"Agrupaciones de v\u00edctimas de violencia rural anuncian nuevas movilizaciones"},"content":{"rendered":"<div class=\"pvc_clear\"><\/div>\n<p id=\"pvc_stats_4625\" class=\"pvc_stats total_only  \" data-element-id=\"4625\" style=\"\"><i class=\"pvc-stats-icon large\" aria-hidden=\"true\"><svg aria-hidden=\"true\" focusable=\"false\" data-prefix=\"far\" data-icon=\"chart-bar\" role=\"img\" xmlns=\"http:\/\/www.w3.org\/2000\/svg\" viewBox=\"0 0 512 512\" class=\"svg-inline--fa fa-chart-bar fa-w-16 fa-2x\"><path fill=\"currentColor\" d=\"M396.8 352h22.4c6.4 0 12.8-6.4 12.8-12.8V108.8c0-6.4-6.4-12.8-12.8-12.8h-22.4c-6.4 0-12.8 6.4-12.8 12.8v230.4c0 6.4 6.4 12.8 12.8 12.8zm-192 0h22.4c6.4 0 12.8-6.4 12.8-12.8V140.8c0-6.4-6.4-12.8-12.8-12.8h-22.4c-6.4 0-12.8 6.4-12.8 12.8v198.4c0 6.4 6.4 12.8 12.8 12.8zm96 0h22.4c6.4 0 12.8-6.4 12.8-12.8V204.8c0-6.4-6.4-12.8-12.8-12.8h-22.4c-6.4 0-12.8 6.4-12.8 12.8v134.4c0 6.4 6.4 12.8 12.8 12.8zM496 400H48V80c0-8.84-7.16-16-16-16H16C7.16 64 0 71.16 0 80v336c0 17.67 14.33 32 32 32h464c8.84 0 16-7.16 16-16v-16c0-8.84-7.16-16-16-16zm-387.2-48h22.4c6.4 0 12.8-6.4 12.8-12.8v-70.4c0-6.4-6.4-12.8-12.8-12.8h-22.4c-6.4 0-12.8 6.4-12.8 12.8v70.4c0 6.4 6.4 12.8 12.8 12.8z\" class=\"\"><\/path><\/svg><\/i> <img loading=\"lazy\" decoding=\"async\" width=\"16\" height=\"16\" alt=\"Loading\" src=\"https:\/\/temucotelevision.cl\/web\/wp-content\/plugins\/page-views-count\/ajax-loader-2x.gif\" border=0 \/><\/p>\n<div class=\"pvc_clear\"><\/div>\n<p style=\"text-align: justify;\">Los representantes se\u00f1alaron que pedir\u00e1n apoyo de parlamentarios para la creaci\u00f3n de una ley de reparaci\u00f3n a v\u00edctimas.<\/p>\n<p style=\"text-align: justify;\">Mujeres por La Araucan\u00eda junto a APRA, Asociaci\u00f3n de Paz y Reconciliaci\u00f3n en La Araucan\u00eda, se reunieron para organizarse en pr\u00f3ximas movilizaciones, las cuales ya confirmaron que, en un principio, se tratar\u00e1n de intervenciones urbanas.<\/p>\n<p style=\"text-align: justify;\">En este sentido, Ruth Hurtado, presidenta de la agrupaci\u00f3n Mujeres por La Araucan\u00eda, detall\u00f3 que \u201cevaluamos nuestra primera manifestaci\u00f3n y coincidimos de que fue un \u00e9xito. Pero esa no ser\u00e1 la primera ni la \u00faltima. Nosotros queremos ser escuchados y seguiremos en esta l\u00ednea realizando distintas intervenciones urbanas. La idea es que la gente tambi\u00e9n pueda concientizar lo que viven cientos de agricultores y peque\u00f1os parceleros de La Araucan\u00eda as\u00ed como tambi\u00e9n del BioBio y Los R\u00edos\u201d.<\/p>\n<p style=\"text-align: justify;\">Ambas agrupaciones explicaron que, dentro de su l\u00ednea de trabajo, perseguir\u00e1n la creaci\u00f3n de una ley de reparaci\u00f3n a v\u00edctimas. En este contexto, ambas agrupaciones pedir\u00e1n el apoyo a los parlamentarios de la Bancada Trasversal para sacar adelante esta iniciativa.<\/p>\n<p style=\"text-align: justify;\">Por lo mismo, Hurtado explic\u00f3 que \u201cpediremos a los diputados que nos ayuden para la creaci\u00f3n de una ley de reparaci\u00f3n a v\u00edctimas. Nosotros queremos seguridad, tambi\u00e9n justicia pero esto no existe. Como v\u00edctimas estamos al debe y por lo mismo esperamos que la bancada transversal de La Araucan\u00eda se re\u00fana con nosotros y nos ayuden a crear una ley para las v\u00edctimas de violencia y terrorismo en la regi\u00f3n\u201d.<\/p>\n<p style=\"text-align: justify;\">Por su parte, Justo Guti\u00e9rrez, expres\u00f3 que \u201cesperamos seguir trabajando juntos y que las autoridades escuchen nuestras demandas, las que por cierto son muy leg\u00edtimas (&#8230;) estamos contentos de habernos manifestado y seguiremos haci\u00e9ndolo de distintas maneras para ser considerados en las pol\u00edticas p\u00fablicas y para que la ciudadan\u00eda conozca nuestra triste realidad\u201d, finaliz\u00f3.<\/p>\n","protected":false},"excerpt":{"rendered":"<div class=\"pvc_clear\"><\/div>\n<p id=\"pvc_stats_4625\" class=\"pvc_stats total_only  \" data-element-id=\"4625\" style=\"\"><i class=\"pvc-stats-icon large\" aria-hidden=\"true\"><svg aria-hidden=\"true\" focusable=\"false\" data-prefix=\"far\" data-icon=\"chart-bar\" role=\"img\" xmlns=\"http:\/\/www.w3.org\/2000\/svg\" viewBox=\"0 0 512 512\" class=\"svg-inline--fa fa-chart-bar fa-w-16 fa-2x\"><path fill=\"currentColor\" d=\"M396.8 352h22.4c6.4 0 12.8-6.4 12.8-12.8V108.8c0-6.4-6.4-12.8-12.8-12.8h-22.4c-6.4 0-12.8 6.4-12.8 12.8v230.4c0 6.4 6.4 12.8 12.8 12.8zm-192 0h22.4c6.4 0 12.8-6.4 12.8-12.8V140.8c0-6.4-6.4-12.8-12.8-12.8h-22.4c-6.4 0-12.8 6.4-12.8 12.8v198.4c0 6.4 6.4 12.8 12.8 12.8zm96 0h22.4c6.4 0 12.8-6.4 12.8-12.8V204.8c0-6.4-6.4-12.8-12.8-12.8h-22.4c-6.4 0-12.8 6.4-12.8 12.8v134.4c0 6.4 6.4 12.8 12.8 12.8zM496 400H48V80c0-8.84-7.16-16-16-16H16C7.16 64 0 71.16 0 80v336c0 17.67 14.33 32 32 32h464c8.84 0 16-7.16 16-16v-16c0-8.84-7.16-16-16-16zm-387.2-48h22.4c6.4 0 12.8-6.4 12.8-12.8v-70.4c0-6.4-6.4-12.8-12.8-12.8h-22.4c-6.4 0-12.8 6.4-12.8 12.8v70.4c0 6.4 6.4 12.8 12.8 12.8z\" class=\"\"><\/path><\/svg><\/i> <img loading=\"lazy\" decoding=\"async\" width=\"16\" height=\"16\" alt=\"Loading\" src=\"https:\/\/temucotelevision.cl\/web\/wp-content\/plugins\/page-views-count\/ajax-loader-2x.gif\" border=0 \/><\/p>\n<div class=\"pvc_clear\"><\/div>\n<p>Los representantes se\u00f1alaron que pedir\u00e1n apoyo de parlamentarios para la creaci\u00f3n de una ley de reparaci\u00f3n a v\u00edctimas. Mujeres por<\/p>\n","protected":false},"author":1,"featured_media":4510,"comment_status":"open","ping_status":"open","sticky":false,"template":"","format":"standard","meta":{"colormag_page_container_layout":"default_layout","colormag_page_sidebar_layout":"default_layout","footnotes":""},"categories":[15],"tags":[1625,1405,1237],"class_list":["post-4625","post","type-post","status-publish","format-standard","has-post-thumbnail","hentry","category-la-araucania","tag-agrupaciones","tag-victimas","tag-violencia"],"a3_pvc":{"activated":true,"total_views":31,"today_views":0},"_links":{"self":[{"href":"https:\/\/temucotelevision.cl\/web\/wp-json\/wp\/v2\/posts\/4625","targetHints":{"allow":["GET"]}}],"collection":[{"href":"https:\/\/temucotelevision.cl\/web\/wp-json\/wp\/v2\/posts"}],"about":[{"href":"https:\/\/temucotelevision.cl\/web\/wp-json\/wp\/v2\/types\/post"}],"author":[{"embeddable":true,"href":"https:\/\/temucotelevision.cl\/web\/wp-json\/wp\/v2\/users\/1"}],"replies":[{"embeddable":true,"href":"https:\/\/temucotelevision.cl\/web\/wp-json\/wp\/v2\/comments?post=4625"}],"version-history":[{"count":1,"href":"https:\/\/temucotelevision.cl\/web\/wp-json\/wp\/v2\/posts\/4625\/revisions"}],"predecessor-version":[{"id":4626,"href":"https:\/\/temucotelevision.cl\/web\/wp-json\/wp\/v2\/posts\/4625\/revisions\/4626"}],"wp:featuredmedia":[{"embeddable":true,"href":"https:\/\/temucotelevision.cl\/web\/wp-json\/wp\/v2\/media\/4510"}],"wp:attachment":[{"href":"https:\/\/temucotelevision.cl\/web\/wp-json\/wp\/v2\/media?parent=4625"}],"wp:term":[{"taxonomy":"category","embeddable":true,"href":"https:\/\/temucotelevision.cl\/web\/wp-json\/wp\/v2\/categories?post=4625"},{"taxonomy":"post_tag","embeddable":true,"href":"https:\/\/temucotelevision.cl\/web\/wp-json\/wp\/v2\/tags?post=4625"}],"curies":[{"name":"wp","href":"https:\/\/api.w.org\/{rel}","templated":true}]}}