{"id":46207,"date":"2023-11-15T11:42:28","date_gmt":"2023-11-15T14:42:28","guid":{"rendered":"https:\/\/temucotelevision.cl\/web\/?p=46207"},"modified":"2023-11-15T11:42:29","modified_gmt":"2023-11-15T14:42:29","slug":"equipo-mt-0-de-lautaro-detuvo-a-un-hombre-por-microtrafico-y-tenencia-de-arma-de-fuego","status":"publish","type":"post","link":"https:\/\/temucotelevision.cl\/web\/2023\/11\/15\/equipo-mt-0-de-lautaro-detuvo-a-un-hombre-por-microtrafico-y-tenencia-de-arma-de-fuego\/","title":{"rendered":"Equipo MT-0 de Lautaro detuvo a un hombre por microtr\u00e1fico y tenencia de arma de fuego"},"content":{"rendered":"<div class=\"pvc_clear\"><\/div><p id=\"pvc_stats_46207\" class=\"pvc_stats total_only  \" data-element-id=\"46207\" style=\"\"><i class=\"pvc-stats-icon large\" aria-hidden=\"true\"><svg aria-hidden=\"true\" focusable=\"false\" data-prefix=\"far\" data-icon=\"chart-bar\" role=\"img\" xmlns=\"http:\/\/www.w3.org\/2000\/svg\" viewBox=\"0 0 512 512\" class=\"svg-inline--fa fa-chart-bar fa-w-16 fa-2x\"><path fill=\"currentColor\" d=\"M396.8 352h22.4c6.4 0 12.8-6.4 12.8-12.8V108.8c0-6.4-6.4-12.8-12.8-12.8h-22.4c-6.4 0-12.8 6.4-12.8 12.8v230.4c0 6.4 6.4 12.8 12.8 12.8zm-192 0h22.4c6.4 0 12.8-6.4 12.8-12.8V140.8c0-6.4-6.4-12.8-12.8-12.8h-22.4c-6.4 0-12.8 6.4-12.8 12.8v198.4c0 6.4 6.4 12.8 12.8 12.8zm96 0h22.4c6.4 0 12.8-6.4 12.8-12.8V204.8c0-6.4-6.4-12.8-12.8-12.8h-22.4c-6.4 0-12.8 6.4-12.8 12.8v134.4c0 6.4 6.4 12.8 12.8 12.8zM496 400H48V80c0-8.84-7.16-16-16-16H16C7.16 64 0 71.16 0 80v336c0 17.67 14.33 32 32 32h464c8.84 0 16-7.16 16-16v-16c0-8.84-7.16-16-16-16zm-387.2-48h22.4c6.4 0 12.8-6.4 12.8-12.8v-70.4c0-6.4-6.4-12.8-12.8-12.8h-22.4c-6.4 0-12.8 6.4-12.8 12.8v70.4c0 6.4 6.4 12.8 12.8 12.8z\" class=\"\"><\/path><\/svg><\/i> <img loading=\"lazy\" decoding=\"async\" width=\"16\" height=\"16\" alt=\"Loading\" src=\"https:\/\/temucotelevision.cl\/web\/wp-content\/plugins\/page-views-count\/ajax-loader-2x.gif\" border=0 \/><\/p><div class=\"pvc_clear\"><\/div>\n<p>El Equipo Microtr\u00e1fico Cero (MT-0) de la Brigada de Investigaci\u00f3n Criminal (Bicrim) Lautaro, detuvo a un hombre, mayor de edad, por el delito de tr\u00e1fico de drogas en peque\u00f1as cantidades e Infracci\u00f3n a la Ley de Armas.<\/p>\n\n\n\n<p>El subprefecto Gabriel Medrano, subjefe de la Bicrim Lautaro, explic\u00f3 que, en el marco de diversas diligencias investigativas, lograron la detenci\u00f3n del sujeto, adem\u00e1s de la incautaci\u00f3n de diversos tipos de droga y elementos para su dosificaci\u00f3n, adem\u00e1s de un arma de fuego y munici\u00f3n bal\u00edstica.<\/p>\n\n\n\n<p>\u201cSe incautaron 92 gramos de clorhidrato de coca\u00edna, 143 gramos de cannabis, $930 mil pesos en efectivo, una pistola calibre 9 mil\u00edmetros con su n\u00famero de serie borrado, adem\u00e1s de 18 cartuchos del mismo calibre sin percutir\u201d, indic\u00f3 el subprefecto. Asimismo, se decomis\u00f3 una balanza digital y bolsas para la dosificaci\u00f3n de los estupefacientes.<\/p>\n\n\n\n<p>Cabe se\u00f1alar que el detenido cuanta con antecedentes policiales por el delito de robo por sorpresa e infracci\u00f3n a la Ley de Propiedad Intelectual.<\/p>\n\n\n\n<p>Los antecedentes fueron entregados a la Fiscal\u00eda de Flagrancias y primeras Diligencias, donde se instruy\u00f3 que el imputado fuera puesto a disposici\u00f3n del Juzgado de Garant\u00eda de Lautaro para su respectiva audiencia de control de detenci\u00f3n, en tanto, la droga fue derivada al Servicio de Salud para su destrucci\u00f3n y el arma junto a las municiones ser\u00e1n periciados por el Laboratorio de Criminal\u00edstica Temuco Sur.<\/p>\n","protected":false},"excerpt":{"rendered":"<div class=\"pvc_clear\"><\/div>\n<p id=\"pvc_stats_46207\" class=\"pvc_stats total_only  \" data-element-id=\"46207\" style=\"\"><i class=\"pvc-stats-icon large\" aria-hidden=\"true\"><svg aria-hidden=\"true\" focusable=\"false\" data-prefix=\"far\" data-icon=\"chart-bar\" role=\"img\" xmlns=\"http:\/\/www.w3.org\/2000\/svg\" viewBox=\"0 0 512 512\" class=\"svg-inline--fa fa-chart-bar fa-w-16 fa-2x\"><path fill=\"currentColor\" d=\"M396.8 352h22.4c6.4 0 12.8-6.4 12.8-12.8V108.8c0-6.4-6.4-12.8-12.8-12.8h-22.4c-6.4 0-12.8 6.4-12.8 12.8v230.4c0 6.4 6.4 12.8 12.8 12.8zm-192 0h22.4c6.4 0 12.8-6.4 12.8-12.8V140.8c0-6.4-6.4-12.8-12.8-12.8h-22.4c-6.4 0-12.8 6.4-12.8 12.8v198.4c0 6.4 6.4 12.8 12.8 12.8zm96 0h22.4c6.4 0 12.8-6.4 12.8-12.8V204.8c0-6.4-6.4-12.8-12.8-12.8h-22.4c-6.4 0-12.8 6.4-12.8 12.8v134.4c0 6.4 6.4 12.8 12.8 12.8zM496 400H48V80c0-8.84-7.16-16-16-16H16C7.16 64 0 71.16 0 80v336c0 17.67 14.33 32 32 32h464c8.84 0 16-7.16 16-16v-16c0-8.84-7.16-16-16-16zm-387.2-48h22.4c6.4 0 12.8-6.4 12.8-12.8v-70.4c0-6.4-6.4-12.8-12.8-12.8h-22.4c-6.4 0-12.8 6.4-12.8 12.8v70.4c0 6.4 6.4 12.8 12.8 12.8z\" class=\"\"><\/path><\/svg><\/i> <img loading=\"lazy\" decoding=\"async\" width=\"16\" height=\"16\" alt=\"Loading\" src=\"https:\/\/temucotelevision.cl\/web\/wp-content\/plugins\/page-views-count\/ajax-loader-2x.gif\" border=0 \/><\/p>\n<div class=\"pvc_clear\"><\/div>\n<p>El Equipo Microtr\u00e1fico Cero (MT-0) de la Brigada de Investigaci\u00f3n Criminal (Bicrim) Lautaro, detuvo a un hombre, mayor de edad,<\/p>\n","protected":false},"author":1,"featured_media":46208,"comment_status":"open","ping_status":"open","sticky":false,"template":"","format":"standard","meta":{"colormag_page_container_layout":"default_layout","colormag_page_sidebar_layout":"default_layout","footnotes":""},"categories":[16],"tags":[791,188,2729,76],"class_list":["post-46207","post","type-post","status-publish","format-standard","has-post-thumbnail","hentry","category-policial","tag-arma","tag-hombre","tag-microtrafico","tag-pdi"],"a3_pvc":{"activated":true,"total_views":1225,"today_views":0},"_links":{"self":[{"href":"https:\/\/temucotelevision.cl\/web\/wp-json\/wp\/v2\/posts\/46207","targetHints":{"allow":["GET"]}}],"collection":[{"href":"https:\/\/temucotelevision.cl\/web\/wp-json\/wp\/v2\/posts"}],"about":[{"href":"https:\/\/temucotelevision.cl\/web\/wp-json\/wp\/v2\/types\/post"}],"author":[{"embeddable":true,"href":"https:\/\/temucotelevision.cl\/web\/wp-json\/wp\/v2\/users\/1"}],"replies":[{"embeddable":true,"href":"https:\/\/temucotelevision.cl\/web\/wp-json\/wp\/v2\/comments?post=46207"}],"version-history":[{"count":1,"href":"https:\/\/temucotelevision.cl\/web\/wp-json\/wp\/v2\/posts\/46207\/revisions"}],"predecessor-version":[{"id":46209,"href":"https:\/\/temucotelevision.cl\/web\/wp-json\/wp\/v2\/posts\/46207\/revisions\/46209"}],"wp:featuredmedia":[{"embeddable":true,"href":"https:\/\/temucotelevision.cl\/web\/wp-json\/wp\/v2\/media\/46208"}],"wp:attachment":[{"href":"https:\/\/temucotelevision.cl\/web\/wp-json\/wp\/v2\/media?parent=46207"}],"wp:term":[{"taxonomy":"category","embeddable":true,"href":"https:\/\/temucotelevision.cl\/web\/wp-json\/wp\/v2\/categories?post=46207"},{"taxonomy":"post_tag","embeddable":true,"href":"https:\/\/temucotelevision.cl\/web\/wp-json\/wp\/v2\/tags?post=46207"}],"curies":[{"name":"wp","href":"https:\/\/api.w.org\/{rel}","templated":true}]}}