{"id":46201,"date":"2023-11-14T16:40:06","date_gmt":"2023-11-14T19:40:06","guid":{"rendered":"https:\/\/temucotelevision.cl\/web\/?p=46201"},"modified":"2023-11-14T16:40:07","modified_gmt":"2023-11-14T19:40:07","slug":"tras-alerta-al-133-carabineros-detiene-a-trio-criminal-dos-de-ellos-suman-129-detenciones","status":"publish","type":"post","link":"https:\/\/temucotelevision.cl\/web\/2023\/11\/14\/tras-alerta-al-133-carabineros-detiene-a-trio-criminal-dos-de-ellos-suman-129-detenciones\/","title":{"rendered":"Tras alerta al 133: Carabineros detiene a tr\u00edo criminal, dos de ellos suman 129 detenciones"},"content":{"rendered":"<div class=\"pvc_clear\"><\/div><p id=\"pvc_stats_46201\" class=\"pvc_stats total_only  \" data-element-id=\"46201\" style=\"\"><i class=\"pvc-stats-icon large\" aria-hidden=\"true\"><svg aria-hidden=\"true\" focusable=\"false\" data-prefix=\"far\" data-icon=\"chart-bar\" role=\"img\" xmlns=\"http:\/\/www.w3.org\/2000\/svg\" viewBox=\"0 0 512 512\" class=\"svg-inline--fa fa-chart-bar fa-w-16 fa-2x\"><path fill=\"currentColor\" d=\"M396.8 352h22.4c6.4 0 12.8-6.4 12.8-12.8V108.8c0-6.4-6.4-12.8-12.8-12.8h-22.4c-6.4 0-12.8 6.4-12.8 12.8v230.4c0 6.4 6.4 12.8 12.8 12.8zm-192 0h22.4c6.4 0 12.8-6.4 12.8-12.8V140.8c0-6.4-6.4-12.8-12.8-12.8h-22.4c-6.4 0-12.8 6.4-12.8 12.8v198.4c0 6.4 6.4 12.8 12.8 12.8zm96 0h22.4c6.4 0 12.8-6.4 12.8-12.8V204.8c0-6.4-6.4-12.8-12.8-12.8h-22.4c-6.4 0-12.8 6.4-12.8 12.8v134.4c0 6.4 6.4 12.8 12.8 12.8zM496 400H48V80c0-8.84-7.16-16-16-16H16C7.16 64 0 71.16 0 80v336c0 17.67 14.33 32 32 32h464c8.84 0 16-7.16 16-16v-16c0-8.84-7.16-16-16-16zm-387.2-48h22.4c6.4 0 12.8-6.4 12.8-12.8v-70.4c0-6.4-6.4-12.8-12.8-12.8h-22.4c-6.4 0-12.8 6.4-12.8 12.8v70.4c0 6.4 6.4 12.8 12.8 12.8z\" class=\"\"><\/path><\/svg><\/i> <img loading=\"lazy\" decoding=\"async\" width=\"16\" height=\"16\" alt=\"Loading\" src=\"https:\/\/temucotelevision.cl\/web\/wp-content\/plugins\/page-views-count\/ajax-loader-2x.gif\" border=0 \/><\/p><div class=\"pvc_clear\"><\/div>\n<p>Una mujer y dos hombres, uno de ellos adulto mayor con 95 reiteraciones y otro mayor de edad con 34, fueron detenidos durante la tarde de ayer lunes por Carabineros de la 2\u00aa Comisar\u00eda de Temuco luego de un llamado al 133 que daba cuenta de un veh\u00edculo con actitudes sospechosas en el sector c\u00e9ntrico de la ciudad, activando un operativo policial a trav\u00e9s de distintos medios log\u00edsticos que logr\u00f3 detenerlos con diversas especies sustra\u00eddas desde comercio de retail. Adem\u00e1s, los hombres aprehendidos, oriundos de la Regi\u00f3n de Valpara\u00edso, mantienen \u00f3rdenes de detenci\u00f3n vigentes para cumplir condena por distintos delitos relacionados al robo y hurto, por lo que ingresar\u00e1n a la c\u00e1rcel a cumplir sus condenas tras su formalizaci\u00f3n realizada el d\u00eda de hoy<\/p>\n\n\n\n<p>A ra\u00edz de comunicado a la Central de Comunicaciones CENCO Caut\u00edn, informaban a Carabineros de la 2\u00aa Comisar\u00eda de Temuco que un veh\u00edculo marca Nissan con tres ocupantes circulaba por distintos puntos del sector c\u00e9ntrico de la ciudad en actitud sospechosa. Acto seguido, el veh\u00edculo es divisado mediante central c\u00e1maras, iniciando un seguimiento apoyado por drones de la Subsecretar\u00eda de Prevenci\u00f3n del Delito, siendo interceptado el autom\u00f3vil en el sector de Prieto Norte por personal policial, quienes acudieron r\u00e1pidamente al lugar.<\/p>\n\n\n\n<p>Es en ese contexto, que Carabineros al reducir a los sujetos y proceder a fiscalizar al veh\u00edculo, observaron la presencia de distintas especies de vestuario de grandes tiendas y ferreter\u00eda al interior que se encontraban con sus respectivas etiquetas y alarmas, quienes al ser consultados no lograron justificar la procedencia de las especies con un aval\u00fao cercano a los 500 mil pesos, siendo detenidos por el delito de receptaci\u00f3n, en ese momento.<\/p>\n\n\n\n<p>Posteriormente y al ser consultados a las bases de datos y confirmar sus identidades ya que inicialmente uno de ellos proporcion\u00f3 informaci\u00f3n falsa, personal policial logr\u00f3 determinar que lidiaban con prol\u00edficos delincuentes; un sujeto adulto mayor de 65 a\u00f1os de iniciales B.S.G.M manten\u00eda 95 detenciones anteriores y 4 \u00f3rdenes de detenci\u00f3n vigentes todas por el delito de hurto de diversos tribunales de la regi\u00f3n de Valpara\u00edso, mientras que un segundo individuo de 41 a\u00f1os, contaba con 34 reiteraciones y 2 \u00f3rdenes de aprehensi\u00f3n vigentes. La mujer no contaba con historial policial mientras que ambos hombres adem\u00e1s figuraban con \u00f3rdenes judiciales para cumplir condenas por robos y hurtos.<\/p>\n\n\n\n<p>El Teniente Coronel Felipe Cerda, Comisario de la 2\u00aa Comisar\u00eda Temuco agreg\u00f3 adem\u00e1s que \u201cingres\u00f3 un comunicado radial al nivel 133 que apuntaba a un veh\u00edculo color azul en actitudes sospechosas rondando por el centro de Temuco. Con esta informaci\u00f3n, Carabineros se despleg\u00f3 apoyados por la central c\u00e1maras y drones pudiendo ubicar a este veh\u00edculo, inici\u00e1ndose un seguimiento controlado para posteriormente fiscalizarlo en la calle de Prieto Norte. Una vez que se da con este veh\u00edculo y se logr\u00f3 fiscalizar a las personas, entregaron identidades falsas\u201d, se\u00f1al\u00f3.<\/p>\n\n\n\n<p>Destac\u00f3 adem\u00e1s que \u201cse logr\u00f3 en la 2\u00aa Comisar\u00eda corroborar la real identidad de ellos , estableciendo que estos antisociales, uno de ellos manten\u00eda 95 detenciones de las cuales 4 eran \u00f3rdenes de aprehensi\u00f3n pendientes y para cumplir condena, mientras que la segunda persona que estaba en el interior del veh\u00edculo manten\u00eda 34 detenciones por Carabineros, de las cuales 2 son \u00f3rdenes de aprehensi\u00f3n pendiente y tambi\u00e9n para cumplir condena, haciendo un total de 129 detenciones por personal de Carabineros entre ambas, incautando adem\u00e1s distintas especies sustra\u00eddas desde el retail del sector c\u00e9ntrico de Temuco las que conservaban al interior del veh\u00edculo\u201d, resalt\u00f3 el Comandante Cerda.<\/p>\n\n\n\n<p>El Delegado Presidencial Regional Jos\u00e9 Montalva valor\u00f3 el procedimiento concretado por Carabineros se\u00f1alando que \u201cesas son las personas que generan esta inseguridad que muchas veces hace que las personas consideren que el centro de Temuco es peligroso y es por eso que se han sacado de circulaci\u00f3n, se han detenido (\u2026) estamos hablando de personas que dedican su vida al delito, por lo que si alguien cree que va a poder venir a la regi\u00f3n de la Araucan\u00eda y en particular a la comuna de Temuco a robar, se ha equivocado. Se hace un trabajo no solamente de Carabineros, sino tambi\u00e9n con apoyo de drones de la Subsidiar\u00eda de Prevenci\u00f3n del Delito para poder perseguir, sobre todo, a delincuentes prol\u00edficos que operan en nuestra regi\u00f3n, en particular en la comuna de Temuco\u201d, asever\u00f3 Montalva.<\/p>\n\n\n\n<p>Por su parte, el Alcalde de Temuco Roberto Neira agradeci\u00f3 la labor policial destacando que \u201cse han detenido a tres personas, de los cuales dos son delincuentes muy avezados, que son de Valpara\u00edso, un clan familiar que se movilizaba por Chile y que fueron capturados el d\u00eda de ayer (\u2026) esto nos pone muy contentos como municipio, porque de aqu\u00ed lo que se hace es prevenir m\u00e1s delitos y tambi\u00e9n la movilidad este en distintos lugares de nuestro pa\u00eds. Por tanto, como alcalde, felicito Carabineros de Chile en esta materia, porque ha retirado y sacado de circulaci\u00f3n a una banda especializada en robo en tiendas comerciales\u201d, resalt\u00f3 el Alcalde.<\/p>\n\n\n\n<p>El Fiscal Luis Torres de la Fiscal\u00eda de Temuco, agreg\u00f3 que \u201clos imputados fueron puestos a disposici\u00f3n por un delito de receptaci\u00f3n de especies y usurpaci\u00f3n de identidad por parte de uno de ellos, decretando el Tribunal de Garant\u00eda la legalidad del procedimiento. Respecto a los dos varones como ten\u00edan situaciones procesales pendientes, ellos ingresar\u00e1n a la c\u00e1rcel a cumplir condenas y respecto a la mujer como no ten\u00eda antecedentes, qued\u00f3 con arraigo nacional y prohibici\u00f3n de ingresar a las tiendas afectadas\u201d, puntualiz\u00f3 el Fiscal tras su formalizaci\u00f3n realizada durante la tarde del d\u00eda de hoy.<\/p>\n\n\n\n<figure class=\"wp-block-image size-large\"><img loading=\"lazy\" decoding=\"async\" width=\"1024\" height=\"576\" src=\"https:\/\/temucotelevision.cl\/web\/wp-content\/uploads\/2023\/11\/Especies-1024x576.jpeg\" alt=\"\" class=\"wp-image-46203\" srcset=\"https:\/\/temucotelevision.cl\/web\/wp-content\/uploads\/2023\/11\/Especies-1024x576.jpeg 1024w, https:\/\/temucotelevision.cl\/web\/wp-content\/uploads\/2023\/11\/Especies-768x432.jpeg 768w, https:\/\/temucotelevision.cl\/web\/wp-content\/uploads\/2023\/11\/Especies-1536x864.jpeg 1536w, https:\/\/temucotelevision.cl\/web\/wp-content\/uploads\/2023\/11\/Especies.jpeg 1600w\" sizes=\"auto, (max-width: 1024px) 100vw, 1024px\" \/><\/figure>\n","protected":false},"excerpt":{"rendered":"<div class=\"pvc_clear\"><\/div>\n<p id=\"pvc_stats_46201\" class=\"pvc_stats total_only  \" data-element-id=\"46201\" style=\"\"><i class=\"pvc-stats-icon large\" aria-hidden=\"true\"><svg aria-hidden=\"true\" focusable=\"false\" data-prefix=\"far\" data-icon=\"chart-bar\" role=\"img\" xmlns=\"http:\/\/www.w3.org\/2000\/svg\" viewBox=\"0 0 512 512\" class=\"svg-inline--fa fa-chart-bar fa-w-16 fa-2x\"><path fill=\"currentColor\" d=\"M396.8 352h22.4c6.4 0 12.8-6.4 12.8-12.8V108.8c0-6.4-6.4-12.8-12.8-12.8h-22.4c-6.4 0-12.8 6.4-12.8 12.8v230.4c0 6.4 6.4 12.8 12.8 12.8zm-192 0h22.4c6.4 0 12.8-6.4 12.8-12.8V140.8c0-6.4-6.4-12.8-12.8-12.8h-22.4c-6.4 0-12.8 6.4-12.8 12.8v198.4c0 6.4 6.4 12.8 12.8 12.8zm96 0h22.4c6.4 0 12.8-6.4 12.8-12.8V204.8c0-6.4-6.4-12.8-12.8-12.8h-22.4c-6.4 0-12.8 6.4-12.8 12.8v134.4c0 6.4 6.4 12.8 12.8 12.8zM496 400H48V80c0-8.84-7.16-16-16-16H16C7.16 64 0 71.16 0 80v336c0 17.67 14.33 32 32 32h464c8.84 0 16-7.16 16-16v-16c0-8.84-7.16-16-16-16zm-387.2-48h22.4c6.4 0 12.8-6.4 12.8-12.8v-70.4c0-6.4-6.4-12.8-12.8-12.8h-22.4c-6.4 0-12.8 6.4-12.8 12.8v70.4c0 6.4 6.4 12.8 12.8 12.8z\" class=\"\"><\/path><\/svg><\/i> <img loading=\"lazy\" decoding=\"async\" width=\"16\" height=\"16\" alt=\"Loading\" src=\"https:\/\/temucotelevision.cl\/web\/wp-content\/plugins\/page-views-count\/ajax-loader-2x.gif\" border=0 \/><\/p>\n<div class=\"pvc_clear\"><\/div>\n<p>Una mujer y dos hombres, uno de ellos adulto mayor con 95 reiteraciones y otro mayor de edad con 34,<\/p>\n","protected":false},"author":1,"featured_media":46202,"comment_status":"open","ping_status":"open","sticky":false,"template":"","format":"standard","meta":{"colormag_page_container_layout":"default_layout","colormag_page_sidebar_layout":"default_layout","footnotes":""},"categories":[15,16],"tags":[1555,328,1040],"class_list":["post-46201","post","type-post","status-publish","format-standard","has-post-thumbnail","hentry","category-la-araucania","category-policial","tag-delincuentes","tag-detenidos","tag-prontuario"],"a3_pvc":{"activated":true,"total_views":3396,"today_views":0},"_links":{"self":[{"href":"https:\/\/temucotelevision.cl\/web\/wp-json\/wp\/v2\/posts\/46201","targetHints":{"allow":["GET"]}}],"collection":[{"href":"https:\/\/temucotelevision.cl\/web\/wp-json\/wp\/v2\/posts"}],"about":[{"href":"https:\/\/temucotelevision.cl\/web\/wp-json\/wp\/v2\/types\/post"}],"author":[{"embeddable":true,"href":"https:\/\/temucotelevision.cl\/web\/wp-json\/wp\/v2\/users\/1"}],"replies":[{"embeddable":true,"href":"https:\/\/temucotelevision.cl\/web\/wp-json\/wp\/v2\/comments?post=46201"}],"version-history":[{"count":1,"href":"https:\/\/temucotelevision.cl\/web\/wp-json\/wp\/v2\/posts\/46201\/revisions"}],"predecessor-version":[{"id":46204,"href":"https:\/\/temucotelevision.cl\/web\/wp-json\/wp\/v2\/posts\/46201\/revisions\/46204"}],"wp:featuredmedia":[{"embeddable":true,"href":"https:\/\/temucotelevision.cl\/web\/wp-json\/wp\/v2\/media\/46202"}],"wp:attachment":[{"href":"https:\/\/temucotelevision.cl\/web\/wp-json\/wp\/v2\/media?parent=46201"}],"wp:term":[{"taxonomy":"category","embeddable":true,"href":"https:\/\/temucotelevision.cl\/web\/wp-json\/wp\/v2\/categories?post=46201"},{"taxonomy":"post_tag","embeddable":true,"href":"https:\/\/temucotelevision.cl\/web\/wp-json\/wp\/v2\/tags?post=46201"}],"curies":[{"name":"wp","href":"https:\/\/api.w.org\/{rel}","templated":true}]}}