{"id":4620,"date":"2019-07-04T10:47:00","date_gmt":"2019-07-04T13:47:00","guid":{"rendered":"https:\/\/temucotelevision.cl\/web\/?p=4620"},"modified":"2019-07-04T10:47:00","modified_gmt":"2019-07-04T13:47:00","slug":"corte-de-temuco-acoge-recurso-de-proteccion-y-ordena-eliminar-cercos-privados-de-plaza-publica-en-plc","status":"publish","type":"post","link":"https:\/\/temucotelevision.cl\/web\/2019\/07\/04\/corte-de-temuco-acoge-recurso-de-proteccion-y-ordena-eliminar-cercos-privados-de-plaza-publica-en-plc\/","title":{"rendered":"Corte de Temuco acoge recurso de protecci\u00f3n y ordena eliminar cercos privados de Plaza P\u00fablica en PLC"},"content":{"rendered":"<div class=\"pvc_clear\"><\/div>\n<p id=\"pvc_stats_4620\" class=\"pvc_stats total_only  \" data-element-id=\"4620\" style=\"\"><i class=\"pvc-stats-icon large\" aria-hidden=\"true\"><svg aria-hidden=\"true\" focusable=\"false\" data-prefix=\"far\" data-icon=\"chart-bar\" role=\"img\" xmlns=\"http:\/\/www.w3.org\/2000\/svg\" viewBox=\"0 0 512 512\" class=\"svg-inline--fa fa-chart-bar fa-w-16 fa-2x\"><path fill=\"currentColor\" d=\"M396.8 352h22.4c6.4 0 12.8-6.4 12.8-12.8V108.8c0-6.4-6.4-12.8-12.8-12.8h-22.4c-6.4 0-12.8 6.4-12.8 12.8v230.4c0 6.4 6.4 12.8 12.8 12.8zm-192 0h22.4c6.4 0 12.8-6.4 12.8-12.8V140.8c0-6.4-6.4-12.8-12.8-12.8h-22.4c-6.4 0-12.8 6.4-12.8 12.8v198.4c0 6.4 6.4 12.8 12.8 12.8zm96 0h22.4c6.4 0 12.8-6.4 12.8-12.8V204.8c0-6.4-6.4-12.8-12.8-12.8h-22.4c-6.4 0-12.8 6.4-12.8 12.8v134.4c0 6.4 6.4 12.8 12.8 12.8zM496 400H48V80c0-8.84-7.16-16-16-16H16C7.16 64 0 71.16 0 80v336c0 17.67 14.33 32 32 32h464c8.84 0 16-7.16 16-16v-16c0-8.84-7.16-16-16-16zm-387.2-48h22.4c6.4 0 12.8-6.4 12.8-12.8v-70.4c0-6.4-6.4-12.8-12.8-12.8h-22.4c-6.4 0-12.8 6.4-12.8 12.8v70.4c0 6.4 6.4 12.8 12.8 12.8z\" class=\"\"><\/path><\/svg><\/i> <img loading=\"lazy\" decoding=\"async\" width=\"16\" height=\"16\" alt=\"Loading\" src=\"https:\/\/temucotelevision.cl\/web\/wp-content\/plugins\/page-views-count\/ajax-loader-2x.gif\" border=0 \/><\/p>\n<div class=\"pvc_clear\"><\/div>\n<p style=\"text-align: justify;\">La Corte de Apelaciones de Temuco acogi\u00f3 \u2013el 3 de julio\u2013 el recurso de protecci\u00f3n presentado en contra de junta de vecinos por instalar cercos divisorios en plaza p\u00fablica ubicada en la Villa Pulmahue IV de la comuna de Padre Las Casas, obstruyendo el libre tr\u00e1nsito peatonal por el sector.<\/p>\n<p style=\"text-align: justify;\">En fallo un\u00e1nime, la Segunda Sala del tribunal de alzada \u2013integrada por los ministros Aner Padilla Buzada, Mar\u00eda Elena Llanos Morales y Marcelo Neculm\u00e1n Mu\u00f1oz\u2013 dio lugar a la acci\u00f3n constitucional deducida y dio un plazo de 30 d\u00edas a los vecinos recurridos para desarmar las vallas divisorias y orden\u00f3 a la Municipalidad de Padre Las Casas dejar sin efecto el decreto alcaldicio que autoriz\u00f3 la divisi\u00f3n de la plazoleta.<\/p>\n<p style=\"text-align: justify;\">\u201cQue el fundamento del recurrente, vecino del sector, consiste en que la Municipalidad de Padre Las Casas autoriz\u00f3 el cierre de los accesos a la plazoleta ubicada entre las calles Las Perdices, Los Mirlos y Las Alondras, por razones de seguridad para los habitantes colindantes a la plaza, pero este cierre impidi\u00f3 a los otros vecinos utilizar dicho lugar de esparcimiento, dej\u00f3 aislado un grifo de agua cuyo acceso estar\u00eda impidiendo el ingreso de bomberos y por \u00faltimo, los vecinos de la plazoleta extendieron sus sitios quedando subdividida esta en varios lotes, esto es apropi\u00e1ndose de este bien de uso p\u00fablico, vulnerando el derecho constitucional al tr\u00e1nsito y reuni\u00f3n en dicha plaza\u201d, detalla el fallo.<\/p>\n<p style=\"text-align: justify;\">La resoluci\u00f3n agrega: \u201cen cuanto al fondo, la recurrida dice que existe una falta de legitimaci\u00f3n pasiva toda vez que ella no ha restringido el derecho de reuni\u00f3n cuya facultad s\u00f3lo tiene el Presidente de la Rep\u00fablica en caso de excepci\u00f3n constitucional. Nada dice con respecto a la construcci\u00f3n de cercos en la Plaza. Que adem\u00e1s se pidi\u00f3 informe a la Municipalidad y al SERVIU, manifestando la primera que se autoriz\u00f3 el cierre de los accesos por Decreto 02847, con ciertas condiciones. Siendo la m\u00e1s relevante la de prohibir cualquier construcci\u00f3n o cerramientos parciales que tenga como fin \u00faltimo el usufructo con fines particulares, siendo dicha autorizaci\u00f3n en car\u00e1cter de precaria. El SERVIU sostiene que trat\u00e1ndose de un bien nacional de uso p\u00fablico, es la Municipalidad que debe reglamentar su uso.<\/p>\n<p style=\"text-align: justify;\">\u201cQue \u2013contin\u00faa\u2013 de los antecedente allegados al recurso, los informes y la inspecci\u00f3n personal de esta Corte, ha quedado acreditado que la recurrida y los vecinos de la Plaza, han infringido gravemente la prohibici\u00f3n alcaldicia de construir cercos, ocupando la referida Plaza N\u00b0 3 imposibilitando el uso de la Plaza a ellos mismos y a los dem\u00e1s vecinos del conjunto habitacional, constituyendo esta conducta en un acto arbitrario e ilegal de auto tutela al ocupar ilegalmente un bien nacional de uso p\u00fablico, afectando no s\u00f3lo la garant\u00eda constitucional de afectar el derecho a uso de todo bien nacional, vedado por el art\u00edculo 599 del C\u00f3digo Civil, sino tambi\u00e9n de igualdad ante la ley, por lo que el recurso debe ser acogido\u201d.<\/p>\n<p style=\"text-align: justify;\">Por tanto, concluye: \u201cQue el acto de ocupaci\u00f3n ilegal es de efectos permanente, el recurso est\u00e1 deducido dentro de plazo y los recurridos son legitimados pasivos toda vez que han sido ellos los infractores. Y visto tambi\u00e9n lo que previenen los art\u00edculos 589 y 599 del C\u00f3digo Civil y 19 N\u00b0 2 y 13, y 20 de la Constituci\u00f3n Pol\u00edtica, se declara que SE ACOGE, con costas, el recurso de protecci\u00f3n deducido en los siguientes t\u00e9rminos: a) Los recurridos que construyeron los cercos dividiendo la plaza, deben dentro de 30 d\u00edas de que quede ejecutoriada esta sentencia, desarmar dichas construcciones, a su costa. b) La Municipalidad deber\u00e1 administrar las medidas necesarias para dejar sin efecto el Decreto Alcaldicio que autorizo el cierre de la Plaza N\u00b0 3, atendido el incumplimiento del numeral N\u00b0 2 de dicho acto administrativo. c) Se deber\u00e1n remitir todos estos antecedentes a la Fiscal\u00eda Local, a fin de que se investigue la posible configuraci\u00f3n de una usurpaci\u00f3n de bienes nacionales de uso p\u00fablico\u201d.<\/p>\n<p><img loading=\"lazy\" decoding=\"async\" class=\"size-full wp-image-4622 aligncenter\" src=\"https:\/\/temucotelevision.cl\/web\/wp-content\/uploads\/2019\/07\/Plaza-PLC2.jpg\" alt=\"\" width=\"800\" height=\"455\" srcset=\"https:\/\/temucotelevision.cl\/web\/wp-content\/uploads\/2019\/07\/Plaza-PLC2.jpg 800w, https:\/\/temucotelevision.cl\/web\/wp-content\/uploads\/2019\/07\/Plaza-PLC2-768x437.jpg 768w\" sizes=\"auto, (max-width: 800px) 100vw, 800px\" \/><\/p>\n","protected":false},"excerpt":{"rendered":"<div class=\"pvc_clear\"><\/div>\n<p id=\"pvc_stats_4620\" class=\"pvc_stats total_only  \" data-element-id=\"4620\" style=\"\"><i class=\"pvc-stats-icon large\" aria-hidden=\"true\"><svg aria-hidden=\"true\" focusable=\"false\" data-prefix=\"far\" data-icon=\"chart-bar\" role=\"img\" xmlns=\"http:\/\/www.w3.org\/2000\/svg\" viewBox=\"0 0 512 512\" class=\"svg-inline--fa fa-chart-bar fa-w-16 fa-2x\"><path fill=\"currentColor\" d=\"M396.8 352h22.4c6.4 0 12.8-6.4 12.8-12.8V108.8c0-6.4-6.4-12.8-12.8-12.8h-22.4c-6.4 0-12.8 6.4-12.8 12.8v230.4c0 6.4 6.4 12.8 12.8 12.8zm-192 0h22.4c6.4 0 12.8-6.4 12.8-12.8V140.8c0-6.4-6.4-12.8-12.8-12.8h-22.4c-6.4 0-12.8 6.4-12.8 12.8v198.4c0 6.4 6.4 12.8 12.8 12.8zm96 0h22.4c6.4 0 12.8-6.4 12.8-12.8V204.8c0-6.4-6.4-12.8-12.8-12.8h-22.4c-6.4 0-12.8 6.4-12.8 12.8v134.4c0 6.4 6.4 12.8 12.8 12.8zM496 400H48V80c0-8.84-7.16-16-16-16H16C7.16 64 0 71.16 0 80v336c0 17.67 14.33 32 32 32h464c8.84 0 16-7.16 16-16v-16c0-8.84-7.16-16-16-16zm-387.2-48h22.4c6.4 0 12.8-6.4 12.8-12.8v-70.4c0-6.4-6.4-12.8-12.8-12.8h-22.4c-6.4 0-12.8 6.4-12.8 12.8v70.4c0 6.4 6.4 12.8 12.8 12.8z\" class=\"\"><\/path><\/svg><\/i> <img loading=\"lazy\" decoding=\"async\" width=\"16\" height=\"16\" alt=\"Loading\" src=\"https:\/\/temucotelevision.cl\/web\/wp-content\/plugins\/page-views-count\/ajax-loader-2x.gif\" border=0 \/><\/p>\n<div class=\"pvc_clear\"><\/div>\n<p>La Corte de Apelaciones de Temuco acogi\u00f3 \u2013el 3 de julio\u2013 el recurso de protecci\u00f3n presentado en contra de junta<\/p>\n","protected":false},"author":1,"featured_media":4621,"comment_status":"open","ping_status":"open","sticky":false,"template":"","format":"standard","meta":{"colormag_page_container_layout":"default_layout","colormag_page_sidebar_layout":"default_layout","footnotes":""},"categories":[15],"tags":[1624,365,999],"class_list":["post-4620","post","type-post","status-publish","format-standard","has-post-thumbnail","hentry","category-la-araucania","tag-cercos","tag-corte","tag-plc"],"a3_pvc":{"activated":true,"total_views":56,"today_views":0},"_links":{"self":[{"href":"https:\/\/temucotelevision.cl\/web\/wp-json\/wp\/v2\/posts\/4620","targetHints":{"allow":["GET"]}}],"collection":[{"href":"https:\/\/temucotelevision.cl\/web\/wp-json\/wp\/v2\/posts"}],"about":[{"href":"https:\/\/temucotelevision.cl\/web\/wp-json\/wp\/v2\/types\/post"}],"author":[{"embeddable":true,"href":"https:\/\/temucotelevision.cl\/web\/wp-json\/wp\/v2\/users\/1"}],"replies":[{"embeddable":true,"href":"https:\/\/temucotelevision.cl\/web\/wp-json\/wp\/v2\/comments?post=4620"}],"version-history":[{"count":1,"href":"https:\/\/temucotelevision.cl\/web\/wp-json\/wp\/v2\/posts\/4620\/revisions"}],"predecessor-version":[{"id":4623,"href":"https:\/\/temucotelevision.cl\/web\/wp-json\/wp\/v2\/posts\/4620\/revisions\/4623"}],"wp:featuredmedia":[{"embeddable":true,"href":"https:\/\/temucotelevision.cl\/web\/wp-json\/wp\/v2\/media\/4621"}],"wp:attachment":[{"href":"https:\/\/temucotelevision.cl\/web\/wp-json\/wp\/v2\/media?parent=4620"}],"wp:term":[{"taxonomy":"category","embeddable":true,"href":"https:\/\/temucotelevision.cl\/web\/wp-json\/wp\/v2\/categories?post=4620"},{"taxonomy":"post_tag","embeddable":true,"href":"https:\/\/temucotelevision.cl\/web\/wp-json\/wp\/v2\/tags?post=4620"}],"curies":[{"name":"wp","href":"https:\/\/api.w.org\/{rel}","templated":true}]}}