{"id":46198,"date":"2023-11-14T15:58:42","date_gmt":"2023-11-14T18:58:42","guid":{"rendered":"https:\/\/temucotelevision.cl\/web\/?p=46198"},"modified":"2023-11-14T15:58:43","modified_gmt":"2023-11-14T18:58:43","slug":"destacado-deportista-de-pitrufquen-logro-correr-30-km-en-2-horas-y-ayudar-a-la-teleton","status":"publish","type":"post","link":"https:\/\/temucotelevision.cl\/web\/2023\/11\/14\/destacado-deportista-de-pitrufquen-logro-correr-30-km-en-2-horas-y-ayudar-a-la-teleton\/","title":{"rendered":"Destacado Deportista de Pitrufqu\u00e9n logr\u00f3 correr 30 km en 2 horas y ayudar a la Telet\u00f3n"},"content":{"rendered":"<div class=\"pvc_clear\"><\/div><p id=\"pvc_stats_46198\" class=\"pvc_stats total_only  \" data-element-id=\"46198\" style=\"\"><i class=\"pvc-stats-icon large\" aria-hidden=\"true\"><svg aria-hidden=\"true\" focusable=\"false\" data-prefix=\"far\" data-icon=\"chart-bar\" role=\"img\" xmlns=\"http:\/\/www.w3.org\/2000\/svg\" viewBox=\"0 0 512 512\" class=\"svg-inline--fa fa-chart-bar fa-w-16 fa-2x\"><path fill=\"currentColor\" d=\"M396.8 352h22.4c6.4 0 12.8-6.4 12.8-12.8V108.8c0-6.4-6.4-12.8-12.8-12.8h-22.4c-6.4 0-12.8 6.4-12.8 12.8v230.4c0 6.4 6.4 12.8 12.8 12.8zm-192 0h22.4c6.4 0 12.8-6.4 12.8-12.8V140.8c0-6.4-6.4-12.8-12.8-12.8h-22.4c-6.4 0-12.8 6.4-12.8 12.8v198.4c0 6.4 6.4 12.8 12.8 12.8zm96 0h22.4c6.4 0 12.8-6.4 12.8-12.8V204.8c0-6.4-6.4-12.8-12.8-12.8h-22.4c-6.4 0-12.8 6.4-12.8 12.8v134.4c0 6.4 6.4 12.8 12.8 12.8zM496 400H48V80c0-8.84-7.16-16-16-16H16C7.16 64 0 71.16 0 80v336c0 17.67 14.33 32 32 32h464c8.84 0 16-7.16 16-16v-16c0-8.84-7.16-16-16-16zm-387.2-48h22.4c6.4 0 12.8-6.4 12.8-12.8v-70.4c0-6.4-6.4-12.8-12.8-12.8h-22.4c-6.4 0-12.8 6.4-12.8 12.8v70.4c0 6.4 6.4 12.8 12.8 12.8z\" class=\"\"><\/path><\/svg><\/i> <img loading=\"lazy\" decoding=\"async\" width=\"16\" height=\"16\" alt=\"Loading\" src=\"https:\/\/temucotelevision.cl\/web\/wp-content\/plugins\/page-views-count\/ajax-loader-2x.gif\" border=0 \/><\/p><div class=\"pvc_clear\"><\/div>\n<p><em>Se trata de \u00c1lvaro Cid, quien gracias al apoyo de auspiciadores que creyeron en su desaf\u00edo deportivo, reuni\u00f3 $1.461.100 para la Telet\u00f3n.<\/em><\/p>\n\n\n\n<p>La ma\u00f1ana del pasado s\u00e1bado 11 de noviembre, un destacado deportista de la comuna de Pitrufqu\u00e9n logr\u00f3 correr 30 kil\u00f3metros en dos horas como desaf\u00edo Telet\u00f3n.<\/p>\n\n\n\n<p>Se trata de \u00c1lvaro Cid Escudero, de 39 a\u00f1os, quien realiza esta prueba por tercer a\u00f1o consecutivo, con el fin de conseguir dinero para la causa solidaria a trav\u00e9s de auspiciadores. Sin embargo, esta vez fue m\u00e1s complicado para \u00e9l, ya que nunca hab\u00eda conseguido correr 30K en 120 minutos, menos con lluvia y viento.<\/p>\n\n\n\n<p>Al respecto, Cid indic\u00f3 que lleva a cabo este desaf\u00edo para aportar a La Telet\u00f3n, haciendo algo que disfruta mucho como es el deporte. \u201cMe motiv\u00f3 la oportunidad de poder aportar a la Telet\u00f3n a trav\u00e9s del deporte. Pero para que esto valiera completamente la pena cont\u00e9 con el aporte de empresarios y emprendedores que auspiciaron con una suma de dinero en efectivo que fue depositado en totalidad a la Telet\u00f3n el d\u00eda del evento&#8221;, explic\u00f3 el deportista.<\/p>\n\n\n\n<p>&#8220;Estoy eternamente agradecido de quienes confiaron en m\u00ed y aportaron dinero. Con todos los aportes logramos reunir $1.461.100, dinero que fue depositado ese mismo d\u00eda s\u00e1bado a la Telet\u00f3n a trav\u00e9s de la caja auxiliar del Banco de Chile. Yo puse el esfuerzo f\u00edsico y mis auspiciadores el dinero&#8221;, recalc\u00f3 \u00c1lvaro Cid<\/p>\n\n\n\n<p>El deportista pitrufquenino, agradeci\u00f3 a su entrenador, el profesor Luis Figueroa Lonc\u00f3n, por haberlo preparado para este reto. &#8220;Quiero agradecer a mi entrenador, que me prepar\u00f3 por varias semanas para este nuevo desaf\u00edo de 30 km en dos horas. Me sirvi\u00f3 mucho para conseguir la marca de este a\u00f1o\u201d, a\u00f1adi\u00f3 Cid.<\/p>\n\n\n\n<p>Adem\u00e1s, \u00c1lvaro Cid, junto con ser un destacado deportista es un amante de la naturaleza. Raz\u00f3n por la cual ha mezclado el cuidado del medio ambiente con el deporte, mediante de la pr\u00e1ctica del \u201cPlogging\u201d, que se traduce en correr e ir recogiendo basura. De esta manera, &nbsp;ha logrado sacar gran cantidad de desechos desde diferentes sectores de la comuna de Pitrufqu\u00e9n, los cuales va clasificando y depositando en diferentes puntos de reciclaje.<\/p>\n","protected":false},"excerpt":{"rendered":"<div class=\"pvc_clear\"><\/div>\n<p id=\"pvc_stats_46198\" class=\"pvc_stats total_only  \" data-element-id=\"46198\" style=\"\"><i class=\"pvc-stats-icon large\" aria-hidden=\"true\"><svg aria-hidden=\"true\" focusable=\"false\" data-prefix=\"far\" data-icon=\"chart-bar\" role=\"img\" xmlns=\"http:\/\/www.w3.org\/2000\/svg\" viewBox=\"0 0 512 512\" class=\"svg-inline--fa fa-chart-bar fa-w-16 fa-2x\"><path fill=\"currentColor\" d=\"M396.8 352h22.4c6.4 0 12.8-6.4 12.8-12.8V108.8c0-6.4-6.4-12.8-12.8-12.8h-22.4c-6.4 0-12.8 6.4-12.8 12.8v230.4c0 6.4 6.4 12.8 12.8 12.8zm-192 0h22.4c6.4 0 12.8-6.4 12.8-12.8V140.8c0-6.4-6.4-12.8-12.8-12.8h-22.4c-6.4 0-12.8 6.4-12.8 12.8v198.4c0 6.4 6.4 12.8 12.8 12.8zm96 0h22.4c6.4 0 12.8-6.4 12.8-12.8V204.8c0-6.4-6.4-12.8-12.8-12.8h-22.4c-6.4 0-12.8 6.4-12.8 12.8v134.4c0 6.4 6.4 12.8 12.8 12.8zM496 400H48V80c0-8.84-7.16-16-16-16H16C7.16 64 0 71.16 0 80v336c0 17.67 14.33 32 32 32h464c8.84 0 16-7.16 16-16v-16c0-8.84-7.16-16-16-16zm-387.2-48h22.4c6.4 0 12.8-6.4 12.8-12.8v-70.4c0-6.4-6.4-12.8-12.8-12.8h-22.4c-6.4 0-12.8 6.4-12.8 12.8v70.4c0 6.4 6.4 12.8 12.8 12.8z\" class=\"\"><\/path><\/svg><\/i> <img loading=\"lazy\" decoding=\"async\" width=\"16\" height=\"16\" alt=\"Loading\" src=\"https:\/\/temucotelevision.cl\/web\/wp-content\/plugins\/page-views-count\/ajax-loader-2x.gif\" border=0 \/><\/p>\n<div class=\"pvc_clear\"><\/div>\n<p>Se trata de \u00c1lvaro Cid, quien gracias al apoyo de auspiciadores que creyeron en su desaf\u00edo deportivo, reuni\u00f3 $1.461.100 para<\/p>\n","protected":false},"author":1,"featured_media":46199,"comment_status":"open","ping_status":"open","sticky":false,"template":"","format":"standard","meta":{"colormag_page_container_layout":"default_layout","colormag_page_sidebar_layout":"default_layout","footnotes":""},"categories":[14],"tags":[2286,1054,6807,1989],"class_list":["post-46198","post","type-post","status-publish","format-standard","has-post-thumbnail","hentry","category-temuco","tag-aporte","tag-deportista","tag-meta","tag-teleton"],"a3_pvc":{"activated":true,"total_views":2887,"today_views":0},"_links":{"self":[{"href":"https:\/\/temucotelevision.cl\/web\/wp-json\/wp\/v2\/posts\/46198","targetHints":{"allow":["GET"]}}],"collection":[{"href":"https:\/\/temucotelevision.cl\/web\/wp-json\/wp\/v2\/posts"}],"about":[{"href":"https:\/\/temucotelevision.cl\/web\/wp-json\/wp\/v2\/types\/post"}],"author":[{"embeddable":true,"href":"https:\/\/temucotelevision.cl\/web\/wp-json\/wp\/v2\/users\/1"}],"replies":[{"embeddable":true,"href":"https:\/\/temucotelevision.cl\/web\/wp-json\/wp\/v2\/comments?post=46198"}],"version-history":[{"count":1,"href":"https:\/\/temucotelevision.cl\/web\/wp-json\/wp\/v2\/posts\/46198\/revisions"}],"predecessor-version":[{"id":46200,"href":"https:\/\/temucotelevision.cl\/web\/wp-json\/wp\/v2\/posts\/46198\/revisions\/46200"}],"wp:featuredmedia":[{"embeddable":true,"href":"https:\/\/temucotelevision.cl\/web\/wp-json\/wp\/v2\/media\/46199"}],"wp:attachment":[{"href":"https:\/\/temucotelevision.cl\/web\/wp-json\/wp\/v2\/media?parent=46198"}],"wp:term":[{"taxonomy":"category","embeddable":true,"href":"https:\/\/temucotelevision.cl\/web\/wp-json\/wp\/v2\/categories?post=46198"},{"taxonomy":"post_tag","embeddable":true,"href":"https:\/\/temucotelevision.cl\/web\/wp-json\/wp\/v2\/tags?post=46198"}],"curies":[{"name":"wp","href":"https:\/\/api.w.org\/{rel}","templated":true}]}}