{"id":4616,"date":"2019-07-04T09:57:06","date_gmt":"2019-07-04T12:57:06","guid":{"rendered":"https:\/\/temucotelevision.cl\/web\/?p=4616"},"modified":"2019-07-04T09:57:06","modified_gmt":"2019-07-04T12:57:06","slug":"vecinos-conocieron-diseno-final-de-proyecto-que-mejorara-la-conectividad-entre-temuco-centro-y-poniente","status":"publish","type":"post","link":"https:\/\/temucotelevision.cl\/web\/2019\/07\/04\/vecinos-conocieron-diseno-final-de-proyecto-que-mejorara-la-conectividad-entre-temuco-centro-y-poniente\/","title":{"rendered":"Vecinos conocieron dise\u00f1o final de proyecto que mejorar\u00e1 la conectividad entre Temuco Centro y Poniente"},"content":{"rendered":"<div class=\"pvc_clear\"><\/div>\n<p id=\"pvc_stats_4616\" class=\"pvc_stats total_only  \" data-element-id=\"4616\" style=\"\"><i class=\"pvc-stats-icon large\" aria-hidden=\"true\"><svg aria-hidden=\"true\" focusable=\"false\" data-prefix=\"far\" data-icon=\"chart-bar\" role=\"img\" xmlns=\"http:\/\/www.w3.org\/2000\/svg\" viewBox=\"0 0 512 512\" class=\"svg-inline--fa fa-chart-bar fa-w-16 fa-2x\"><path fill=\"currentColor\" d=\"M396.8 352h22.4c6.4 0 12.8-6.4 12.8-12.8V108.8c0-6.4-6.4-12.8-12.8-12.8h-22.4c-6.4 0-12.8 6.4-12.8 12.8v230.4c0 6.4 6.4 12.8 12.8 12.8zm-192 0h22.4c6.4 0 12.8-6.4 12.8-12.8V140.8c0-6.4-6.4-12.8-12.8-12.8h-22.4c-6.4 0-12.8 6.4-12.8 12.8v198.4c0 6.4 6.4 12.8 12.8 12.8zm96 0h22.4c6.4 0 12.8-6.4 12.8-12.8V204.8c0-6.4-6.4-12.8-12.8-12.8h-22.4c-6.4 0-12.8 6.4-12.8 12.8v134.4c0 6.4 6.4 12.8 12.8 12.8zM496 400H48V80c0-8.84-7.16-16-16-16H16C7.16 64 0 71.16 0 80v336c0 17.67 14.33 32 32 32h464c8.84 0 16-7.16 16-16v-16c0-8.84-7.16-16-16-16zm-387.2-48h22.4c6.4 0 12.8-6.4 12.8-12.8v-70.4c0-6.4-6.4-12.8-12.8-12.8h-22.4c-6.4 0-12.8 6.4-12.8 12.8v70.4c0 6.4 6.4 12.8 12.8 12.8z\" class=\"\"><\/path><\/svg><\/i> <img loading=\"lazy\" decoding=\"async\" width=\"16\" height=\"16\" alt=\"Loading\" src=\"https:\/\/temucotelevision.cl\/web\/wp-content\/plugins\/page-views-count\/ajax-loader-2x.gif\" border=0 \/><\/p>\n<div class=\"pvc_clear\"><\/div>\n<p style=\"text-align: justify;\">Serviu realiz\u00f3 tres talleres de participaci\u00f3n ciudadana.<\/p>\n<p style=\"text-align: justify;\">Vecinos de los sectores Campos Deportivos, Millaray y Estadio participaron en la \u00faltima etapa de participaci\u00f3n ciudadana del megaproyecto de interconexi\u00f3n vial entre Temuco Centro y Poniente, iniciativa que est\u00e1 siendo liderada por el Servicio de Vivienda y Urbanizaci\u00f3n de La Araucan\u00eda (Serviu).<\/p>\n<p style=\"text-align: justify;\">A las tres instancias de participaci\u00f3n asistieron los vecinos que se ver\u00e1n beneficiados e intervenidos con las obras que considera este proyecto, adem\u00e1s de actores relevantes del sector p\u00fablico, municipio, gremios del transporte p\u00fablico y autoridades vinculadas al \u00e1rea, quienes pudieron despejar dudas, hacer sugerencias y plantear sus preocupaciones con respecto a este gran proyecto que busca mejorar la conectividad de la comuna.<\/p>\n<p style=\"text-align: justify;\">Cabe destacar, que este estudio denominado \u201cPrefactibilidad e Ingenier\u00eda de Detalles Interconexi\u00f3n Vial Temuco Centro Poniente\u201d est\u00e1 siendo ejecutado desde el a\u00f1o 2016, per\u00edodo en el que la empresa consultora Testing Ltda. y profesionales del Serviu ya han realizado dos instancias de participaci\u00f3n, que buscaron definir los requerimientos de los vecinos para considerarlos en el dise\u00f1o final del proyecto.<\/p>\n<p style=\"text-align: justify;\">Detalles del proyecto<br \/>\nEl proyecto contempla la intervenci\u00f3n de seis sectores de la comuna, que son: Andes, Gabriela Mistral, Pablo Neruda, Av. Caupolic\u00e1n, San Martin &#8211; O\u00b4Higgins, Av. Alemania e Inglaterra.<\/p>\n<p style=\"text-align: justify;\">En el Sector Andes, entre O&#8217;Higgins y Gabriela Mistral se regularizar\u00e1 el perfil, generando una doble calzada con dos pistas por sentido y ciclov\u00edas unidireccionales. Las expropiaciones actualmente en ejecuci\u00f3n, permitir\u00e1n su materializaci\u00f3n.<\/p>\n<p style=\"text-align: justify;\">Gabriela Mistral tambi\u00e9n ser\u00e1 intervenida para construir una doble calzada con dos pistas por sentido y ciclov\u00edas, entre Valle Los Notros y Andes, con la finalidad de resolver las discontinuidades existentes actualmente. Aqu\u00ed, se considera la construcci\u00f3n de cuatro nuevos puentes.<\/p>\n<p style=\"text-align: justify;\">En Avenida Pablo Neruda se prolonga la doble calzada hasta su conexi\u00f3n con Avda. Caupolic\u00e1n, lo que permitir\u00e1 habilitar un nuevo eje vial. El bandej\u00f3n central proyectado es de 11 metros de ancho e incluye una ciclov\u00eda, un sendero, juegos infantiles, \u00e1reas de descanso y \u00e1reas de ejercicios.<\/p>\n<p style=\"text-align: justify;\">Para Av. Caupolic\u00e1n se aumenta la capacidad a tres pistas por sentido hasta Diego Portales por el norte, proyectando dos pistas para el transporte privado (autos y camiones) y quedando la tercera para uso exclusivo de transporte p\u00fablico. Adem\u00e1s, se construyen desniveles de Av. San Mart\u00edn y de Av. O\u2019Higgins bajo Av. Caupolic\u00e1n.<\/p>\n<p style=\"text-align: justify;\">En tanto, entre las avenidas O\u2019Higgins y San Mart\u00edn se mejorar\u00e1 la conectividad con 2 pistas por sentido y ciclobandas unidireccionales a ambos costados, entre Gabriela Mistral y Av. Andes; contemplando tambi\u00e9n el mejoramiento y regularizaci\u00f3n del perfil vial existente de San Mart\u00edn con 3 pistas unidireccionales y ciclov\u00edas unidireccionales, m\u00e1s seguras que la actual, entre Av. Andes y Av. Caupolic\u00e1n.<\/p>\n<p style=\"text-align: justify;\">Finalmente, Av. Alemania entre Gabriela Mistral y Av. Caupolic\u00e1n, quedar\u00e1 con est\u00e1ndar de boulevard, con aceras amplias y una calzada \u00fanica de una pista para el transporte p\u00fablico y otra para autos, en ambos sentidos, prohibi\u00e9ndose los virajes izquierda, lo que obliga a generar rutas alternativas por otras calles, asimismo se soterrar\u00e1 el cableado existente en todo el tramo a intervenir. Se incluyen obras en Inglaterra, la cual, entre Andes y Espa\u00f1a, se proyecta con 2 pistas hacia el poniente y 1 pista hacia el oriente. Adem\u00e1s, entre Francia y Trizano, se mejora el alineamiento de la calzada hasta Manuel Rodr\u00edguez.<\/p>\n<p style=\"text-align: justify;\">Respecto a lo anterior, el Arquitecto y Director del Serviu, Hugo Cruz, destac\u00f3 que \u201cla inversi\u00f3n en este dise\u00f1o fue de 1.100 millones de pesos, y se intervendr\u00e1n 12 kil\u00f3metros aprox. de v\u00edas urbanas que actualmente tienen una serie de deficiencias y no cumplen con las exigencias que demanda la ciudadan\u00eda, ciclistas y automovilistas, es por ello que esta intervenci\u00f3n viene a mejorar la trama urbana en calles de alto tr\u00e1fico y que son claves en la conectividad del centro con el sector poniente como son la Av. Alemania, Inglaterra, San Mart\u00edn, O\u00b4Higgins, Pablo Neruda, Caupolic\u00e1n y Gabriela Mistral\u201d.<\/p>\n<p style=\"text-align: justify;\">En tanto, el director de la Secretar\u00eda Comunal de Planificaci\u00f3n del Municipio de Temuco, Mauricio Reyes, expres\u00f3 que \u201chemos estado respaldando este proyecto desde hace mucho tiempo y el nivel de inversi\u00f3n que involucran todos estos ejes es enorme, lo que va a promover la conectividad entre el Centro y Poniente de Temuco. Se involucra nueva semaforizaci\u00f3n, nuevos puentes, es realmente un proyecto que involucra a gran parte de la ciudad\u201d, destac\u00f3 Reyes.<\/p>\n<p style=\"text-align: justify;\">Por otro lado, Maximiliano Lizana, profesor de la Universidad de La Frontera e integrante del COSOC del MINVU, dijo que \u201cel proyecto me parece bastante interesante, aborda desde una mirada bastante global los distintos modos de transporte que hay en la ciudad. De esta manera, creo que el SERVIU da una se\u00f1al s\u00faper fuerte de que no se est\u00e1 priorizando s\u00f3lo un modo de transporte, sino que los proyectos deben ser para la comunidad en las diferentes formas en que la comunidad viaja\u201d.<\/p>\n<p style=\"text-align: justify;\">Cabe destacar, que el proyecto contempla expropiaciones en diversos tramos y que lo que procede a continuaci\u00f3n es obtener la Recomendaci\u00f3n T\u00e9cnica (RS) para poder financiar y ejecutar esta importante iniciativa que mejorar\u00e1 la conectividad de las principales avenidas y calles de Temuco.<\/p>\n<p><img loading=\"lazy\" decoding=\"async\" class=\"size-full wp-image-4618 aligncenter\" src=\"https:\/\/temucotelevision.cl\/web\/wp-content\/uploads\/2019\/07\/Vecinos-Obras2.jpg\" alt=\"\" width=\"800\" height=\"455\" srcset=\"https:\/\/temucotelevision.cl\/web\/wp-content\/uploads\/2019\/07\/Vecinos-Obras2.jpg 800w, https:\/\/temucotelevision.cl\/web\/wp-content\/uploads\/2019\/07\/Vecinos-Obras2-768x437.jpg 768w\" sizes=\"auto, (max-width: 800px) 100vw, 800px\" \/><\/p>\n","protected":false},"excerpt":{"rendered":"<div class=\"pvc_clear\"><\/div>\n<p id=\"pvc_stats_4616\" class=\"pvc_stats total_only  \" data-element-id=\"4616\" style=\"\"><i class=\"pvc-stats-icon large\" aria-hidden=\"true\"><svg aria-hidden=\"true\" focusable=\"false\" data-prefix=\"far\" data-icon=\"chart-bar\" role=\"img\" xmlns=\"http:\/\/www.w3.org\/2000\/svg\" viewBox=\"0 0 512 512\" class=\"svg-inline--fa fa-chart-bar fa-w-16 fa-2x\"><path fill=\"currentColor\" d=\"M396.8 352h22.4c6.4 0 12.8-6.4 12.8-12.8V108.8c0-6.4-6.4-12.8-12.8-12.8h-22.4c-6.4 0-12.8 6.4-12.8 12.8v230.4c0 6.4 6.4 12.8 12.8 12.8zm-192 0h22.4c6.4 0 12.8-6.4 12.8-12.8V140.8c0-6.4-6.4-12.8-12.8-12.8h-22.4c-6.4 0-12.8 6.4-12.8 12.8v198.4c0 6.4 6.4 12.8 12.8 12.8zm96 0h22.4c6.4 0 12.8-6.4 12.8-12.8V204.8c0-6.4-6.4-12.8-12.8-12.8h-22.4c-6.4 0-12.8 6.4-12.8 12.8v134.4c0 6.4 6.4 12.8 12.8 12.8zM496 400H48V80c0-8.84-7.16-16-16-16H16C7.16 64 0 71.16 0 80v336c0 17.67 14.33 32 32 32h464c8.84 0 16-7.16 16-16v-16c0-8.84-7.16-16-16-16zm-387.2-48h22.4c6.4 0 12.8-6.4 12.8-12.8v-70.4c0-6.4-6.4-12.8-12.8-12.8h-22.4c-6.4 0-12.8 6.4-12.8 12.8v70.4c0 6.4 6.4 12.8 12.8 12.8z\" class=\"\"><\/path><\/svg><\/i> <img loading=\"lazy\" decoding=\"async\" width=\"16\" height=\"16\" alt=\"Loading\" src=\"https:\/\/temucotelevision.cl\/web\/wp-content\/plugins\/page-views-count\/ajax-loader-2x.gif\" border=0 \/><\/p>\n<div class=\"pvc_clear\"><\/div>\n<p>Serviu realiz\u00f3 tres talleres de participaci\u00f3n ciudadana. Vecinos de los sectores Campos Deportivos, Millaray y Estadio participaron en la \u00faltima<\/p>\n","protected":false},"author":1,"featured_media":4617,"comment_status":"open","ping_status":"open","sticky":false,"template":"","format":"standard","meta":{"colormag_page_container_layout":"default_layout","colormag_page_sidebar_layout":"default_layout","footnotes":""},"categories":[101],"tags":[1623,336,567],"class_list":["post-4616","post","type-post","status-publish","format-standard","has-post-thumbnail","hentry","category-actualidad","tag-conectividad","tag-serviu","tag-vecinos"],"a3_pvc":{"activated":true,"total_views":59,"today_views":0},"_links":{"self":[{"href":"https:\/\/temucotelevision.cl\/web\/wp-json\/wp\/v2\/posts\/4616","targetHints":{"allow":["GET"]}}],"collection":[{"href":"https:\/\/temucotelevision.cl\/web\/wp-json\/wp\/v2\/posts"}],"about":[{"href":"https:\/\/temucotelevision.cl\/web\/wp-json\/wp\/v2\/types\/post"}],"author":[{"embeddable":true,"href":"https:\/\/temucotelevision.cl\/web\/wp-json\/wp\/v2\/users\/1"}],"replies":[{"embeddable":true,"href":"https:\/\/temucotelevision.cl\/web\/wp-json\/wp\/v2\/comments?post=4616"}],"version-history":[{"count":1,"href":"https:\/\/temucotelevision.cl\/web\/wp-json\/wp\/v2\/posts\/4616\/revisions"}],"predecessor-version":[{"id":4619,"href":"https:\/\/temucotelevision.cl\/web\/wp-json\/wp\/v2\/posts\/4616\/revisions\/4619"}],"wp:featuredmedia":[{"embeddable":true,"href":"https:\/\/temucotelevision.cl\/web\/wp-json\/wp\/v2\/media\/4617"}],"wp:attachment":[{"href":"https:\/\/temucotelevision.cl\/web\/wp-json\/wp\/v2\/media?parent=4616"}],"wp:term":[{"taxonomy":"category","embeddable":true,"href":"https:\/\/temucotelevision.cl\/web\/wp-json\/wp\/v2\/categories?post=4616"},{"taxonomy":"post_tag","embeddable":true,"href":"https:\/\/temucotelevision.cl\/web\/wp-json\/wp\/v2\/tags?post=4616"}],"curies":[{"name":"wp","href":"https:\/\/api.w.org\/{rel}","templated":true}]}}