{"id":46140,"date":"2023-11-12T22:14:59","date_gmt":"2023-11-13T01:14:59","guid":{"rendered":"https:\/\/temucotelevision.cl\/web\/?p=46140"},"modified":"2023-11-12T22:15:00","modified_gmt":"2023-11-13T01:15:00","slug":"cmpc-inaugura-segundo-parque-de-bosque-vivo-en-la-ciudad-de-angol","status":"publish","type":"post","link":"https:\/\/temucotelevision.cl\/web\/2023\/11\/12\/cmpc-inaugura-segundo-parque-de-bosque-vivo-en-la-ciudad-de-angol\/","title":{"rendered":"CMPC inaugura segundo parque de Bosque Vivo en la ciudad de Angol"},"content":{"rendered":"<div class=\"pvc_clear\"><\/div><p id=\"pvc_stats_46140\" class=\"pvc_stats total_only  \" data-element-id=\"46140\" style=\"\"><i class=\"pvc-stats-icon large\" aria-hidden=\"true\"><svg aria-hidden=\"true\" focusable=\"false\" data-prefix=\"far\" data-icon=\"chart-bar\" role=\"img\" xmlns=\"http:\/\/www.w3.org\/2000\/svg\" viewBox=\"0 0 512 512\" class=\"svg-inline--fa fa-chart-bar fa-w-16 fa-2x\"><path fill=\"currentColor\" d=\"M396.8 352h22.4c6.4 0 12.8-6.4 12.8-12.8V108.8c0-6.4-6.4-12.8-12.8-12.8h-22.4c-6.4 0-12.8 6.4-12.8 12.8v230.4c0 6.4 6.4 12.8 12.8 12.8zm-192 0h22.4c6.4 0 12.8-6.4 12.8-12.8V140.8c0-6.4-6.4-12.8-12.8-12.8h-22.4c-6.4 0-12.8 6.4-12.8 12.8v198.4c0 6.4 6.4 12.8 12.8 12.8zm96 0h22.4c6.4 0 12.8-6.4 12.8-12.8V204.8c0-6.4-6.4-12.8-12.8-12.8h-22.4c-6.4 0-12.8 6.4-12.8 12.8v134.4c0 6.4 6.4 12.8 12.8 12.8zM496 400H48V80c0-8.84-7.16-16-16-16H16C7.16 64 0 71.16 0 80v336c0 17.67 14.33 32 32 32h464c8.84 0 16-7.16 16-16v-16c0-8.84-7.16-16-16-16zm-387.2-48h22.4c6.4 0 12.8-6.4 12.8-12.8v-70.4c0-6.4-6.4-12.8-12.8-12.8h-22.4c-6.4 0-12.8 6.4-12.8 12.8v70.4c0 6.4 6.4 12.8 12.8 12.8z\" class=\"\"><\/path><\/svg><\/i> <img loading=\"lazy\" decoding=\"async\" width=\"16\" height=\"16\" alt=\"Loading\" src=\"https:\/\/temucotelevision.cl\/web\/wp-content\/plugins\/page-views-count\/ajax-loader-2x.gif\" border=0 \/><\/p><div class=\"pvc_clear\"><\/div>\n<p class=\"wp-block-paragraph\"><em>Con m\u00e1s de 450 hect\u00e1reas destinadas a la conservaci\u00f3n y al disfrute del entorno natural, la empresa invita a \u201cvivir lo natural\u201d, entregando a la comunidad este nuevo espacio, que pone en valor todos los servicios que presta el bosque y las plantaciones. El hito cont\u00f3 con la presencia de la atleta y reciente medallista panamericana, Isidora Jim\u00e9nez.<\/em><\/p>\n\n\n\n<p class=\"wp-block-paragraph\">A 3,5 kil\u00f3metros de la plaza de Armas de la ciudad de Angol, existe un peque\u00f1o ed\u00e9n donde la comunidad puede disfrutar de la naturaleza, el deporte y el aire libre. Hablamos del Parque CMPC Junquillar, que este viernes se inaugur\u00f3 de manera oficial, transform\u00e1ndose as\u00ed en el segundo parque de la red de Bosque Vivo.<\/p>\n\n\n\n<p class=\"wp-block-paragraph\">Con un total de 458 hect\u00e1reas, donde 21 hect\u00e1reas son dedicadas a la plantaci\u00f3n y 437 a la protecci\u00f3n, los visitantes tienen la posibilidad de vivir lo natural a trav\u00e9s de actividades al aire libre como <em>trekking, trail running, mountain bike<\/em> o simplemente recorrer los senderos, en medio de ma\u00f1\u00edos, robles, raul\u00ed, canelos o peumos.<\/p>\n\n\n\n<p class=\"wp-block-paragraph\"><a>Este proyecto, que ha sido construido por la empresa especializada en espacios al aire libre, Outlife, transforma los predios de CMPC <\/a>en verdaderos para\u00edsos naturales, abiertos a la comunidad, para que las personas disfruten del deporte, la recreaci\u00f3n y la educaci\u00f3n en medio de la naturaleza.<\/p>\n\n\n\n<figure class=\"wp-block-image size-large\"><img loading=\"lazy\" decoding=\"async\" width=\"1024\" height=\"576\" src=\"https:\/\/temucotelevision.cl\/web\/wp-content\/uploads\/2023\/11\/junquillar4-1024x576.jpg\" alt=\"\" class=\"wp-image-46142\" srcset=\"https:\/\/temucotelevision.cl\/web\/wp-content\/uploads\/2023\/11\/junquillar4-1024x576.jpg 1024w, https:\/\/temucotelevision.cl\/web\/wp-content\/uploads\/2023\/11\/junquillar4-768x432.jpg 768w, https:\/\/temucotelevision.cl\/web\/wp-content\/uploads\/2023\/11\/junquillar4-1536x864.jpg 1536w, https:\/\/temucotelevision.cl\/web\/wp-content\/uploads\/2023\/11\/junquillar4-2048x1152.jpg 2048w\" sizes=\"auto, (max-width: 1024px) 100vw, 1024px\" \/><\/figure>\n\n\n\n<p class=\"wp-block-paragraph\">La ceremonia de inauguraci\u00f3n cont\u00f3 con la presencia del alcalde de Angol, Enrique Neira, quien expres\u00f3 su apoyo a la iniciativa y asegur\u00f3 que \u201cCMPC nos ha tra\u00eddo un regalo tremendamente hermoso para la comuna de \u00c1ngol. Este parque Junquillar sabemos lo que va a significar para nuestros deportistas, especialmente en la especialidad del <em>mountain bike<\/em> y tambi\u00e9n el <em>trail running<\/em>. Estamos muy agradecidos. Yo siempre digo que, cuando se hace carne la alianza estrat\u00e9gica entre servicio p\u00fablico y privado, siempre se obtienen buenos resultados, de tal manera qu\u00e9 hoy estamos siendo part\u00edcipes de la inauguraci\u00f3n de una obra hermosa, que fue 100% financiado por la empresa CMPC. Esto va a beneficiar indudablemente a muchos deportistas, tanto en nuestra comuna como de todos los que vienen a las distintas actividades y campeonatos que se realizan ac\u00e1 en la comuna de \u00c1ngol\u201d.<\/p>\n\n\n\n<p class=\"wp-block-paragraph\">Por su parte, el gerente de Asuntos Corporativos de CMPC, Guillermo Turner, expres\u00f3 que \u201chemos puesto a disposici\u00f3n de la comunidad de Angol y de toda las ciudades y municipios de alrededor, un parque de 500 hect\u00e1reas donde las personas van a poder disfrutar, conocer y vivir la experiencia de compartir espacios comunes entre los sectores de producci\u00f3n, conservaci\u00f3n y restauraci\u00f3n. Este nuevo parque se suma al proyecto Bosque Vivo que tiene CMPC\u201d.<\/p>\n\n\n\n<p class=\"wp-block-paragraph\">De igual forma, Turner indic\u00f3 que \u201clo que hacemos con este proyecto (Bosque Vivo) es abrir los espacios para aprovechar los servicios ecosist\u00e9micos del bosque. Uno de ellos por supuesto que es la producci\u00f3n, necesitamos madera, el mundo necesita madera para construir, pero tambi\u00e9n la madera y la producci\u00f3n pueden convivir con la restauraci\u00f3n y la conservaci\u00f3n, as\u00ed como tambi\u00e9n con el deporte, salir a caminar, recorrer el bosque. Podemos vivir lo natural\u201d.<\/p>\n\n\n\n<p class=\"wp-block-paragraph\">Desde Outlife, el socio fundador, Diego Pereira, sostuvo que \u201cal establecerse un nuevo lugar de inter\u00e9s, como es Parque CMPC Junquillar, se generan oportunidades para diversificar la econom\u00eda local, fomentar el emprendimiento y generar ingresos para los residentes, impulsando as\u00ed el crecimiento econ\u00f3mico en la comunidad de Angol. Y es esto precisamente lo que como Outlife nos motiva cuando desarrollamos parques y espacios al aire libre a lo largo del pa\u00eds\u201d.<\/p>\n\n\n\n<p class=\"wp-block-paragraph\">Durante el hito de inauguraci\u00f3n del Parque CMPC Junquillar, se realizaron distintas actividades deportivas, en la que los asistentes pudieron participar de un <em>trekking<\/em> guiado, clases de <em>mountain bike<\/em> y una competencia en el <em>pumptrack<\/em>. Asimismo, disfrutaron de <em>food trucks<\/em>, demostraci\u00f3n de saltos en bicicleta y muchas sorpresas m\u00e1s.<\/p>\n\n\n\n<p class=\"wp-block-paragraph\">Para la presidenta de la Junta de Vecinos, Juana S\u00e1ez, este polo tur\u00edstico que se inaugur\u00f3 en Angol servir\u00e1 para que las organizaciones vecinales puedan continuar con su desarrollo: \u201cEs maravilloso, porque nos trae mucho turismo. Nosotros como junta de vecinos a veces ponemos stands, vendemos cositas y eso nos genera dinero para seguir adelante con nuestras sedes, nuestra organizaci\u00f3n. Adem\u00e1s, es maravilloso para el deporte de los j\u00f3venes. Es un proyecto muy maravilloso para nuestro sector y los vecinos de la comuna\u201d.<\/p>\n\n\n\n<p class=\"wp-block-paragraph\">A nivel deportivo, el nuevo parque ser\u00e1 un espacio para desarrollar diversas disciplinas. As\u00ed lo relat\u00f3 Isidora Jim\u00e9nez, velocista nacional, quien estuvo presente en la inauguraci\u00f3n e indic\u00f3 que \u201ceste nuevo espacio puede unir a la comunidad, a la familia, al deporte para tener m\u00e1s panoramas. El parque qued\u00f3 impecable, y el hecho que sea abierto sirve para educar, para que todos se sientan parte de \u00e9l, pueden hacer <em>trekking,<\/em> trotar, andar en bicicleta, porque este lugar es un referente deportivo para la comuna de Angol\u201d.<\/p>\n\n\n\n<p class=\"wp-block-paragraph\">El pr\u00f3ximo espacio que se integrar\u00e1 a la red de Bosques Vivos es el Parque CMPC Lastarria, ubicado en la ciudad de Loncoche, que pronto tendr\u00e1 su apertura al p\u00fablico para que las personas puedan vivir lo natural.<\/p>\n\n\n\n<p class=\"wp-block-paragraph\"><strong>El legado de Bosque Vivo CMPC<\/strong><\/p>\n\n\n\n<p class=\"wp-block-paragraph\">Los parques CMPC Pumalal y Junquillar son parte del proyecto Bosque Vivo. Esta iniciativa nace con la idea de&nbsp;difundir&nbsp;los servicios ecosist\u00e9micos de los bosques y plantaciones productivas, tales como los servicios ambientales con la captura de carbono, la regeneraci\u00f3n de suelos y&nbsp;la elaboraci\u00f3n de productos sustentables como la celulosa y la madera;&nbsp;adem\u00e1s de destacar&nbsp;los servicios sociales&nbsp;relacionados con temas culturales y espacios de protecci\u00f3n. De igual forma pone en valor los servicios tur\u00edsticos, los que, por medio de la red de parques, pretende impactar en el desarrollo local y promover actividades al aire libre.<\/p>\n\n\n\n<p class=\"wp-block-paragraph\">Bosque Vivo ofrece amplias \u00e1reas de conservaci\u00f3n de bosque nativo. En conjunto con las \u00e1reas productivas, son un refugio constante para los vecinos que buscan deporte, recreaci\u00f3n, educaci\u00f3n o simplemente disfrutar de la naturaleza. CMPC est\u00e1 comprometida a promover el uso sostenible y sustentable de los bosques, ofreciendo a la comunidad una red de parques donde se pueden disfrutar espacios abiertos y una amplia variedad de actividades al aire libre.<\/p>\n\n\n\n<p class=\"wp-block-paragraph\">En ellos se puede encontrar plazas recreativas con pumptrack y juegos infantiles, senderos de trekking y mountain bike, pasarelas para caminatas en distintos tipos de bosques, se\u00f1alizaci\u00f3n educativa y direccional para hacer trekking autoguiado, puntos de descanso, miradores, hitos arquitect\u00f3nicos y mucho m\u00e1s.<\/p>\n\n\n\n<figure class=\"wp-block-image size-full\"><img loading=\"lazy\" decoding=\"async\" width=\"800\" height=\"455\" src=\"https:\/\/temucotelevision.cl\/web\/wp-content\/uploads\/2023\/11\/Bosque-Vivo3.jpg\" alt=\"\" class=\"wp-image-46143\" srcset=\"https:\/\/temucotelevision.cl\/web\/wp-content\/uploads\/2023\/11\/Bosque-Vivo3.jpg 800w, https:\/\/temucotelevision.cl\/web\/wp-content\/uploads\/2023\/11\/Bosque-Vivo3-768x437.jpg 768w\" sizes=\"auto, (max-width: 800px) 100vw, 800px\" \/><\/figure>\n","protected":false},"excerpt":{"rendered":"<div class=\"pvc_clear\"><\/div>\n<p id=\"pvc_stats_46140\" class=\"pvc_stats total_only  \" data-element-id=\"46140\" style=\"\"><i class=\"pvc-stats-icon large\" aria-hidden=\"true\"><svg aria-hidden=\"true\" focusable=\"false\" data-prefix=\"far\" data-icon=\"chart-bar\" role=\"img\" xmlns=\"http:\/\/www.w3.org\/2000\/svg\" viewBox=\"0 0 512 512\" class=\"svg-inline--fa fa-chart-bar fa-w-16 fa-2x\"><path fill=\"currentColor\" d=\"M396.8 352h22.4c6.4 0 12.8-6.4 12.8-12.8V108.8c0-6.4-6.4-12.8-12.8-12.8h-22.4c-6.4 0-12.8 6.4-12.8 12.8v230.4c0 6.4 6.4 12.8 12.8 12.8zm-192 0h22.4c6.4 0 12.8-6.4 12.8-12.8V140.8c0-6.4-6.4-12.8-12.8-12.8h-22.4c-6.4 0-12.8 6.4-12.8 12.8v198.4c0 6.4 6.4 12.8 12.8 12.8zm96 0h22.4c6.4 0 12.8-6.4 12.8-12.8V204.8c0-6.4-6.4-12.8-12.8-12.8h-22.4c-6.4 0-12.8 6.4-12.8 12.8v134.4c0 6.4 6.4 12.8 12.8 12.8zM496 400H48V80c0-8.84-7.16-16-16-16H16C7.16 64 0 71.16 0 80v336c0 17.67 14.33 32 32 32h464c8.84 0 16-7.16 16-16v-16c0-8.84-7.16-16-16-16zm-387.2-48h22.4c6.4 0 12.8-6.4 12.8-12.8v-70.4c0-6.4-6.4-12.8-12.8-12.8h-22.4c-6.4 0-12.8 6.4-12.8 12.8v70.4c0 6.4 6.4 12.8 12.8 12.8z\" class=\"\"><\/path><\/svg><\/i> <img loading=\"lazy\" decoding=\"async\" width=\"16\" height=\"16\" alt=\"Loading\" src=\"https:\/\/temucotelevision.cl\/web\/wp-content\/plugins\/page-views-count\/ajax-loader-2x.gif\" border=0 \/><\/p>\n<div class=\"pvc_clear\"><\/div>\n<p>Con m\u00e1s de 450 hect\u00e1reas destinadas a la conservaci\u00f3n y al disfrute del entorno natural, la empresa invita a \u201cvivir<\/p>\n","protected":false},"author":1,"featured_media":46141,"comment_status":"open","ping_status":"open","sticky":false,"template":"","format":"standard","meta":{"colormag_page_container_layout":"default_layout","colormag_page_sidebar_layout":"default_layout","advanced_seo_description":"","jetpack_seo_html_title":"","jetpack_seo_noindex":false,"jetpack_seo_schema_type":"","_jetpack_newsletter_access":"","_jetpack_dont_email_post_to_subs":false,"_jetpack_newsletter_tier_id":0,"_jetpack_memberships_contains_paywalled_content":false,"_jetpack_feature_clip_id":0,"_jetpack_memberships_contains_paid_content":false,"footnotes":"","jetpack_publicize_message":"","jetpack_publicize_feature_enabled":true,"jetpack_social_post_already_shared":false,"jetpack_social_options":{"image_generator_settings":{"template":"highway","default_image_id":0,"font":"","enabled":false},"version":2},"jetpack_post_was_ever_published":false},"categories":[101,86],"tags":[559,6478,2365,279],"class_list":["post-46140","post","type-post","status-publish","format-standard","has-post-thumbnail","hentry","category-actualidad","category-panoramas","tag-angol","tag-bosque-vivo","tag-cmpc","tag-parque"],"a3_pvc":{"activated":true,"total_views":2104,"today_views":0},"jetpack_publicize_connections":[],"jetpack_sharing_enabled":true,"jetpack_likes_enabled":true,"jetpack_featured_media_url":"https:\/\/temucotelevision.cl\/web\/wp-content\/uploads\/2023\/11\/Cmpc-Bosque1.jpg","_links":{"self":[{"href":"https:\/\/temucotelevision.cl\/web\/wp-json\/wp\/v2\/posts\/46140","targetHints":{"allow":["GET"]}}],"collection":[{"href":"https:\/\/temucotelevision.cl\/web\/wp-json\/wp\/v2\/posts"}],"about":[{"href":"https:\/\/temucotelevision.cl\/web\/wp-json\/wp\/v2\/types\/post"}],"author":[{"embeddable":true,"href":"https:\/\/temucotelevision.cl\/web\/wp-json\/wp\/v2\/users\/1"}],"replies":[{"embeddable":true,"href":"https:\/\/temucotelevision.cl\/web\/wp-json\/wp\/v2\/comments?post=46140"}],"version-history":[{"count":1,"href":"https:\/\/temucotelevision.cl\/web\/wp-json\/wp\/v2\/posts\/46140\/revisions"}],"predecessor-version":[{"id":46144,"href":"https:\/\/temucotelevision.cl\/web\/wp-json\/wp\/v2\/posts\/46140\/revisions\/46144"}],"wp:featuredmedia":[{"embeddable":true,"href":"https:\/\/temucotelevision.cl\/web\/wp-json\/wp\/v2\/media\/46141"}],"wp:attachment":[{"href":"https:\/\/temucotelevision.cl\/web\/wp-json\/wp\/v2\/media?parent=46140"}],"wp:term":[{"taxonomy":"category","embeddable":true,"href":"https:\/\/temucotelevision.cl\/web\/wp-json\/wp\/v2\/categories?post=46140"},{"taxonomy":"post_tag","embeddable":true,"href":"https:\/\/temucotelevision.cl\/web\/wp-json\/wp\/v2\/tags?post=46140"}],"curies":[{"name":"wp","href":"https:\/\/api.w.org\/{rel}","templated":true}]}}