{"id":46135,"date":"2023-11-12T22:05:57","date_gmt":"2023-11-13T01:05:57","guid":{"rendered":"https:\/\/temucotelevision.cl\/web\/?p=46135"},"modified":"2023-11-12T22:05:58","modified_gmt":"2023-11-13T01:05:58","slug":"indap-dispone-de-mas-de-8-607-millones-para-impulsar-la-produccion-de-cultivos-tradicionales-sustentables-de-valparaiso-a-la-araucania","status":"publish","type":"post","link":"https:\/\/temucotelevision.cl\/web\/2023\/11\/12\/indap-dispone-de-mas-de-8-607-millones-para-impulsar-la-produccion-de-cultivos-tradicionales-sustentables-de-valparaiso-a-la-araucania\/","title":{"rendered":"Indap dispone de m\u00e1s de $8.607 millones para impulsar la producci\u00f3n de cultivos tradicionales sustentables de Valpara\u00edso a La Araucan\u00eda"},"content":{"rendered":"<div class=\"pvc_clear\"><\/div><p id=\"pvc_stats_46135\" class=\"pvc_stats total_only  \" data-element-id=\"46135\" style=\"\"><i class=\"pvc-stats-icon large\" aria-hidden=\"true\"><svg aria-hidden=\"true\" focusable=\"false\" data-prefix=\"far\" data-icon=\"chart-bar\" role=\"img\" xmlns=\"http:\/\/www.w3.org\/2000\/svg\" viewBox=\"0 0 512 512\" class=\"svg-inline--fa fa-chart-bar fa-w-16 fa-2x\"><path fill=\"currentColor\" d=\"M396.8 352h22.4c6.4 0 12.8-6.4 12.8-12.8V108.8c0-6.4-6.4-12.8-12.8-12.8h-22.4c-6.4 0-12.8 6.4-12.8 12.8v230.4c0 6.4 6.4 12.8 12.8 12.8zm-192 0h22.4c6.4 0 12.8-6.4 12.8-12.8V140.8c0-6.4-6.4-12.8-12.8-12.8h-22.4c-6.4 0-12.8 6.4-12.8 12.8v198.4c0 6.4 6.4 12.8 12.8 12.8zm96 0h22.4c6.4 0 12.8-6.4 12.8-12.8V204.8c0-6.4-6.4-12.8-12.8-12.8h-22.4c-6.4 0-12.8 6.4-12.8 12.8v134.4c0 6.4 6.4 12.8 12.8 12.8zM496 400H48V80c0-8.84-7.16-16-16-16H16C7.16 64 0 71.16 0 80v336c0 17.67 14.33 32 32 32h464c8.84 0 16-7.16 16-16v-16c0-8.84-7.16-16-16-16zm-387.2-48h22.4c6.4 0 12.8-6.4 12.8-12.8v-70.4c0-6.4-6.4-12.8-12.8-12.8h-22.4c-6.4 0-12.8 6.4-12.8 12.8v70.4c0 6.4 6.4 12.8 12.8 12.8z\" class=\"\"><\/path><\/svg><\/i> <img loading=\"lazy\" decoding=\"async\" width=\"16\" height=\"16\" alt=\"Loading\" src=\"https:\/\/temucotelevision.cl\/web\/wp-content\/plugins\/page-views-count\/ajax-loader-2x.gif\" border=0 \/><\/p><div class=\"pvc_clear\"><\/div>\n<p class=\"wp-block-paragraph\">Con un&nbsp;<strong>presupuesto superior a los $8.607 millones y con el objetivo de aumentar las hect\u00e1reas de cultivos tradicionales con manejo sustentable y as\u00ed contribuir a la soberan\u00eda para la seguridad alimentaria del pa\u00eds,<\/strong>&nbsp;el&nbsp;<strong>Instituto de Desarrollo Agropecuario (INDAP) y el Ministerio de Agricultura,<\/strong>&nbsp;anunciaron en Linares, regi\u00f3n del Maule, la&nbsp;<strong>puesta en marcha del Programa \u201cPromoci\u00f3n y Fortalecimiento de la Producci\u00f3n Sustentable de Cultivos Tradicionales\u201d.<\/strong><strong><\/strong><\/p>\n\n\n\n<p class=\"wp-block-paragraph\">Esta&nbsp;<strong>nueva&nbsp;<\/strong><strong>pol\u00edtica de fomento&nbsp;<\/strong><strong>atender\u00e1 a 1.605 productores y productoras<\/strong>&nbsp;de INDAP desde la regi\u00f3n&nbsp;<strong>de Valpara\u00edso a La Araucan\u00eda<\/strong>&nbsp;y les permitir\u00e1&nbsp;<strong>acceder a asesor\u00eda predial especializada con \u00e9nfasis en sustentabilidad, promoviendo un manejo sostenible del suelo, adem\u00e1s de pr\u00e1cticas que minimicen la producci\u00f3n de gases de efecto invernadero y la eficiencia en el uso del agua,<\/strong>&nbsp;entre otros aspectos.<\/p>\n\n\n\n<p class=\"wp-block-paragraph\">El programa que comenz\u00f3 su ejecuci\u00f3n durante el \u00faltimo trimestre de 2023 y que ya cuenta con una experiencia piloto implementada en las regiones de Maule y \u00d1uble, tambi\u00e9n&nbsp;dispondr\u00e1 de recursos para inversi\u00f3n que incentiven la plantaci\u00f3n de leguminosas como porotos, lentejas, garbanzos, adem\u00e1s de trigo, avena y arroz, siembras, que&nbsp;producto de diversos factores han disminuido el volumen de su producci\u00f3n interna, afectando su consumo por parte de la poblaci\u00f3n.<\/p>\n\n\n\n<p class=\"wp-block-paragraph\">La actividad, realizada en la Delegaci\u00f3n Provincial de Linares, fue encabezada por el director nacional de INDAP, Santiago Rojas. Tambi\u00e9n participaron la Gobernadora Regional, Cristina Bravo, la Seremi de Agricultura del Maule, Ana Mu\u00f1oz; el director regional de INDAP Maule, Jorge C\u00e9spedes, la Diputada Consuelo Veloso y el Diputado Juan Antonio Coloma. Tambi\u00e9n participaron integrantes del Consejo Asesor Regional (CAR) y del Comit\u00e9 de Agencia de \u00c1rea (CADA), representando a los productores de la regi\u00f3n del Maule.<\/p>\n\n\n\n<p class=\"wp-block-paragraph\">&#8220;Este programa cuenta con\u00a0<strong>asesor\u00eda t\u00e9cnica especializada, con inversiones, con encadenamiento productivo.<\/strong>\u00a0Hoy, los mercados son cada vez m\u00e1s competitivos y necesitamos ser capaces de\u00a0<strong>producir m\u00e1s y mejor, con menor impacto ambiental, mejorando la rentabilidad de los productores<\/strong>\u00a0y, a la vez,\u00a0<strong>generando alimentos sanos para el pa\u00eds.<\/strong>\u00a0<strong>Esos son los principales objetivos de este programa que hoy d\u00eda estamos lanzando\u201d\u00a0detall\u00f3 el director nacional de INDAP, Santiago Rojas.\u00a0<\/strong>El directivo recalc\u00f3 que\u00a0<strong>la nueva herramienta beneficiar\u00e1 \u201ca m\u00e1s de 120 productores, en este caso, de Linares y San Javier, con m\u00e1s de $170.000.000 en bonificaciones\u201d.<\/strong><\/p>\n\n\n\n<figure class=\"wp-block-image size-large\"><img loading=\"lazy\" decoding=\"async\" width=\"1024\" height=\"684\" src=\"https:\/\/temucotelevision.cl\/web\/wp-content\/uploads\/2023\/11\/INDAP-Programa-CultivosTradicionales-2-1024x684.jpeg\" alt=\"\" class=\"wp-image-46137\" srcset=\"https:\/\/temucotelevision.cl\/web\/wp-content\/uploads\/2023\/11\/INDAP-Programa-CultivosTradicionales-2-1024x684.jpeg 1024w, https:\/\/temucotelevision.cl\/web\/wp-content\/uploads\/2023\/11\/INDAP-Programa-CultivosTradicionales-2-768x513.jpeg 768w, https:\/\/temucotelevision.cl\/web\/wp-content\/uploads\/2023\/11\/INDAP-Programa-CultivosTradicionales-2.jpeg 1280w\" sizes=\"auto, (max-width: 1024px) 100vw, 1024px\" \/><\/figure>\n\n\n\n<p class=\"wp-block-paragraph\">El programa Cultivos Tradicionales beneficiar\u00e1 a productores y productoras, quienes implementar\u00e1n pr\u00e1cticas de sustentabilidad agr\u00edcola y competitividad comercial en 35 unidades operativas. Para 2024 se proyecta el financiamiento de 800 proyectos anuales de quienes busquen acceder al incentivo predial con inversiones concursables de hasta $4.000.000 por usuario.<\/p>\n\n\n\n<p class=\"wp-block-paragraph\"><strong>Nora Flores<\/strong>&nbsp;es una peque\u00f1a agricultora acreditada ante INDAP&nbsp;<strong>dedicada al cultivo de ma\u00edz y trigo.<\/strong>&nbsp;Ella ser\u00e1&nbsp;<strong>beneficiada por el nuevo programa.<\/strong>&nbsp;En su opini\u00f3n, actualmente en la agricultura tradicional se siembran pocos cultivos como papas, porotos. \u201cEs una muy buena idea incentivar a los agricultores. Esto tiene que seguir\u201d.<\/p>\n\n\n\n<p class=\"wp-block-paragraph\">Las diversas emergencias provocadas por los cada vez m\u00e1s frecuentes eventos clim\u00e1ticos extremos han marcado y afectado la agricultura nacional y tambi\u00e9n mundial, obligando a replantearse el rol de la Agricultura Familiar Campesina e Ind\u00edgena respecto a la seguridad y soberan\u00eda alimentaria.&nbsp;En Chile, los cultivos tradicionales poseen una raigambre que marca la historia y el desarrollo de la agricultura y la alimentaci\u00f3n nacional, siendo elementos centrales en las m\u00faltiples preparaciones de la cocina chilena, por su alto valor nutricional y sabores distintivos.<\/p>\n\n\n\n<p class=\"wp-block-paragraph\">Registros de la Oficina de Estudios y Pol\u00edticas Agrarias (Odepa) muestran como la superficie sembrada de cultivos anuales presenta una disminuci\u00f3n a nivel nacional. Al comparar las temporadas 1979\/80 y 2021\/2022, se ve que el n\u00famero total de hect\u00e1reas va en descenso: trigo de 545.740 a 187.878; ma\u00edz, de 109.600 a 55.122; arroz, de 28.230 a 20.712; poroto de 25.870 a 6.230; garbanzo 3.840 a 101; Lenteja de 910 a 1.346; y papa, de 56.000 a 36.573 hect\u00e1reas.<\/p>\n\n\n\n<p class=\"wp-block-paragraph\">Desde INDAP se\u00f1alan que el programa de Cultivos Tradicionales es una pol\u00edtica p\u00fablica por medio de la que se busca contribuir a la seguridad y soberan\u00eda alimentaria, pues Chile requiere que se produzcan m\u00e1s y mejores alimentos para Chile, pero con m\u00e9todos y sistemas que preserven el medio ambiente.<\/p>\n\n\n\n<figure class=\"wp-block-image size-large\"><img loading=\"lazy\" decoding=\"async\" width=\"1024\" height=\"681\" src=\"https:\/\/temucotelevision.cl\/web\/wp-content\/uploads\/2023\/11\/INDAP-Programa-CultivosTradicionales-6-1024x681.jpg\" alt=\"\" class=\"wp-image-46138\" srcset=\"https:\/\/temucotelevision.cl\/web\/wp-content\/uploads\/2023\/11\/INDAP-Programa-CultivosTradicionales-6-1024x681.jpg 1024w, https:\/\/temucotelevision.cl\/web\/wp-content\/uploads\/2023\/11\/INDAP-Programa-CultivosTradicionales-6-768x510.jpg 768w, https:\/\/temucotelevision.cl\/web\/wp-content\/uploads\/2023\/11\/INDAP-Programa-CultivosTradicionales-6-1536x1021.jpg 1536w, https:\/\/temucotelevision.cl\/web\/wp-content\/uploads\/2023\/11\/INDAP-Programa-CultivosTradicionales-6-2048x1361.jpg 2048w\" sizes=\"auto, (max-width: 1024px) 100vw, 1024px\" \/><\/figure>\n","protected":false},"excerpt":{"rendered":"<div class=\"pvc_clear\"><\/div>\n<p id=\"pvc_stats_46135\" class=\"pvc_stats total_only  \" data-element-id=\"46135\" style=\"\"><i class=\"pvc-stats-icon large\" aria-hidden=\"true\"><svg aria-hidden=\"true\" focusable=\"false\" data-prefix=\"far\" data-icon=\"chart-bar\" role=\"img\" xmlns=\"http:\/\/www.w3.org\/2000\/svg\" viewBox=\"0 0 512 512\" class=\"svg-inline--fa fa-chart-bar fa-w-16 fa-2x\"><path fill=\"currentColor\" d=\"M396.8 352h22.4c6.4 0 12.8-6.4 12.8-12.8V108.8c0-6.4-6.4-12.8-12.8-12.8h-22.4c-6.4 0-12.8 6.4-12.8 12.8v230.4c0 6.4 6.4 12.8 12.8 12.8zm-192 0h22.4c6.4 0 12.8-6.4 12.8-12.8V140.8c0-6.4-6.4-12.8-12.8-12.8h-22.4c-6.4 0-12.8 6.4-12.8 12.8v198.4c0 6.4 6.4 12.8 12.8 12.8zm96 0h22.4c6.4 0 12.8-6.4 12.8-12.8V204.8c0-6.4-6.4-12.8-12.8-12.8h-22.4c-6.4 0-12.8 6.4-12.8 12.8v134.4c0 6.4 6.4 12.8 12.8 12.8zM496 400H48V80c0-8.84-7.16-16-16-16H16C7.16 64 0 71.16 0 80v336c0 17.67 14.33 32 32 32h464c8.84 0 16-7.16 16-16v-16c0-8.84-7.16-16-16-16zm-387.2-48h22.4c6.4 0 12.8-6.4 12.8-12.8v-70.4c0-6.4-6.4-12.8-12.8-12.8h-22.4c-6.4 0-12.8 6.4-12.8 12.8v70.4c0 6.4 6.4 12.8 12.8 12.8z\" class=\"\"><\/path><\/svg><\/i> <img loading=\"lazy\" decoding=\"async\" width=\"16\" height=\"16\" alt=\"Loading\" src=\"https:\/\/temucotelevision.cl\/web\/wp-content\/plugins\/page-views-count\/ajax-loader-2x.gif\" border=0 \/><\/p>\n<div class=\"pvc_clear\"><\/div>\n<p>Con un&nbsp;presupuesto superior a los $8.607 millones y con el objetivo de aumentar las hect\u00e1reas de cultivos tradicionales con manejo<\/p>\n","protected":false},"author":1,"featured_media":46136,"comment_status":"open","ping_status":"open","sticky":false,"template":"","format":"standard","meta":{"colormag_page_container_layout":"default_layout","colormag_page_sidebar_layout":"default_layout","advanced_seo_description":"","jetpack_seo_html_title":"","jetpack_seo_noindex":false,"jetpack_seo_schema_type":"","_jetpack_newsletter_access":"","_jetpack_dont_email_post_to_subs":false,"_jetpack_newsletter_tier_id":0,"_jetpack_memberships_contains_paywalled_content":false,"_jetpack_feature_clip_id":0,"_jetpack_memberships_contains_paid_content":false,"footnotes":"","jetpack_publicize_message":"","jetpack_publicize_feature_enabled":true,"jetpack_social_post_already_shared":false,"jetpack_social_options":{"image_generator_settings":{"template":"highway","default_image_id":0,"font":"","enabled":false},"version":2},"jetpack_post_was_ever_published":false},"categories":[14],"tags":[1877,6635,569,5841],"class_list":["post-46135","post","type-post","status-publish","format-standard","has-post-thumbnail","hentry","category-temuco","tag-araucania-2","tag-cultivos","tag-indap","tag-valparaiso"],"a3_pvc":{"activated":true,"total_views":1485,"today_views":0},"jetpack_publicize_connections":[],"jetpack_sharing_enabled":true,"jetpack_likes_enabled":true,"jetpack_featured_media_url":"https:\/\/temucotelevision.cl\/web\/wp-content\/uploads\/2023\/11\/Cultivos.jpg","_links":{"self":[{"href":"https:\/\/temucotelevision.cl\/web\/wp-json\/wp\/v2\/posts\/46135","targetHints":{"allow":["GET"]}}],"collection":[{"href":"https:\/\/temucotelevision.cl\/web\/wp-json\/wp\/v2\/posts"}],"about":[{"href":"https:\/\/temucotelevision.cl\/web\/wp-json\/wp\/v2\/types\/post"}],"author":[{"embeddable":true,"href":"https:\/\/temucotelevision.cl\/web\/wp-json\/wp\/v2\/users\/1"}],"replies":[{"embeddable":true,"href":"https:\/\/temucotelevision.cl\/web\/wp-json\/wp\/v2\/comments?post=46135"}],"version-history":[{"count":1,"href":"https:\/\/temucotelevision.cl\/web\/wp-json\/wp\/v2\/posts\/46135\/revisions"}],"predecessor-version":[{"id":46139,"href":"https:\/\/temucotelevision.cl\/web\/wp-json\/wp\/v2\/posts\/46135\/revisions\/46139"}],"wp:featuredmedia":[{"embeddable":true,"href":"https:\/\/temucotelevision.cl\/web\/wp-json\/wp\/v2\/media\/46136"}],"wp:attachment":[{"href":"https:\/\/temucotelevision.cl\/web\/wp-json\/wp\/v2\/media?parent=46135"}],"wp:term":[{"taxonomy":"category","embeddable":true,"href":"https:\/\/temucotelevision.cl\/web\/wp-json\/wp\/v2\/categories?post=46135"},{"taxonomy":"post_tag","embeddable":true,"href":"https:\/\/temucotelevision.cl\/web\/wp-json\/wp\/v2\/tags?post=46135"}],"curies":[{"name":"wp","href":"https:\/\/api.w.org\/{rel}","templated":true}]}}