{"id":46132,"date":"2023-11-12T21:58:55","date_gmt":"2023-11-13T00:58:55","guid":{"rendered":"https:\/\/temucotelevision.cl\/web\/?p=46132"},"modified":"2023-11-12T21:58:56","modified_gmt":"2023-11-13T00:58:56","slug":"diputada-munoz-psc-pedira-sesion-especial-para-enfrentar-la-delincuencia-y-el-crimen-organizado-en-la-region-del-biobio-y-el-pais","status":"publish","type":"post","link":"https:\/\/temucotelevision.cl\/web\/2023\/11\/12\/diputada-munoz-psc-pedira-sesion-especial-para-enfrentar-la-delincuencia-y-el-crimen-organizado-en-la-region-del-biobio-y-el-pais\/","title":{"rendered":"Diputada \u00a0Mu\u00f1oz (PSC) pedir\u00e1 sesi\u00f3n especial para enfrentar la delincuencia y el crimen organizado en la regi\u00f3n del Biob\u00edo y el pa\u00eds\u00a0"},"content":{"rendered":"<div class=\"pvc_clear\"><\/div><p id=\"pvc_stats_46132\" class=\"pvc_stats total_only  \" data-element-id=\"46132\" style=\"\"><i class=\"pvc-stats-icon large\" aria-hidden=\"true\"><svg aria-hidden=\"true\" focusable=\"false\" data-prefix=\"far\" data-icon=\"chart-bar\" role=\"img\" xmlns=\"http:\/\/www.w3.org\/2000\/svg\" viewBox=\"0 0 512 512\" class=\"svg-inline--fa fa-chart-bar fa-w-16 fa-2x\"><path fill=\"currentColor\" d=\"M396.8 352h22.4c6.4 0 12.8-6.4 12.8-12.8V108.8c0-6.4-6.4-12.8-12.8-12.8h-22.4c-6.4 0-12.8 6.4-12.8 12.8v230.4c0 6.4 6.4 12.8 12.8 12.8zm-192 0h22.4c6.4 0 12.8-6.4 12.8-12.8V140.8c0-6.4-6.4-12.8-12.8-12.8h-22.4c-6.4 0-12.8 6.4-12.8 12.8v198.4c0 6.4 6.4 12.8 12.8 12.8zm96 0h22.4c6.4 0 12.8-6.4 12.8-12.8V204.8c0-6.4-6.4-12.8-12.8-12.8h-22.4c-6.4 0-12.8 6.4-12.8 12.8v134.4c0 6.4 6.4 12.8 12.8 12.8zM496 400H48V80c0-8.84-7.16-16-16-16H16C7.16 64 0 71.16 0 80v336c0 17.67 14.33 32 32 32h464c8.84 0 16-7.16 16-16v-16c0-8.84-7.16-16-16-16zm-387.2-48h22.4c6.4 0 12.8-6.4 12.8-12.8v-70.4c0-6.4-6.4-12.8-12.8-12.8h-22.4c-6.4 0-12.8 6.4-12.8 12.8v70.4c0 6.4 6.4 12.8 12.8 12.8z\" class=\"\"><\/path><\/svg><\/i> <img loading=\"lazy\" decoding=\"async\" width=\"16\" height=\"16\" alt=\"Loading\" src=\"https:\/\/temucotelevision.cl\/web\/wp-content\/plugins\/page-views-count\/ajax-loader-2x.gif\" border=0 \/><\/p><div class=\"pvc_clear\"><\/div>\n<p><br><em>Lo anterior producto del \u00faltimo hecho\u00a0de violencia, donde cientos de personas debieron ser evacuadas de tres centros comerciales por la explosi\u00f3n de bombas de ruido.<\/em><\/p>\n\n\n\n<p>Este viernes funcionarios de Carabineros debieron evacuar a cientos de personas de tres centros comerciales ubicados en Concepci\u00f3n, producto de la detonaci\u00f3n de diferentes bombas de ruido. La primera explosi\u00f3n ocurri\u00f3 en el Mall Mirador Biob\u00edo, luego otra se produjo en el Mall del Centro, espec\u00edficamente en el patio de comidas y horas m\u00e1s tarde lo mismo sucedi\u00f3 en el Mall Plaza El Tr\u00e9bol, al interior del ba\u00f1o de mujeres.<\/p>\n\n\n\n<p>Al respecto, la diputada por la zona y del Partido Social Cristiano, Francesca Mu\u00f1oz, emplaz\u00f3 al Ejecutivo y dijo que \u201cel Gobierno ha mostrado debilidad a la hora de enfrentar con fuerza la delincuencia y eso nos est\u00e1 costando muy caro. Lo que ha ocurrido hoy en la regi\u00f3n del Biob\u00edo es grav\u00edsimo, porque la detonaci\u00f3n de bombas de ruido en tres mall en la provincia de Concepci\u00f3n, muestran que es algo orquestado para causar terror\u201d.<\/p>\n\n\n\n<p>&nbsp;\u201cEsto no puede seguir, hay que reforzar la polic\u00eda a nivel pa\u00eds y activar el servicio de inteligencia, porque las cifras demuestran que el crimen organizado ha aumentado con narcotr\u00e1fico, balaceras, secuestros y ahora explosiones, esto no da para m\u00e1s, porque vemos que estos actos quedan en impunidad y son se\u00f1ales claras de que este Gobierno, tiene mano blanda\u201d, agreg\u00f3.<\/p>\n\n\n\n<p>Finalmente, Mu\u00f1oz sentenci\u00f3 que \u201cla delincuencia se est\u00e1 expandiendo cada vez m\u00e1s en el pa\u00eds, el Gobierno debe poner un alto y hacerse responsable de una vez por todas. Es por ello que pediremos una sesi\u00f3n especial, para enfrentar el aumento de la delincuencia y el crimen organizado en la regi\u00f3n del Biob\u00edo y en todo el pa\u00eds\u201d.<\/p>\n","protected":false},"excerpt":{"rendered":"<div class=\"pvc_clear\"><\/div>\n<p id=\"pvc_stats_46132\" class=\"pvc_stats total_only  \" data-element-id=\"46132\" style=\"\"><i class=\"pvc-stats-icon large\" aria-hidden=\"true\"><svg aria-hidden=\"true\" focusable=\"false\" data-prefix=\"far\" data-icon=\"chart-bar\" role=\"img\" xmlns=\"http:\/\/www.w3.org\/2000\/svg\" viewBox=\"0 0 512 512\" class=\"svg-inline--fa fa-chart-bar fa-w-16 fa-2x\"><path fill=\"currentColor\" d=\"M396.8 352h22.4c6.4 0 12.8-6.4 12.8-12.8V108.8c0-6.4-6.4-12.8-12.8-12.8h-22.4c-6.4 0-12.8 6.4-12.8 12.8v230.4c0 6.4 6.4 12.8 12.8 12.8zm-192 0h22.4c6.4 0 12.8-6.4 12.8-12.8V140.8c0-6.4-6.4-12.8-12.8-12.8h-22.4c-6.4 0-12.8 6.4-12.8 12.8v198.4c0 6.4 6.4 12.8 12.8 12.8zm96 0h22.4c6.4 0 12.8-6.4 12.8-12.8V204.8c0-6.4-6.4-12.8-12.8-12.8h-22.4c-6.4 0-12.8 6.4-12.8 12.8v134.4c0 6.4 6.4 12.8 12.8 12.8zM496 400H48V80c0-8.84-7.16-16-16-16H16C7.16 64 0 71.16 0 80v336c0 17.67 14.33 32 32 32h464c8.84 0 16-7.16 16-16v-16c0-8.84-7.16-16-16-16zm-387.2-48h22.4c6.4 0 12.8-6.4 12.8-12.8v-70.4c0-6.4-6.4-12.8-12.8-12.8h-22.4c-6.4 0-12.8 6.4-12.8 12.8v70.4c0 6.4 6.4 12.8 12.8 12.8z\" class=\"\"><\/path><\/svg><\/i> <img loading=\"lazy\" decoding=\"async\" width=\"16\" height=\"16\" alt=\"Loading\" src=\"https:\/\/temucotelevision.cl\/web\/wp-content\/plugins\/page-views-count\/ajax-loader-2x.gif\" border=0 \/><\/p>\n<div class=\"pvc_clear\"><\/div>\n<p>Lo anterior producto del \u00faltimo hecho\u00a0de violencia, donde cientos de personas debieron ser evacuadas de tres centros comerciales por la<\/p>\n","protected":false},"author":1,"featured_media":46133,"comment_status":"open","ping_status":"open","sticky":false,"template":"","format":"standard","meta":{"colormag_page_container_layout":"default_layout","colormag_page_sidebar_layout":"default_layout","footnotes":""},"categories":[84],"tags":[3639,2272,959,788,6809],"class_list":["post-46132","post","type-post","status-publish","format-standard","has-post-thumbnail","hentry","category-politica","tag-biobio","tag-crimen","tag-delincuencia","tag-diputada","tag-organizado"],"a3_pvc":{"activated":true,"total_views":892,"today_views":0},"_links":{"self":[{"href":"https:\/\/temucotelevision.cl\/web\/wp-json\/wp\/v2\/posts\/46132","targetHints":{"allow":["GET"]}}],"collection":[{"href":"https:\/\/temucotelevision.cl\/web\/wp-json\/wp\/v2\/posts"}],"about":[{"href":"https:\/\/temucotelevision.cl\/web\/wp-json\/wp\/v2\/types\/post"}],"author":[{"embeddable":true,"href":"https:\/\/temucotelevision.cl\/web\/wp-json\/wp\/v2\/users\/1"}],"replies":[{"embeddable":true,"href":"https:\/\/temucotelevision.cl\/web\/wp-json\/wp\/v2\/comments?post=46132"}],"version-history":[{"count":1,"href":"https:\/\/temucotelevision.cl\/web\/wp-json\/wp\/v2\/posts\/46132\/revisions"}],"predecessor-version":[{"id":46134,"href":"https:\/\/temucotelevision.cl\/web\/wp-json\/wp\/v2\/posts\/46132\/revisions\/46134"}],"wp:featuredmedia":[{"embeddable":true,"href":"https:\/\/temucotelevision.cl\/web\/wp-json\/wp\/v2\/media\/46133"}],"wp:attachment":[{"href":"https:\/\/temucotelevision.cl\/web\/wp-json\/wp\/v2\/media?parent=46132"}],"wp:term":[{"taxonomy":"category","embeddable":true,"href":"https:\/\/temucotelevision.cl\/web\/wp-json\/wp\/v2\/categories?post=46132"},{"taxonomy":"post_tag","embeddable":true,"href":"https:\/\/temucotelevision.cl\/web\/wp-json\/wp\/v2\/tags?post=46132"}],"curies":[{"name":"wp","href":"https:\/\/api.w.org\/{rel}","templated":true}]}}