{"id":4613,"date":"2019-07-04T09:34:51","date_gmt":"2019-07-04T12:34:51","guid":{"rendered":"https:\/\/temucotelevision.cl\/web\/?p=4613"},"modified":"2019-07-04T09:34:51","modified_gmt":"2019-07-04T12:34:51","slug":"proyecto-sera-ley-quintana-valora-ratificacion-en-la-camara-para-que-delitos-sexuales-contra-menores-sean-imprescriptibles","status":"publish","type":"post","link":"https:\/\/temucotelevision.cl\/web\/2019\/07\/04\/proyecto-sera-ley-quintana-valora-ratificacion-en-la-camara-para-que-delitos-sexuales-contra-menores-sean-imprescriptibles\/","title":{"rendered":"Proyecto ser\u00e1 ley: Quintana valora ratificaci\u00f3n en la C\u00e1mara para que delitos sexuales contra menores sean imprescriptibles"},"content":{"rendered":"<div class=\"pvc_clear\"><\/div>\n<p id=\"pvc_stats_4613\" class=\"pvc_stats total_only  \" data-element-id=\"4613\" style=\"\"><i class=\"pvc-stats-icon large\" aria-hidden=\"true\"><svg aria-hidden=\"true\" focusable=\"false\" data-prefix=\"far\" data-icon=\"chart-bar\" role=\"img\" xmlns=\"http:\/\/www.w3.org\/2000\/svg\" viewBox=\"0 0 512 512\" class=\"svg-inline--fa fa-chart-bar fa-w-16 fa-2x\"><path fill=\"currentColor\" d=\"M396.8 352h22.4c6.4 0 12.8-6.4 12.8-12.8V108.8c0-6.4-6.4-12.8-12.8-12.8h-22.4c-6.4 0-12.8 6.4-12.8 12.8v230.4c0 6.4 6.4 12.8 12.8 12.8zm-192 0h22.4c6.4 0 12.8-6.4 12.8-12.8V140.8c0-6.4-6.4-12.8-12.8-12.8h-22.4c-6.4 0-12.8 6.4-12.8 12.8v198.4c0 6.4 6.4 12.8 12.8 12.8zm96 0h22.4c6.4 0 12.8-6.4 12.8-12.8V204.8c0-6.4-6.4-12.8-12.8-12.8h-22.4c-6.4 0-12.8 6.4-12.8 12.8v134.4c0 6.4 6.4 12.8 12.8 12.8zM496 400H48V80c0-8.84-7.16-16-16-16H16C7.16 64 0 71.16 0 80v336c0 17.67 14.33 32 32 32h464c8.84 0 16-7.16 16-16v-16c0-8.84-7.16-16-16-16zm-387.2-48h22.4c6.4 0 12.8-6.4 12.8-12.8v-70.4c0-6.4-6.4-12.8-12.8-12.8h-22.4c-6.4 0-12.8 6.4-12.8 12.8v70.4c0 6.4 6.4 12.8 12.8 12.8z\" class=\"\"><\/path><\/svg><\/i> <img loading=\"lazy\" decoding=\"async\" width=\"16\" height=\"16\" alt=\"Loading\" src=\"https:\/\/temucotelevision.cl\/web\/wp-content\/plugins\/page-views-count\/ajax-loader-2x.gif\" border=0 \/><\/p>\n<div class=\"pvc_clear\"><\/div>\n<p style=\"text-align: justify;\">Temuco, julio de 2019.- El parlamentario de La Araucan\u00eda y presidente del Senado, Jaime Quintana, autor del proyecto de ley, insisti\u00f3 en que la moci\u00f3n es una innovaci\u00f3n sustantiva para el derecho penal chileno y reafirma el compromiso del Estado en la protecci\u00f3n de los ni\u00f1os y adolescentes. Con respecto a la retroactividad, el congresista explic\u00f3 que su incorporaci\u00f3n traer\u00eda controversias constitucionales.<\/p>\n<p style=\"text-align: justify;\">El senador de La Araucan\u00eda y presidente de la C\u00e1mara Alta, Jaime Quintana, celebra. Y es que en la Sala del Senado se ratific\u00f3 el informe de la Comisi\u00f3n Mixta para el proyecto de ley que declara imprescriptibles los delitos sexuales contra menores, contando con la unanimidad de los votos de los parlamentarios. Asimismo, esta jornada y tambi\u00e9n de manera un\u00e1nime, fue aprobado por la C\u00e1mara de Diputados, quedando en condiciones de convertirse en ley.<\/p>\n<p style=\"text-align: justify;\">Para el senador Jaime Quintana, autor del proyecto de ley y miembro de la Comisi\u00f3n especial encargada de tramitar proyectos de ley relacionados con los ni\u00f1os, ni\u00f1as y adolescentes, record\u00f3 que \u201cel texto fue presentado hace 10 a\u00f1os, en un contexto pol\u00edtico, social y acad\u00e9mico totalmente distinto al de hoy\u201d.<\/p>\n<p style=\"text-align: justify;\">\u201cEfectivamente, cuando este proyecto parte, reci\u00e9n ten\u00edamos dos a\u00f1os de vigencia de la ley 20.207, que es la ley que introdujo en nuestro sistema una excepci\u00f3n a la regla general de prescripci\u00f3n a la acci\u00f3n penal, estableciendo para el caso de los delitos sexuales cometidos contra menores, que el plazo se contar\u00e1 desde que la v\u00edctima haya alcanzado la mayor\u00eda de edad, por lo tanto, lo \u00fanico que ten\u00edamos era una suspensi\u00f3n y no era totalmente eficiente\u201d, explic\u00f3 el senador Quintana.<\/p>\n<p style=\"text-align: justify;\">Asimismo, Quintana destac\u00f3 la aprobaci\u00f3n en la C\u00e1mara y valor\u00f3 \u201cel respaldo a esta iniciativa en donde cualquier abusador de un ni\u00f1o o ni\u00f1a pueda ser perseguido penalmente durante toda su vida, sin importar cuanto tiempo pase. Eso es lo que buscamos durante largos a\u00f1os\u201d.<\/p>\n<p style=\"text-align: justify;\">El informe de Comisi\u00f3n Mixta<\/p>\n<p style=\"text-align: justify;\">El informe entregado por la Comisi\u00f3n Mixta, compuesta por Constituci\u00f3n y la especial encargada de tramitar proyectos de ley relacionados con los ni\u00f1os, ni\u00f1as y adolescentes, propuso rechazar la incorporaci\u00f3n de la figura de la violaci\u00f3n con homicidio en el listado de delitos, pues \u2013seg\u00fan se explic\u00f3- se tuvo a la vista la opini\u00f3n del Ejecutivo que se\u00f1al\u00f3 que constituye una regla de concurso de delitos y no un tipo penal aut\u00f3nomo.<\/p>\n<p style=\"text-align: justify;\">Asimismo, se respald\u00f3 el criterio del Senado, que desech\u00f3 la aplicaci\u00f3n de la retroactiva, dado que se estim\u00f3 que era m\u00e1s prudente y adecuado avanzar en la pronta aprobaci\u00f3n y evitar controversias constitucionales que impedir\u00eda la aplicaci\u00f3n efectiva.<\/p>\n<p style=\"text-align: justify;\">Al respecto, el presidente del Senado, Jaime Quintana, se\u00f1al\u00f3 que \u201cefectivamente la C\u00e1mara, con muy buena disposici\u00f3n y con argumentos bien plausibles, intent\u00f3 hacer algunas modificaciones (al proyecto), a las cuales tambi\u00e9n se ha referido el informe de la comisi\u00f3n mixta, como ejemplo: incorporar la violaci\u00f3n con homicidio. Sin embargo, se ha se\u00f1alado que no se trata de un tipo penal aut\u00f3nomo, pero adem\u00e1s, estar\u00edamos frente a una v\u00edctima que ya est\u00e1 fallecida, y en este proyecto se ha insistido mucho en que se escuche a la v\u00edctima al momento de hacer la denuncia\u201d.<\/p>\n<p style=\"text-align: justify;\">Frente a la retroactividad del delito, donde la mayor\u00eda de los legisladores coincidieron en la pertinencia de no insistir, Quintana expres\u00f3 que \u201ctambi\u00e9n se ha desechado la aplicaci\u00f3n retroactiva porque esto podr\u00eda significar conflictos procesales constitucionales y terminar transformando esta norma en una norma completamente ineficaz, y por lo mismo, la recomendaci\u00f3n que se ha hecho es aprobar este proyecto en los t\u00e9rminos que se ha se\u00f1alado, que es lo m\u00e1s parecido a la moci\u00f3n original presentada hace 10 a\u00f1os\u201d.<\/p>\n<p style=\"text-align: justify;\">Cambio de paradigma<\/p>\n<p style=\"text-align: justify;\">Cabe recordar que, la iniciativa tiene por objeto resaltar la extrema gravedad de los delitos de connotaci\u00f3n sexual cometidos en contra de menores, permitiendo a quienes han sido v\u00edctimas de estas agresiones denunciar su perpetraci\u00f3n y a sus victimarios cuando se encuentren realmente preparados para hacerlo y enfrentarlo, sin que corran el peligro que las acciones legales para hacer efectiva la responsabilidad.<\/p>\n<p style=\"text-align: justify;\">\u201cAqu\u00ed estamos frente a un cambio de paradigma, estamos haciendo historia en materia de derecho penal\u201d, enfatiz\u00f3 Quintana.<\/p>\n<p style=\"text-align: justify;\">Cabe se\u00f1alar que, este es un proyecto que estuvo paralizado dos a\u00f1os, en otra \u00e9poca, en Comisi\u00f3n de Constituci\u00f3n. Este mismo Senado el a\u00f1o 2016 permiti\u00f3 por unanimidad el poder constituir una Comisi\u00f3n especial de infancia que se aboc\u00f3 a la discusi\u00f3n general de este proyecto. Posteriormente fue visto en particular en Comisiones unidas de infancia y Constituci\u00f3n con el patrocinio del Ejecutivo \u201cy la firme convicci\u00f3n y decisi\u00f3n pol\u00edtica del ministro de Justicia, Hern\u00e1n Larra\u00edn\u201d, sostuvo Jaime Quintana.<\/p>\n<p style=\"text-align: justify;\">Finalmente, el senador de La Araucan\u00eda y presidente de la C\u00e1mara Alta, Jaime Quintana, manifest\u00f3 su gratitud a los parlamentarios que apoyaron y aportaron al proyecto de ley y de manera especial \u201ca las organizaciones sociales como \u201cDerecho al Tiempo\u201d que han acompa\u00f1ado en todo momento esta iniciativa. Ahora s\u00f3lo esperamos la promulgaci\u00f3n para que este proyecto pueda convertirse en ley y nunca m\u00e1s los delitos sexuales contra menores queden en la impunidad\u201d, sentenci\u00f3 el legislador.<\/p>\n","protected":false},"excerpt":{"rendered":"<div class=\"pvc_clear\"><\/div>\n<p id=\"pvc_stats_4613\" class=\"pvc_stats total_only  \" data-element-id=\"4613\" style=\"\"><i class=\"pvc-stats-icon large\" aria-hidden=\"true\"><svg aria-hidden=\"true\" focusable=\"false\" data-prefix=\"far\" data-icon=\"chart-bar\" role=\"img\" xmlns=\"http:\/\/www.w3.org\/2000\/svg\" viewBox=\"0 0 512 512\" class=\"svg-inline--fa fa-chart-bar fa-w-16 fa-2x\"><path fill=\"currentColor\" d=\"M396.8 352h22.4c6.4 0 12.8-6.4 12.8-12.8V108.8c0-6.4-6.4-12.8-12.8-12.8h-22.4c-6.4 0-12.8 6.4-12.8 12.8v230.4c0 6.4 6.4 12.8 12.8 12.8zm-192 0h22.4c6.4 0 12.8-6.4 12.8-12.8V140.8c0-6.4-6.4-12.8-12.8-12.8h-22.4c-6.4 0-12.8 6.4-12.8 12.8v198.4c0 6.4 6.4 12.8 12.8 12.8zm96 0h22.4c6.4 0 12.8-6.4 12.8-12.8V204.8c0-6.4-6.4-12.8-12.8-12.8h-22.4c-6.4 0-12.8 6.4-12.8 12.8v134.4c0 6.4 6.4 12.8 12.8 12.8zM496 400H48V80c0-8.84-7.16-16-16-16H16C7.16 64 0 71.16 0 80v336c0 17.67 14.33 32 32 32h464c8.84 0 16-7.16 16-16v-16c0-8.84-7.16-16-16-16zm-387.2-48h22.4c6.4 0 12.8-6.4 12.8-12.8v-70.4c0-6.4-6.4-12.8-12.8-12.8h-22.4c-6.4 0-12.8 6.4-12.8 12.8v70.4c0 6.4 6.4 12.8 12.8 12.8z\" class=\"\"><\/path><\/svg><\/i> <img loading=\"lazy\" decoding=\"async\" width=\"16\" height=\"16\" alt=\"Loading\" src=\"https:\/\/temucotelevision.cl\/web\/wp-content\/plugins\/page-views-count\/ajax-loader-2x.gif\" border=0 \/><\/p>\n<div class=\"pvc_clear\"><\/div>\n<p>Temuco, julio de 2019.- El parlamentario de La Araucan\u00eda y presidente del Senado, Jaime Quintana, autor del proyecto de ley,<\/p>\n","protected":false},"author":1,"featured_media":4614,"comment_status":"open","ping_status":"open","sticky":false,"template":"","format":"standard","meta":{"colormag_page_container_layout":"default_layout","colormag_page_sidebar_layout":"default_layout","footnotes":""},"categories":[84],"tags":[],"class_list":["post-4613","post","type-post","status-publish","format-standard","has-post-thumbnail","hentry","category-politica"],"a3_pvc":{"activated":true,"total_views":21,"today_views":0},"_links":{"self":[{"href":"https:\/\/temucotelevision.cl\/web\/wp-json\/wp\/v2\/posts\/4613","targetHints":{"allow":["GET"]}}],"collection":[{"href":"https:\/\/temucotelevision.cl\/web\/wp-json\/wp\/v2\/posts"}],"about":[{"href":"https:\/\/temucotelevision.cl\/web\/wp-json\/wp\/v2\/types\/post"}],"author":[{"embeddable":true,"href":"https:\/\/temucotelevision.cl\/web\/wp-json\/wp\/v2\/users\/1"}],"replies":[{"embeddable":true,"href":"https:\/\/temucotelevision.cl\/web\/wp-json\/wp\/v2\/comments?post=4613"}],"version-history":[{"count":1,"href":"https:\/\/temucotelevision.cl\/web\/wp-json\/wp\/v2\/posts\/4613\/revisions"}],"predecessor-version":[{"id":4615,"href":"https:\/\/temucotelevision.cl\/web\/wp-json\/wp\/v2\/posts\/4613\/revisions\/4615"}],"wp:featuredmedia":[{"embeddable":true,"href":"https:\/\/temucotelevision.cl\/web\/wp-json\/wp\/v2\/media\/4614"}],"wp:attachment":[{"href":"https:\/\/temucotelevision.cl\/web\/wp-json\/wp\/v2\/media?parent=4613"}],"wp:term":[{"taxonomy":"category","embeddable":true,"href":"https:\/\/temucotelevision.cl\/web\/wp-json\/wp\/v2\/categories?post=4613"},{"taxonomy":"post_tag","embeddable":true,"href":"https:\/\/temucotelevision.cl\/web\/wp-json\/wp\/v2\/tags?post=4613"}],"curies":[{"name":"wp","href":"https:\/\/api.w.org\/{rel}","templated":true}]}}