{"id":46122,"date":"2023-11-12T20:50:53","date_gmt":"2023-11-12T23:50:53","guid":{"rendered":"https:\/\/temucotelevision.cl\/web\/?p=46122"},"modified":"2023-11-12T20:50:54","modified_gmt":"2023-11-12T23:50:54","slug":"gran-fiesta-de-45-anos-solidarios-teleton-supera-la-meta-y-recauda-mas-de-38-mil-millones-para-continuar-rehabilitando","status":"publish","type":"post","link":"https:\/\/temucotelevision.cl\/web\/2023\/11\/12\/gran-fiesta-de-45-anos-solidarios-teleton-supera-la-meta-y-recauda-mas-de-38-mil-millones-para-continuar-rehabilitando\/","title":{"rendered":"\u00a1Gran fiesta de 45 a\u00f1os solidarios!: Telet\u00f3n supera la meta y recauda m\u00e1s de $38 mil millones para continuar rehabilitando"},"content":{"rendered":"<div class=\"pvc_clear\"><\/div><p id=\"pvc_stats_46122\" class=\"pvc_stats total_only  \" data-element-id=\"46122\" style=\"\"><i class=\"pvc-stats-icon large\" aria-hidden=\"true\"><svg aria-hidden=\"true\" focusable=\"false\" data-prefix=\"far\" data-icon=\"chart-bar\" role=\"img\" xmlns=\"http:\/\/www.w3.org\/2000\/svg\" viewBox=\"0 0 512 512\" class=\"svg-inline--fa fa-chart-bar fa-w-16 fa-2x\"><path fill=\"currentColor\" d=\"M396.8 352h22.4c6.4 0 12.8-6.4 12.8-12.8V108.8c0-6.4-6.4-12.8-12.8-12.8h-22.4c-6.4 0-12.8 6.4-12.8 12.8v230.4c0 6.4 6.4 12.8 12.8 12.8zm-192 0h22.4c6.4 0 12.8-6.4 12.8-12.8V140.8c0-6.4-6.4-12.8-12.8-12.8h-22.4c-6.4 0-12.8 6.4-12.8 12.8v198.4c0 6.4 6.4 12.8 12.8 12.8zm96 0h22.4c6.4 0 12.8-6.4 12.8-12.8V204.8c0-6.4-6.4-12.8-12.8-12.8h-22.4c-6.4 0-12.8 6.4-12.8 12.8v134.4c0 6.4 6.4 12.8 12.8 12.8zM496 400H48V80c0-8.84-7.16-16-16-16H16C7.16 64 0 71.16 0 80v336c0 17.67 14.33 32 32 32h464c8.84 0 16-7.16 16-16v-16c0-8.84-7.16-16-16-16zm-387.2-48h22.4c6.4 0 12.8-6.4 12.8-12.8v-70.4c0-6.4-6.4-12.8-12.8-12.8h-22.4c-6.4 0-12.8 6.4-12.8 12.8v70.4c0 6.4 6.4 12.8 12.8 12.8z\" class=\"\"><\/path><\/svg><\/i> <img loading=\"lazy\" decoding=\"async\" width=\"16\" height=\"16\" alt=\"Loading\" src=\"https:\/\/temucotelevision.cl\/web\/wp-content\/plugins\/page-views-count\/ajax-loader-2x.gif\" border=0 \/><\/p><div class=\"pvc_clear\"><\/div>\n<ul class=\"wp-block-list\">\n<li><strong>La jornada solidaria, que realiz\u00f3 su noche final en la Quinta Vergara, cont\u00f3 con la participaci\u00f3n de Lunay, Karen Paola, Axel, Alejandro Lerner, Z\u00fambale Primo, Beto Cuevas, Stefan Kramer y otros n\u00fameros art\u00edsticos.<\/strong><\/li>\n\n\n\n<li><strong>El c\u00f3mputo con que cerr\u00f3 la marat\u00f3nica jornada televisiva fue de $38.044.459.976.<\/strong><\/li>\n<\/ul>\n\n\n\n<hr class=\"wp-block-separator has-alpha-channel-opacity\"\/>\n\n\n\n<p>En medio de una gran celebraci\u00f3n por sus 45 a\u00f1os, <strong>Telet\u00f3n alcanz\u00f3 su meta de recaudaci\u00f3n de la campa\u00f1a 2023<\/strong> en el cierre de su marat\u00f3nica jornada televisiva de 27 horas transmisi\u00f3n, primero desde el Teatro Telet\u00f3n, y luego desde la Quinta Vergara.<\/p>\n\n\n\n<p>En esta edici\u00f3n, Telet\u00f3n logr\u00f3 una recaudaci\u00f3n de $38.044.459.976, cifra que <strong>super\u00f3 en $716.984.919 el tablero del a\u00f1o 2022<\/strong>, lo que dio paso a una feliz celebraci\u00f3n de miles de personas que asistieron a la jornada de cierre en el anfiteatro vi\u00f1amarino.<\/p>\n\n\n\n<p><strong>Vi\u00f1a tiene Telet\u00f3n<\/strong><strong><\/strong><\/p>\n\n\n\n<p>La noche final, que tradicionalmente es en el Estadio Nacional, se realiz\u00f3 en el anfiteatro de la Quinta Vergara debido a la realizaci\u00f3n de los Juegos Panamericanos y Parapanamericanos 2023.<\/p>\n\n\n\n<p>La jornada inici\u00f3 con una sorpresa para todos los asistentes y televidentes: <strong>Antonio Vodanovic<\/strong>, el tradicional animador del Festival de Vi\u00f1a del Mar, <strong>volvi\u00f3 a pisar la Quinta Vergara<\/strong>, tras 14 a\u00f1os, para darle el vamos al cierre de la jornada solidaria m\u00e1s grande de Chile.<\/p>\n\n\n\n<p>&#8220;Buenas noches, Quinta Vergara. Buenas noches, Quinta Regi\u00f3n. Buenas noches, Chile. <strong>A partir de este momento Vi\u00f1a tiene Telet\u00f3n<\/strong>&#8220;, dijo Vodanovic quien fue reconocido en el escenario por Don Francisco por ser <strong>el primero, de otro canal de televisi\u00f3n, en decir presente <\/strong>cuando inici\u00f3 la cruzada solidaria m\u00e1s grande de Chile hace 45 a\u00f1os.<\/p>\n\n\n\n<p>Luego, la embajadora de la Telet\u00f3n, <strong>Amanda Mel\u00e9ndez, subi\u00f3 al escenario <\/strong>junto a las int\u00e9rpretes del himno musical <a href=\"https:\/\/youtu.be\/QvIgMvvlPbQ?si=Big0FQOQWUtOe-K3\">\u201cDime Qu\u00e9 So\u00f1ar\u00edas\u201d<\/a> de la cruzada \u201cTelet\u00f3n nos Hace bien, Todos los d\u00edas\u201d, Karla Melo, Piamar\u00eda, Loyaltty y Antonia Bosman.<\/p>\n\n\n\n<p>La emoci\u00f3n y nostalgia continu\u00f3 en el escenario junto al romanticismo de Axel, Alejandro Lerner y Paolo Meneguzzi. Mientras que el ritmo estuvo a cargo de Karen Paola, Princesa Alba y Z\u00fambale Primo; y el g\u00e9nero urbano dijo presente junto al puertorrique\u00f1o Lunay &nbsp;y Polim\u00e1 WestCoast.<\/p>\n\n\n\n<p>En tanto, Denisse Malebr\u00e1n, junto a Amaya Forch, Mariel Mariel, Johanna Oyaneder y Carolina Soto <strong>rememoraron a Cecilia, \u201cLa Incomparable\u201d<\/strong>; interpretando canciones ic\u00f3nicas de la artista como \u201cBa\u00f1o de mar a medianoche\u201d y \u201cAleluya\u201d.<\/p>\n\n\n\n<figure class=\"wp-block-image size-large\"><img loading=\"lazy\" decoding=\"async\" width=\"1024\" height=\"682\" src=\"https:\/\/temucotelevision.cl\/web\/wp-content\/uploads\/2023\/11\/Meta-Teleton4-1024x682.jpeg\" alt=\"\" class=\"wp-image-46125\" srcset=\"https:\/\/temucotelevision.cl\/web\/wp-content\/uploads\/2023\/11\/Meta-Teleton4-1024x682.jpeg 1024w, https:\/\/temucotelevision.cl\/web\/wp-content\/uploads\/2023\/11\/Meta-Teleton4-768x512.jpeg 768w, https:\/\/temucotelevision.cl\/web\/wp-content\/uploads\/2023\/11\/Meta-Teleton4-1536x1023.jpeg 1536w, https:\/\/temucotelevision.cl\/web\/wp-content\/uploads\/2023\/11\/Meta-Teleton4.jpeg 1600w\" sizes=\"auto, (max-width: 1024px) 100vw, 1024px\" \/><\/figure>\n\n\n\n<p>Por su parte, Beto Cuevas deslumbr\u00f3 en la Quinta Vergara con los cl\u00e1sicos de La Ley.<\/p>\n\n\n\n<p>Otra sorpresa de la noche fue la presentaci\u00f3n de <strong>Adri\u00e1n Mart\u00edn Vega, quien volvi\u00f3 a participar en nuestra campa\u00f1a<\/strong> y a emocionar a los chilenos y chilenas, con una incre\u00edble interpretaci\u00f3n a capela del tema \u201cQu\u00e9 bonito\u201d, tras ocho a\u00f1os de su presentaci\u00f3n en el cierre de la Campa\u00f1a de 2015 en el Estadio Nacional.<\/p>\n\n\n\n<p>La noche final del evento solidario fue conducida por la colaboraci\u00f3n de animadores rostros de Telet\u00f3n, como Francisco Saavedra, Diana y Cecilia Bolocco (quienes, por primera vez, animaron juntos), Ang\u00e9lica Castro, Jos\u00e9 Miguel Vi\u00f1uela, Eduardo Fuentes, Juan Pablo Queralt\u00f3, Mar\u00eda Luisa Godoy, Rodrigo Sep\u00falveda, Karen Doggenweiler, Daniel Fuenzalida, Rafael Araneda, Mart\u00edn C\u00e1rcamo, Millaray Viera y Gino Costa en el backstage.<\/p>\n\n\n\n<p>Pasada la medianoche apareci\u00f3 en el escenario el comediante<strong> Stefan Kramer, quien interpret\u00f3 a Don Francisco, Pedro Pascal, Arturo Longton<\/strong>, entre otros personajes de connotaci\u00f3n nacional, adem\u00e1s de estrenar una rutina centrada en la inteligencia artificial. El imitador no solo sac\u00f3 carcajadas, sino que adem\u00e1s dej\u00f3 un<strong> importante mensaje de uni\u00f3n y apoyo para alcanzar la meta de este a\u00f1o<\/strong>.<\/p>\n\n\n\n<p>Pese a todas las circunstancias y desaf\u00edos de los \u00faltimos a\u00f1os, gracias a la solidaridad de millones de personas, familias, empresas, instituciones y organizaciones de la sociedad, tanto en Chile como desde el exterior, con una ampliaci\u00f3n de la red de Banco de Chile para donaciones presenciales y digitales, la cruzada solidaria logr\u00f3, una vez m\u00e1s, <strong>superar la meta de recaudaci\u00f3n<\/strong>.<\/p>\n\n\n\n<p>\u201cNuestro aplauso para esta nueva generaci\u00f3n que va a tomar la posta de los pr\u00f3ximos 45 a\u00f1os. Este es un evento nacional, fue muy dif\u00edcil lograrlo, <strong>gracias Chile por ayudarnos<\/strong>\u201d, dijo un emocionado Mario Kreutzberger quien dio paso a Los Vikings 5 los que, con su m\u00fasica, acompa\u00f1aron el festejo.<\/p>\n\n\n\n<p>Hoy, Telet\u00f3n no solo celebra sus 45 a\u00f1os del trabajo de todos los d\u00edas en pos de la rehabilitaci\u00f3n de ni\u00f1os, ni\u00f1as y j\u00f3venes en situaci\u00f3n discapacidad, sino tambi\u00e9n haber superado la meta, cuyos aportes recaudados aseguran la continuaci\u00f3n del trabajo en los 14 institutos Telet\u00f3n del pa\u00eds, de Arica a Coyhaique, y<strong> la realizaci\u00f3n de los dos nuevos institutos en la regi\u00f3n de O\u2019Higgins y \u00d1uble<\/strong>.<\/p>\n\n\n\n<figure class=\"wp-block-image size-large\"><img loading=\"lazy\" decoding=\"async\" width=\"1024\" height=\"682\" src=\"https:\/\/temucotelevision.cl\/web\/wp-content\/uploads\/2023\/11\/Meta-Teleton3-1024x682.jpeg\" alt=\"\" class=\"wp-image-46124\" srcset=\"https:\/\/temucotelevision.cl\/web\/wp-content\/uploads\/2023\/11\/Meta-Teleton3-1024x682.jpeg 1024w, https:\/\/temucotelevision.cl\/web\/wp-content\/uploads\/2023\/11\/Meta-Teleton3-768x512.jpeg 768w, https:\/\/temucotelevision.cl\/web\/wp-content\/uploads\/2023\/11\/Meta-Teleton3-1536x1023.jpeg 1536w, https:\/\/temucotelevision.cl\/web\/wp-content\/uploads\/2023\/11\/Meta-Teleton3.jpeg 1600w\" sizes=\"auto, (max-width: 1024px) 100vw, 1024px\" \/><\/figure>\n","protected":false},"excerpt":{"rendered":"<div class=\"pvc_clear\"><\/div>\n<p id=\"pvc_stats_46122\" class=\"pvc_stats total_only  \" data-element-id=\"46122\" style=\"\"><i class=\"pvc-stats-icon large\" aria-hidden=\"true\"><svg aria-hidden=\"true\" focusable=\"false\" data-prefix=\"far\" data-icon=\"chart-bar\" role=\"img\" xmlns=\"http:\/\/www.w3.org\/2000\/svg\" viewBox=\"0 0 512 512\" class=\"svg-inline--fa fa-chart-bar fa-w-16 fa-2x\"><path fill=\"currentColor\" d=\"M396.8 352h22.4c6.4 0 12.8-6.4 12.8-12.8V108.8c0-6.4-6.4-12.8-12.8-12.8h-22.4c-6.4 0-12.8 6.4-12.8 12.8v230.4c0 6.4 6.4 12.8 12.8 12.8zm-192 0h22.4c6.4 0 12.8-6.4 12.8-12.8V140.8c0-6.4-6.4-12.8-12.8-12.8h-22.4c-6.4 0-12.8 6.4-12.8 12.8v198.4c0 6.4 6.4 12.8 12.8 12.8zm96 0h22.4c6.4 0 12.8-6.4 12.8-12.8V204.8c0-6.4-6.4-12.8-12.8-12.8h-22.4c-6.4 0-12.8 6.4-12.8 12.8v134.4c0 6.4 6.4 12.8 12.8 12.8zM496 400H48V80c0-8.84-7.16-16-16-16H16C7.16 64 0 71.16 0 80v336c0 17.67 14.33 32 32 32h464c8.84 0 16-7.16 16-16v-16c0-8.84-7.16-16-16-16zm-387.2-48h22.4c6.4 0 12.8-6.4 12.8-12.8v-70.4c0-6.4-6.4-12.8-12.8-12.8h-22.4c-6.4 0-12.8 6.4-12.8 12.8v70.4c0 6.4 6.4 12.8 12.8 12.8z\" class=\"\"><\/path><\/svg><\/i> <img loading=\"lazy\" decoding=\"async\" width=\"16\" height=\"16\" alt=\"Loading\" src=\"https:\/\/temucotelevision.cl\/web\/wp-content\/plugins\/page-views-count\/ajax-loader-2x.gif\" border=0 \/><\/p>\n<div class=\"pvc_clear\"><\/div>\n<p>En medio de una gran celebraci\u00f3n por sus 45 a\u00f1os, Telet\u00f3n alcanz\u00f3 su meta de recaudaci\u00f3n de la campa\u00f1a 2023<\/p>\n","protected":false},"author":1,"featured_media":46123,"comment_status":"open","ping_status":"open","sticky":false,"template":"","format":"standard","meta":{"colormag_page_container_layout":"default_layout","colormag_page_sidebar_layout":"default_layout","footnotes":""},"categories":[15,18],"tags":[6774,332,6807,1989],"class_list":["post-46122","post","type-post","status-publish","format-standard","has-post-thumbnail","hentry","category-la-araucania","category-nacional","tag-45-anos","tag-artistas","tag-meta","tag-teleton"],"a3_pvc":{"activated":true,"total_views":4985,"today_views":0},"_links":{"self":[{"href":"https:\/\/temucotelevision.cl\/web\/wp-json\/wp\/v2\/posts\/46122","targetHints":{"allow":["GET"]}}],"collection":[{"href":"https:\/\/temucotelevision.cl\/web\/wp-json\/wp\/v2\/posts"}],"about":[{"href":"https:\/\/temucotelevision.cl\/web\/wp-json\/wp\/v2\/types\/post"}],"author":[{"embeddable":true,"href":"https:\/\/temucotelevision.cl\/web\/wp-json\/wp\/v2\/users\/1"}],"replies":[{"embeddable":true,"href":"https:\/\/temucotelevision.cl\/web\/wp-json\/wp\/v2\/comments?post=46122"}],"version-history":[{"count":1,"href":"https:\/\/temucotelevision.cl\/web\/wp-json\/wp\/v2\/posts\/46122\/revisions"}],"predecessor-version":[{"id":46126,"href":"https:\/\/temucotelevision.cl\/web\/wp-json\/wp\/v2\/posts\/46122\/revisions\/46126"}],"wp:featuredmedia":[{"embeddable":true,"href":"https:\/\/temucotelevision.cl\/web\/wp-json\/wp\/v2\/media\/46123"}],"wp:attachment":[{"href":"https:\/\/temucotelevision.cl\/web\/wp-json\/wp\/v2\/media?parent=46122"}],"wp:term":[{"taxonomy":"category","embeddable":true,"href":"https:\/\/temucotelevision.cl\/web\/wp-json\/wp\/v2\/categories?post=46122"},{"taxonomy":"post_tag","embeddable":true,"href":"https:\/\/temucotelevision.cl\/web\/wp-json\/wp\/v2\/tags?post=46122"}],"curies":[{"name":"wp","href":"https:\/\/api.w.org\/{rel}","templated":true}]}}