{"id":46112,"date":"2023-11-12T20:45:01","date_gmt":"2023-11-12T23:45:01","guid":{"rendered":"https:\/\/temucotelevision.cl\/web\/?p=46112"},"modified":"2023-11-12T20:45:01","modified_gmt":"2023-11-12T23:45:01","slug":"mario-kreutzberger-animadores-y-artistas-agradecen-a-chile-tras-superar-la-meta-de-la-teleton-2023","status":"publish","type":"post","link":"https:\/\/temucotelevision.cl\/web\/2023\/11\/12\/mario-kreutzberger-animadores-y-artistas-agradecen-a-chile-tras-superar-la-meta-de-la-teleton-2023\/","title":{"rendered":"Mario Kreutzberger, animadores y artistas agradecen a Chile tras superar la meta de la Telet\u00f3n 2023"},"content":{"rendered":"<div class=\"pvc_clear\"><\/div><p id=\"pvc_stats_46112\" class=\"pvc_stats total_only  \" data-element-id=\"46112\" style=\"\"><i class=\"pvc-stats-icon large\" aria-hidden=\"true\"><svg aria-hidden=\"true\" focusable=\"false\" data-prefix=\"far\" data-icon=\"chart-bar\" role=\"img\" xmlns=\"http:\/\/www.w3.org\/2000\/svg\" viewBox=\"0 0 512 512\" class=\"svg-inline--fa fa-chart-bar fa-w-16 fa-2x\"><path fill=\"currentColor\" d=\"M396.8 352h22.4c6.4 0 12.8-6.4 12.8-12.8V108.8c0-6.4-6.4-12.8-12.8-12.8h-22.4c-6.4 0-12.8 6.4-12.8 12.8v230.4c0 6.4 6.4 12.8 12.8 12.8zm-192 0h22.4c6.4 0 12.8-6.4 12.8-12.8V140.8c0-6.4-6.4-12.8-12.8-12.8h-22.4c-6.4 0-12.8 6.4-12.8 12.8v198.4c0 6.4 6.4 12.8 12.8 12.8zm96 0h22.4c6.4 0 12.8-6.4 12.8-12.8V204.8c0-6.4-6.4-12.8-12.8-12.8h-22.4c-6.4 0-12.8 6.4-12.8 12.8v134.4c0 6.4 6.4 12.8 12.8 12.8zM496 400H48V80c0-8.84-7.16-16-16-16H16C7.16 64 0 71.16 0 80v336c0 17.67 14.33 32 32 32h464c8.84 0 16-7.16 16-16v-16c0-8.84-7.16-16-16-16zm-387.2-48h22.4c6.4 0 12.8-6.4 12.8-12.8v-70.4c0-6.4-6.4-12.8-12.8-12.8h-22.4c-6.4 0-12.8 6.4-12.8 12.8v70.4c0 6.4 6.4 12.8 12.8 12.8z\" class=\"\"><\/path><\/svg><\/i> <img loading=\"lazy\" decoding=\"async\" width=\"16\" height=\"16\" alt=\"Loading\" src=\"https:\/\/temucotelevision.cl\/web\/wp-content\/plugins\/page-views-count\/ajax-loader-2x.gif\" border=0 \/><\/p><div class=\"pvc_clear\"><\/div>\n<ul class=\"wp-block-list\">\n<li><strong>El animador y cofundador de la obra solidaria -que cumple 45 a\u00f1os- destac\u00f3 que, pese a las adversidades, se logr\u00f3 cerrar la marat\u00f3nica jornada televisiva con una recaudaci\u00f3n que super\u00f3 los $38 mil millones.<\/strong><\/li>\n<\/ul>\n\n\n\n<p><strong>\u00a1Telet\u00f3n, todos los d\u00edas!<\/strong> fue el mensaje que, este domingo y pese al cansancio, realizaron animadores, artistas e influencers que fueron parte de la Telet\u00f3n 2023, que tras una marat\u00f3nica transmisi\u00f3n televisiva logr\u00f3 alcanzar su meta, para continuar con los proceso de rehabilitaci\u00f3n integral para m\u00e1s de 32 mil ni\u00f1os, ni\u00f1as y j\u00f3venes en los 14 institutos Telet\u00f3n a lo largo del pa\u00eds.<\/p>\n\n\n\n<p>En esta edici\u00f3n Telet\u00f3n logr\u00f3 una recaudaci\u00f3n de $38.044.459.976, cifra que <strong>super\u00f3 en $716.984.919 el tablero del a\u00f1o 2022<\/strong>.<\/p>\n\n\n\n<p>Durante el tradicional evento de almuerzo de agradecimiento, el cofundador y director honorario de Telet\u00f3n, Mario Kreutzberger, destac\u00f3 el hecho que, de manera in\u00e9dita, el cierre de la marat\u00f3n televisiva se haya realizado en la Quinta Vergara.<\/p>\n\n\n\n<p><strong>\u201cLe agradecemos profundamente a la alcaldesa por la gentileza de ella y su regi\u00f3n por habernos facilitado la Quinta Vergara y, tambi\u00e9n, a todo Chile por demostrar una vez m\u00e1s que quiere a la Telet\u00f3n, <\/strong>porque se da cuenta que la hemos hecho entre todos para mantener la atenci\u00f3n de los m\u00e1s de 32 mil ni\u00f1os y ni\u00f1as que se atienden en la instituci\u00f3n\u201d, coment\u00f3.<\/p>\n\n\n\n<p>En tanto, el presidente del directorio de Telet\u00f3n, Daniel Fern\u00e1ndez, valor\u00f3 el haber logrado la meta pese a que \u201c<strong>hab\u00eda una dificultad objetiva en la situaci\u00f3n econ\u00f3mica. <\/strong>Entonces, creo que la cifra final tiene un doble valor en esta ocasi\u00f3n. A pesar de las dificultades, creo que haber superado la evidencia la fortaleza que tiene Telet\u00f3n para enfrentar adversidades en su campa\u00f1a\u201d.<\/p>\n\n\n\n<p><strong>\u201cEl escenario fue complicado, pero lo pudimos sacar adelante y estamos muy orgullosos de haber alcanzado el objetivo <\/strong>que permitir\u00e1 que estas m\u00e1s de 32 mil familias se puedan rehabilitar en los 14 institutos de la Telet\u00f3n. Gracias al equipo Telet\u00f3n, los m\u00e1s de 2.500 voluntarios de la instituci\u00f3n y a los m\u00e1s de 7 mil voluntarios del Banco de Chile, por hacer esto posible\u201d, complement\u00f3 el director ejecutivo de Fundaci\u00f3n Telet\u00f3n,<strong> Benjam\u00edn D\u00edaz.<\/strong><\/p>\n\n\n\n<p><strong>Amanda Mel\u00e9ndez,<\/strong> la embajadora de Telet\u00f3n 2023, present\u00f3 a uno de los rostros embajadores, Eduardo Fuentes y comparti\u00f3 su alegr\u00eda con todos los asistentes, contando su parte favorita del show que dio en Vi\u00f1a del Mar.&nbsp; &#8220;Lo que m\u00e1s gust\u00f3 fue que lleg\u00e1ramos a la meta. Estoy muy contenta&#8221;, exclam\u00f3.<\/p>\n\n\n\n<p>La Telet\u00f3n 2023 fue transmitida por los canales de TV abierta agrupados en Anatel, entidad que nuevamente manifest\u00f3 su compromiso con esta obra solidaria, que cumple 45 a\u00f1os.<\/p>\n\n\n\n<p><strong>\u201dLas siete se\u00f1ales de los canales de televisi\u00f3n que han estado a disposici\u00f3n de esta obra, no solo estas 27 horas, sino que estos 45 a\u00f1os<\/strong> de aniversario de Telet\u00f3n, dedican su tiempo personal a colaborar con la Telet\u00f3n. La familia de la televisi\u00f3n chilena se une con el pueblo de Chile por esta gran obra y as\u00ed va a seguir siendo\u201d, asever\u00f3 el presidente de Anatel, <strong>Pablo Vidal.<\/strong><\/p>\n\n\n\n<p><strong>As\u00ed fue el in\u00e9dito cierre en la Quinta Vergara<\/strong><strong><\/strong><\/p>\n\n\n\n<p>La noche final, que tradicionalmente es en el Estadio Nacional, se realiz\u00f3 en el anfiteatro de la Quinta Vergara debido a la realizaci\u00f3n de los Juegos Panamericanos y Parapanamericanos 2023.<\/p>\n\n\n\n<p>La jornada inici\u00f3 con una sorpresa para todos los asistentes y televidentes: <strong>Antonio Vodanovic<\/strong>, el tradicional animador del Festival de Vi\u00f1a del Mar, <strong>volvi\u00f3 a pisar la Quinta Vergara<\/strong>, tras 14 a\u00f1os, para darle el vamos al cierre de la jornada solidaria m\u00e1s grande de Chile.<\/p>\n\n\n\n<p>&#8220;Buenas noches, Quinta Vergara. Buenas noches, Quinta Regi\u00f3n. Buenas noches, Chile. <strong>A partir de este momento Vi\u00f1a tiene Telet\u00f3n<\/strong>&#8220;, dijo Vodanovic quien fue reconocido en el escenario por Don Francisco por ser <strong>el primero, de otro canal de televisi\u00f3n, en decir presente <\/strong>cuando inici\u00f3 la cruzada solidaria m\u00e1s grande de Chile hace 45 a\u00f1os.<\/p>\n\n\n\n<p>Luego, la embajadora de la Telet\u00f3n, <strong>Amanda Mel\u00e9ndez, subi\u00f3 al escenario <\/strong>junto a las int\u00e9rpretes del himno musical <a href=\"https:\/\/youtu.be\/QvIgMvvlPbQ?si=Big0FQOQWUtOe-K3\">\u201cDime Qu\u00e9 So\u00f1ar\u00edas\u201d<\/a> de la cruzada \u201cTelet\u00f3n nos Hace bien, Todos los d\u00edas\u201d, Karla Melo, Piamar\u00eda, Loyaltty y Antonia Bosman.<\/p>\n\n\n\n<p>La emoci\u00f3n y nostalgia continu\u00f3 en el escenario junto al romanticismo de Axel, Alejandro Lerner y Paolo Meneguzzi. Mientras que el ritmo estuvo a cargo de Karen Paola, Princesa Alba y Z\u00fambale Primo; y el g\u00e9nero urbano dijo presente junto al puertorrique\u00f1o Lunay&nbsp; y Polim\u00e1 WestCoast. En tanto, Denisse Malebr\u00e1n, junto a Amaya Forch, Mariel Mariel, Johanna Oyaneder y Carolina Soto <strong>rememoraron a Cecilia, \u201cLa Incomparable\u201d<\/strong>.<\/p>\n\n\n\n<p>Por su parte, Beto Cuevas deslumbr\u00f3 en la Quinta Vergara con los cl\u00e1sicos de La Ley. Otra sorpresa de la noche fue la presentaci\u00f3n de <strong>Adri\u00e1n Mart\u00edn Vega, quien volvi\u00f3 a participar en nuestra campa\u00f1a.<\/strong><\/p>\n\n\n\n<p>La noche final del evento solidario fue conducida por la colaboraci\u00f3n de animadores rostros de Telet\u00f3n, como Francisco Saavedra, Diana y Cecilia Bolocco (quienes, por primera vez, animaron juntos), Ang\u00e9lica Castro, Jos\u00e9 Miguel Vi\u00f1uela, Eduardo Fuentes, Juan Pablo Queralt\u00f3, Mar\u00eda Luisa Godoy, Rodrigo Sep\u00falveda, Karen Doggenweiler, Daniel Fuenzalida, Rafael Araneda, Mart\u00edn C\u00e1rcamo, Millaray Viera y Gino Costa en el backstage.<\/p>\n\n\n\n<p>Pasada la medianoche apareci\u00f3 en el escenario el comediante<strong> Stefan Kramer, quien interpret\u00f3 a Don Francisco, Pedro Pascal, Arturo Longton<\/strong>, entre otros personajes de connotaci\u00f3n nacional, adem\u00e1s de estrenar una rutina centrada en la inteligencia artificial. El imitador no solo sac\u00f3 carcajadas, sino que adem\u00e1s dej\u00f3 un<strong> importante mensaje de uni\u00f3n.<\/strong><\/p>\n\n\n\n<p>Pese a todas las circunstancias y desaf\u00edos de los \u00faltimos a\u00f1os, gracias a la solidaridad de millones de personas, familias, empresas, instituciones y organizaciones de la sociedad, tanto en Chile como desde el exterior, con una ampliaci\u00f3n de la red de Banco de Chile para donaciones presenciales y digitales, la cruzada solidaria logr\u00f3, una vez m\u00e1s, <strong>superar la meta de recaudaci\u00f3n<\/strong>.<\/p>\n\n\n\n<p>Hoy, Telet\u00f3n no solo celebra sus 45 a\u00f1os del trabajo de todos los d\u00edas en pos de la rehabilitaci\u00f3n de ni\u00f1os, ni\u00f1as y j\u00f3venes en situaci\u00f3n discapacidad, sino tambi\u00e9n haber superado la meta, cuyos aportes recaudados aseguran la continuaci\u00f3n del trabajo en los 14 institutos Telet\u00f3n del pa\u00eds, de Arica a Coyhaique, y<strong> la construcci\u00f3n de los dos nuevos institutos en la regi\u00f3n de O\u2019Higgins y \u00d1uble<\/strong>.<\/p>\n\n\n\n<figure class=\"wp-block-image size-large\"><img loading=\"lazy\" decoding=\"async\" width=\"1024\" height=\"683\" src=\"https:\/\/temucotelevision.cl\/web\/wp-content\/uploads\/2023\/11\/Cierre-de-campana-2-1024x683.jpg\" alt=\"\" class=\"wp-image-46120\" srcset=\"https:\/\/temucotelevision.cl\/web\/wp-content\/uploads\/2023\/11\/Cierre-de-campana-2-1024x683.jpg 1024w, https:\/\/temucotelevision.cl\/web\/wp-content\/uploads\/2023\/11\/Cierre-de-campana-2-768x512.jpg 768w, https:\/\/temucotelevision.cl\/web\/wp-content\/uploads\/2023\/11\/Cierre-de-campana-2-1536x1024.jpg 1536w, https:\/\/temucotelevision.cl\/web\/wp-content\/uploads\/2023\/11\/Cierre-de-campana-2-2048x1365.jpg 2048w\" sizes=\"auto, (max-width: 1024px) 100vw, 1024px\" \/><\/figure>\n","protected":false},"excerpt":{"rendered":"<div class=\"pvc_clear\"><\/div>\n<p id=\"pvc_stats_46112\" class=\"pvc_stats total_only  \" data-element-id=\"46112\" style=\"\"><i class=\"pvc-stats-icon large\" aria-hidden=\"true\"><svg aria-hidden=\"true\" focusable=\"false\" data-prefix=\"far\" data-icon=\"chart-bar\" role=\"img\" xmlns=\"http:\/\/www.w3.org\/2000\/svg\" viewBox=\"0 0 512 512\" class=\"svg-inline--fa fa-chart-bar fa-w-16 fa-2x\"><path fill=\"currentColor\" d=\"M396.8 352h22.4c6.4 0 12.8-6.4 12.8-12.8V108.8c0-6.4-6.4-12.8-12.8-12.8h-22.4c-6.4 0-12.8 6.4-12.8 12.8v230.4c0 6.4 6.4 12.8 12.8 12.8zm-192 0h22.4c6.4 0 12.8-6.4 12.8-12.8V140.8c0-6.4-6.4-12.8-12.8-12.8h-22.4c-6.4 0-12.8 6.4-12.8 12.8v198.4c0 6.4 6.4 12.8 12.8 12.8zm96 0h22.4c6.4 0 12.8-6.4 12.8-12.8V204.8c0-6.4-6.4-12.8-12.8-12.8h-22.4c-6.4 0-12.8 6.4-12.8 12.8v134.4c0 6.4 6.4 12.8 12.8 12.8zM496 400H48V80c0-8.84-7.16-16-16-16H16C7.16 64 0 71.16 0 80v336c0 17.67 14.33 32 32 32h464c8.84 0 16-7.16 16-16v-16c0-8.84-7.16-16-16-16zm-387.2-48h22.4c6.4 0 12.8-6.4 12.8-12.8v-70.4c0-6.4-6.4-12.8-12.8-12.8h-22.4c-6.4 0-12.8 6.4-12.8 12.8v70.4c0 6.4 6.4 12.8 12.8 12.8z\" class=\"\"><\/path><\/svg><\/i> <img loading=\"lazy\" decoding=\"async\" width=\"16\" height=\"16\" alt=\"Loading\" src=\"https:\/\/temucotelevision.cl\/web\/wp-content\/plugins\/page-views-count\/ajax-loader-2x.gif\" border=0 \/><\/p>\n<div class=\"pvc_clear\"><\/div>\n<p>\u00a1Telet\u00f3n, todos los d\u00edas! fue el mensaje que, este domingo y pese al cansancio, realizaron animadores, artistas e influencers que<\/p>\n","protected":false},"author":1,"featured_media":46119,"comment_status":"open","ping_status":"open","sticky":false,"template":"","format":"standard","meta":{"colormag_page_container_layout":"default_layout","colormag_page_sidebar_layout":"default_layout","footnotes":""},"categories":[15,18],"tags":[5807,332,4867,6807,1989],"class_list":["post-46112","post","type-post","status-publish","format-standard","has-post-thumbnail","hentry","category-la-araucania","category-nacional","tag-animadores","tag-artistas","tag-mario-kreutzberger","tag-meta","tag-teleton"],"a3_pvc":{"activated":true,"total_views":4103,"today_views":0},"_links":{"self":[{"href":"https:\/\/temucotelevision.cl\/web\/wp-json\/wp\/v2\/posts\/46112","targetHints":{"allow":["GET"]}}],"collection":[{"href":"https:\/\/temucotelevision.cl\/web\/wp-json\/wp\/v2\/posts"}],"about":[{"href":"https:\/\/temucotelevision.cl\/web\/wp-json\/wp\/v2\/types\/post"}],"author":[{"embeddable":true,"href":"https:\/\/temucotelevision.cl\/web\/wp-json\/wp\/v2\/users\/1"}],"replies":[{"embeddable":true,"href":"https:\/\/temucotelevision.cl\/web\/wp-json\/wp\/v2\/comments?post=46112"}],"version-history":[{"count":2,"href":"https:\/\/temucotelevision.cl\/web\/wp-json\/wp\/v2\/posts\/46112\/revisions"}],"predecessor-version":[{"id":46121,"href":"https:\/\/temucotelevision.cl\/web\/wp-json\/wp\/v2\/posts\/46112\/revisions\/46121"}],"wp:featuredmedia":[{"embeddable":true,"href":"https:\/\/temucotelevision.cl\/web\/wp-json\/wp\/v2\/media\/46119"}],"wp:attachment":[{"href":"https:\/\/temucotelevision.cl\/web\/wp-json\/wp\/v2\/media?parent=46112"}],"wp:term":[{"taxonomy":"category","embeddable":true,"href":"https:\/\/temucotelevision.cl\/web\/wp-json\/wp\/v2\/categories?post=46112"},{"taxonomy":"post_tag","embeddable":true,"href":"https:\/\/temucotelevision.cl\/web\/wp-json\/wp\/v2\/tags?post=46112"}],"curies":[{"name":"wp","href":"https:\/\/api.w.org\/{rel}","templated":true}]}}