{"id":46097,"date":"2023-11-11T15:24:50","date_gmt":"2023-11-11T18:24:50","guid":{"rendered":"https:\/\/temucotelevision.cl\/web\/?p=46097"},"modified":"2023-11-11T15:27:03","modified_gmt":"2023-11-11T18:27:03","slug":"presidente-de-sofo-el-gobierno-central-ha-manifestado-desprecio-e-indolencia-con-las-victimas-de-violencia-en-la-araucania","status":"publish","type":"post","link":"https:\/\/temucotelevision.cl\/web\/2023\/11\/11\/presidente-de-sofo-el-gobierno-central-ha-manifestado-desprecio-e-indolencia-con-las-victimas-de-violencia-en-la-araucania\/","title":{"rendered":"Presidente de SOFO : \u201cEl gobierno central ha manifestado desprecio e indolencia con las v\u00edctimas de violencia en La Araucan\u00eda\u201d"},"content":{"rendered":"<div class=\"pvc_clear\"><\/div><p id=\"pvc_stats_46097\" class=\"pvc_stats total_only  \" data-element-id=\"46097\" style=\"\"><i class=\"pvc-stats-icon large\" aria-hidden=\"true\"><svg aria-hidden=\"true\" focusable=\"false\" data-prefix=\"far\" data-icon=\"chart-bar\" role=\"img\" xmlns=\"http:\/\/www.w3.org\/2000\/svg\" viewBox=\"0 0 512 512\" class=\"svg-inline--fa fa-chart-bar fa-w-16 fa-2x\"><path fill=\"currentColor\" d=\"M396.8 352h22.4c6.4 0 12.8-6.4 12.8-12.8V108.8c0-6.4-6.4-12.8-12.8-12.8h-22.4c-6.4 0-12.8 6.4-12.8 12.8v230.4c0 6.4 6.4 12.8 12.8 12.8zm-192 0h22.4c6.4 0 12.8-6.4 12.8-12.8V140.8c0-6.4-6.4-12.8-12.8-12.8h-22.4c-6.4 0-12.8 6.4-12.8 12.8v198.4c0 6.4 6.4 12.8 12.8 12.8zm96 0h22.4c6.4 0 12.8-6.4 12.8-12.8V204.8c0-6.4-6.4-12.8-12.8-12.8h-22.4c-6.4 0-12.8 6.4-12.8 12.8v134.4c0 6.4 6.4 12.8 12.8 12.8zM496 400H48V80c0-8.84-7.16-16-16-16H16C7.16 64 0 71.16 0 80v336c0 17.67 14.33 32 32 32h464c8.84 0 16-7.16 16-16v-16c0-8.84-7.16-16-16-16zm-387.2-48h22.4c6.4 0 12.8-6.4 12.8-12.8v-70.4c0-6.4-6.4-12.8-12.8-12.8h-22.4c-6.4 0-12.8 6.4-12.8 12.8v70.4c0 6.4 6.4 12.8 12.8 12.8z\" class=\"\"><\/path><\/svg><\/i> <img loading=\"lazy\" decoding=\"async\" width=\"16\" height=\"16\" alt=\"Loading\" src=\"https:\/\/temucotelevision.cl\/web\/wp-content\/plugins\/page-views-count\/ajax-loader-2x.gif\" border=0 \/><\/p><div class=\"pvc_clear\"><\/div>\n<p><em>Durante el Acto Oficial de EXPOSOFO el dirigente pidi\u00f3 tolerancia cero a la violencia &nbsp;que ocurre en la regi\u00f3n.<\/em><\/p>\n\n\n\n<p>\u201cEl gobierno central ha manifestado desprecio e indolencia con las v\u00edctimas de la violencia rural en la Araucan\u00eda. Ha sido una humillaci\u00f3n para quienes en la regi\u00f3n por a\u00f1os han sido desplazados de sus hogares, y despojados de sus sue\u00f1os\u201d manifest\u00f3 en\u00e9rgicamente el presidente de la Sociedad de Fomento Agr\u00edcola de Temuco, Roberto Heise,&nbsp; en su discurso del Acto Oficial de EXPOSOFO 2023.<\/p>\n\n\n\n<p>El l\u00edder de SOFO se refiri\u00f3 de forma especial al retraso en la tramitaci\u00f3n de la Ley de Usurpaciones, una de las grandes urgencias del sector agr\u00edcola . \u201cEl Presidente junto con el ministro Elizalde y la ministra Toh\u00e1, se encargaron de retrasar permanentemente el proceso legislativo, agregando indicaciones, poniendo y sacando la urgencia, manipularon la agenda seg\u00fan el inter\u00e9s pol\u00edtico de cada momento. Cuando la reforma de la ley fue despachada para su promulgaci\u00f3n, esperaron los 30 d\u00edas de plazo m\u00e1ximo y a \u00faltima hora ingresaron el veto a la ley\u201d.<\/p>\n\n\n\n<p>Por otro lado, el dirigente sostuvo que cada ataque que ocurre en la regi\u00f3n es un fracaso del Estado y que es&nbsp; urgente desarticular a los grupos radicalizados. \u201cEs necesario poner metas ambiciosas para lograr La Araucan\u00eda en paz. Lo que pedimos hoy es tolerancia cero. No queremos que la cantidad de atentados solo disminuya, queremos que no haya ning\u00fan atentado m\u00e1s\u201d, asever\u00f3.<\/p>\n\n\n\n<p>En materia sectorial Roberto Heise&nbsp; afirm\u00f3 que el agro debe ser una prioridad de Estado, ocasi\u00f3n en la que tambi\u00e9n emplaz\u00f3 al ministro de Agricultura presente en la ceremonia , se\u00f1alando que no se puede seguir llegando tarde. \u201cSi nos creemos una potencia alimentaria, que se note. La agricultura debe ser una prioridad pol\u00edtica y no saber de nosotros solo cuando las papas suben de precio\u201d, dijo.<\/p>\n\n\n\n<p>En tanto, durante su mensaje en el Acto Oficial de EXPOSOFO,&nbsp; el ministro de Agricultura, Esteban Valenzuela , destac\u00f3 que el gobierno ha duplicado el presupuesto de CONAF para la prevenci\u00f3n y combate de los incendios forestales. Del mismo modo, inform\u00f3 que se ingres\u00f3 esta semana a la Comisi\u00f3n de Agricultura de la C\u00e1mara Baja la nueva ley de suelos sustentables para recuperar esos recursos naturales.<\/p>\n\n\n\n<p>Con respecto al Plan de Seguridad Agroalimentaria que se volver\u00e1 a implementar en la pr\u00f3xima cosecha , el secretario de Estado se manifest\u00f3 optimista con respecto a los cultivos de trigo y raps y desde ya anunci\u00f3 que respecto a posibles problemas en los precios el Minagri estar\u00e1 monitoreando el mercado a trav\u00e9s de la Comercializadora de Trigo , Cotrisa.<\/p>\n\n\n\n<p><strong>Premio Socio Destacado<\/strong><\/p>\n\n\n\n<p>Durante la ceremonia , la Sociedad Agr\u00edcola La Selva recibi\u00f3 el premio al Socio Destacado &nbsp;que es otorgado por el Directorio de SOFO, quien destac\u00f3 &nbsp;a esta empresa familiar de la comuna de Collipulli por su capacidad para innovar y &nbsp;diversificarse que la han convertido en un &nbsp;referente para la agricultura regional y nacional, y un aporte al progreso de la regi\u00f3n.<\/p>\n\n\n\n<p>El reconocimiento fue recibido por los socios fundadores de esta empresa , Pedro Nickelsen y Gerardo Jequier, quienes junto a su familia agradecieron el premio entregado por SOFO.<\/p>\n\n\n\n<p>\u201cEs un reconocimiento que recibimos humildemente , y lo digo porque el equipo de trabajo que est\u00e1 detr\u00e1s de nosotros es grande y sentimos una gran responsabilidad por toda nuestra gente , y agradezco tambi\u00e9n a nombre de ellos\u201d, subray\u00f3.<\/p>\n\n\n\n<div class=\"wp-block-media-text is-stacked-on-mobile\"><figure class=\"wp-block-media-text__media\"><video controls src=\"https:\/\/temucotelevision.cl\/web\/wp-content\/uploads\/2023\/11\/Sofo-Drone.mp4\"><\/video><\/figure><div class=\"wp-block-media-text__content\">\n<p><\/p>\n<\/div><\/div>\n","protected":false},"excerpt":{"rendered":"<div class=\"pvc_clear\"><\/div>\n<p id=\"pvc_stats_46097\" class=\"pvc_stats total_only  \" data-element-id=\"46097\" style=\"\"><i class=\"pvc-stats-icon large\" aria-hidden=\"true\"><svg aria-hidden=\"true\" focusable=\"false\" data-prefix=\"far\" data-icon=\"chart-bar\" role=\"img\" xmlns=\"http:\/\/www.w3.org\/2000\/svg\" viewBox=\"0 0 512 512\" class=\"svg-inline--fa fa-chart-bar fa-w-16 fa-2x\"><path fill=\"currentColor\" d=\"M396.8 352h22.4c6.4 0 12.8-6.4 12.8-12.8V108.8c0-6.4-6.4-12.8-12.8-12.8h-22.4c-6.4 0-12.8 6.4-12.8 12.8v230.4c0 6.4 6.4 12.8 12.8 12.8zm-192 0h22.4c6.4 0 12.8-6.4 12.8-12.8V140.8c0-6.4-6.4-12.8-12.8-12.8h-22.4c-6.4 0-12.8 6.4-12.8 12.8v198.4c0 6.4 6.4 12.8 12.8 12.8zm96 0h22.4c6.4 0 12.8-6.4 12.8-12.8V204.8c0-6.4-6.4-12.8-12.8-12.8h-22.4c-6.4 0-12.8 6.4-12.8 12.8v134.4c0 6.4 6.4 12.8 12.8 12.8zM496 400H48V80c0-8.84-7.16-16-16-16H16C7.16 64 0 71.16 0 80v336c0 17.67 14.33 32 32 32h464c8.84 0 16-7.16 16-16v-16c0-8.84-7.16-16-16-16zm-387.2-48h22.4c6.4 0 12.8-6.4 12.8-12.8v-70.4c0-6.4-6.4-12.8-12.8-12.8h-22.4c-6.4 0-12.8 6.4-12.8 12.8v70.4c0 6.4 6.4 12.8 12.8 12.8z\" class=\"\"><\/path><\/svg><\/i> <img loading=\"lazy\" decoding=\"async\" width=\"16\" height=\"16\" alt=\"Loading\" src=\"https:\/\/temucotelevision.cl\/web\/wp-content\/plugins\/page-views-count\/ajax-loader-2x.gif\" border=0 \/><\/p>\n<div class=\"pvc_clear\"><\/div>\n<p>Durante el Acto Oficial de EXPOSOFO el dirigente pidi\u00f3 tolerancia cero a la violencia &nbsp;que ocurre en la regi\u00f3n. \u201cEl<\/p>\n","protected":false},"author":1,"featured_media":46098,"comment_status":"open","ping_status":"open","sticky":false,"template":"","format":"standard","meta":{"colormag_page_container_layout":"default_layout","colormag_page_sidebar_layout":"default_layout","footnotes":""},"categories":[15],"tags":[6806,318,176,1895],"class_list":["post-46097","post","type-post","status-publish","format-standard","has-post-thumbnail","hentry","category-la-araucania","tag-acto","tag-ministro","tag-presidente","tag-sofo"],"a3_pvc":{"activated":true,"total_views":2098,"today_views":0},"_links":{"self":[{"href":"https:\/\/temucotelevision.cl\/web\/wp-json\/wp\/v2\/posts\/46097","targetHints":{"allow":["GET"]}}],"collection":[{"href":"https:\/\/temucotelevision.cl\/web\/wp-json\/wp\/v2\/posts"}],"about":[{"href":"https:\/\/temucotelevision.cl\/web\/wp-json\/wp\/v2\/types\/post"}],"author":[{"embeddable":true,"href":"https:\/\/temucotelevision.cl\/web\/wp-json\/wp\/v2\/users\/1"}],"replies":[{"embeddable":true,"href":"https:\/\/temucotelevision.cl\/web\/wp-json\/wp\/v2\/comments?post=46097"}],"version-history":[{"count":2,"href":"https:\/\/temucotelevision.cl\/web\/wp-json\/wp\/v2\/posts\/46097\/revisions"}],"predecessor-version":[{"id":46101,"href":"https:\/\/temucotelevision.cl\/web\/wp-json\/wp\/v2\/posts\/46097\/revisions\/46101"}],"wp:featuredmedia":[{"embeddable":true,"href":"https:\/\/temucotelevision.cl\/web\/wp-json\/wp\/v2\/media\/46098"}],"wp:attachment":[{"href":"https:\/\/temucotelevision.cl\/web\/wp-json\/wp\/v2\/media?parent=46097"}],"wp:term":[{"taxonomy":"category","embeddable":true,"href":"https:\/\/temucotelevision.cl\/web\/wp-json\/wp\/v2\/categories?post=46097"},{"taxonomy":"post_tag","embeddable":true,"href":"https:\/\/temucotelevision.cl\/web\/wp-json\/wp\/v2\/tags?post=46097"}],"curies":[{"name":"wp","href":"https:\/\/api.w.org\/{rel}","templated":true}]}}