{"id":46092,"date":"2023-11-09T12:33:55","date_gmt":"2023-11-09T15:33:55","guid":{"rendered":"https:\/\/temucotelevision.cl\/web\/?p=46092"},"modified":"2023-11-10T15:47:49","modified_gmt":"2023-11-10T18:47:49","slug":"con-masivo-desayuno-para-productores-agricolas-exposofo-2023-abrio-sus-puertas-al-publico","status":"publish","type":"post","link":"https:\/\/temucotelevision.cl\/web\/2023\/11\/09\/con-masivo-desayuno-para-productores-agricolas-exposofo-2023-abrio-sus-puertas-al-publico\/","title":{"rendered":"Con masivo desayuno para productores agr\u00edcolas, ExpoSofo 2023 abri\u00f3 sus puertas al p\u00fablico"},"content":{"rendered":"<div class=\"pvc_clear\"><\/div><p id=\"pvc_stats_46092\" class=\"pvc_stats total_only  \" data-element-id=\"46092\" style=\"\"><i class=\"pvc-stats-icon large\" aria-hidden=\"true\"><svg aria-hidden=\"true\" focusable=\"false\" data-prefix=\"far\" data-icon=\"chart-bar\" role=\"img\" xmlns=\"http:\/\/www.w3.org\/2000\/svg\" viewBox=\"0 0 512 512\" class=\"svg-inline--fa fa-chart-bar fa-w-16 fa-2x\"><path fill=\"currentColor\" d=\"M396.8 352h22.4c6.4 0 12.8-6.4 12.8-12.8V108.8c0-6.4-6.4-12.8-12.8-12.8h-22.4c-6.4 0-12.8 6.4-12.8 12.8v230.4c0 6.4 6.4 12.8 12.8 12.8zm-192 0h22.4c6.4 0 12.8-6.4 12.8-12.8V140.8c0-6.4-6.4-12.8-12.8-12.8h-22.4c-6.4 0-12.8 6.4-12.8 12.8v198.4c0 6.4 6.4 12.8 12.8 12.8zm96 0h22.4c6.4 0 12.8-6.4 12.8-12.8V204.8c0-6.4-6.4-12.8-12.8-12.8h-22.4c-6.4 0-12.8 6.4-12.8 12.8v134.4c0 6.4 6.4 12.8 12.8 12.8zM496 400H48V80c0-8.84-7.16-16-16-16H16C7.16 64 0 71.16 0 80v336c0 17.67 14.33 32 32 32h464c8.84 0 16-7.16 16-16v-16c0-8.84-7.16-16-16-16zm-387.2-48h22.4c6.4 0 12.8-6.4 12.8-12.8v-70.4c0-6.4-6.4-12.8-12.8-12.8h-22.4c-6.4 0-12.8 6.4-12.8 12.8v70.4c0 6.4 6.4 12.8 12.8 12.8z\" class=\"\"><\/path><\/svg><\/i> <img loading=\"lazy\" decoding=\"async\" width=\"16\" height=\"16\" alt=\"Loading\" src=\"https:\/\/temucotelevision.cl\/web\/wp-content\/plugins\/page-views-count\/ajax-loader-2x.gif\" border=0 \/><\/p><div class=\"pvc_clear\"><\/div>\n<p>Con un desayuno t\u00e9cnico, que reuni\u00f3 a casi un centenar de productores agr\u00edcolas, adem\u00e1s de charlas orientadas a la agricultura sustentable, comenz\u00f3 la EXPOSOFO 2023, el evento agr\u00edcola ganadero, industrial y comercial m\u00e1s grande del sur de Chile.<\/p>\n\n\n\n<p>El secretario ejecutivo de la Sociedad de Fomento Agr\u00edcola de Temuco, Andreas K\u00f6brich, coment\u00f3 que \u201cnos hemos reunido, pr\u00e1cticamente, un centenar de personas, para escuchar charlas, enfocadas en una agricultura del futuro, una agricultura sustentable\u201d. Adem\u00e1s, a\u00f1adi\u00f3 que, durante el desayuno t\u00e9cnico \u201cescuchamos sobre el uso de energ\u00edas renovables, de paneles solares y la aplicaci\u00f3n y los costos de ello; la agricultura regenerativa, que transforma un poco el concepto, con una mirada m\u00e1s fuerte hacia lo que pasa debajo del suelo. Entonces, poner un poco el foco en el suelo.<\/p>\n\n\n\n<p>Y finalmente, c\u00f3mo se hace el paso hacia una certificaci\u00f3n, hacia la sustentabilidad, y confirmar y registrarnos como una actividad que cumple con estos est\u00e1ndares\u201d, detall\u00f3 K\u00f6brich.<\/p>\n\n\n\n<p>El encuentro, desarrollado en el centro de eventos del Parque Charles Caminondo, permiti\u00f3 \u201cfijarnos en las generaciones futuras, por eso este concepto de sustentabilidad, que se trata de disponer de los recursos hoy, pero dejando recursos disponibles para las generaciones futuras\u201d, sostuvo el secretario ejecutivo de SOFO.<\/p>\n\n\n\n<p>Isabel Quiroz, socia fundadora de la consultora de mercado iQonsulting, encargada de realizar certificaciones sustentables valor\u00f3 que \u201cla gente que vino, lo hizo para saber qu\u00e9 pasaba con la sustentabilidad, c\u00f3mo estamos en esa materia a nivel agr\u00edcola y c\u00f3mo se ha ido incorporando en las producciones, sobre todo en esta zona que hoy no solo es cerealera, es ganadera, sino que tambi\u00e9n est\u00e1 incursionando en frutales\u201d. Por tanto, agreg\u00f3, \u201choy es el punto de partida. Nosotros no podemos no ser sustentables para el mundo. Nuestros mercados est\u00e1n pidiendo productos sustentables, por lo tanto, no nos podemos quedar atr\u00e1s, porque significa que podemos perder la oportunidad de estar presentes en el mercado\u201d.<\/p>\n\n\n\n<p>Francisco Calabi, de Regenera LS calific\u00f3 como \u201cbuen\u00edsimo\u201d el encuentro y a\u00f1adi\u00f3 que \u201cme alegra que se est\u00e1 dando importancia a la sustentabilidad en la agricultura. Se nota que hay un inter\u00e9s importante, no s\u00f3lo dos organizadores, sino de los agricultores, en ir apuntando hacia all\u00e1. Hoy en d\u00eda es una oportunidad y es una necesidad tambi\u00e9n. Poder destacarnos en eso como pa\u00eds podr\u00eda darnos la competitividad que se necesita a futuro\u201d, advirti\u00f3.<\/p>\n\n\n\n<p>Gregorio de la Maza, agricultor de Selva Oscura que asisti\u00f3 al desayuno t\u00e9cnico, valor\u00f3 la instancia como \u201cuna herramienta muy buena que se nos presenta los agricultores, para ir mejorando nuestros productos y nuestras exportaciones y nuestros cultivos en general\u201d<\/p>\n\n\n\n<p>Karl Paslack, otro de los asistentes, afirm\u00f3 que la sustentabilidad \u201ces el norte de todos los productores\u201d. Y reconoci\u00f3 que \u201cno hay ning\u00fan agricultor de los que estuvo presente, que no haga agricultura sostenible, porque si no, no podr\u00eda existir. Son responsables, cuidan sus suelos, porque si no fuera as\u00ed, no podr\u00edan producir m\u00e1s\u201d<\/p>\n\n\n\n<p>Este viernes, con la presencia del ministro de Agricultura, Esteban Valenzuela, y autoridades regionales y gremiales, se realizar\u00e1 el Acto Oficial de EXPOSOFO 2023, a partir de las 11:30 horas, en el jard\u00edn principal del Parque Charles Caminondo, en el acceso norte de Temuco.<\/p>\n\n\n\n<p><\/p>\n","protected":false},"excerpt":{"rendered":"<div class=\"pvc_clear\"><\/div>\n<p id=\"pvc_stats_46092\" class=\"pvc_stats total_only  \" data-element-id=\"46092\" style=\"\"><i class=\"pvc-stats-icon large\" aria-hidden=\"true\"><svg aria-hidden=\"true\" focusable=\"false\" data-prefix=\"far\" data-icon=\"chart-bar\" role=\"img\" xmlns=\"http:\/\/www.w3.org\/2000\/svg\" viewBox=\"0 0 512 512\" class=\"svg-inline--fa fa-chart-bar fa-w-16 fa-2x\"><path fill=\"currentColor\" d=\"M396.8 352h22.4c6.4 0 12.8-6.4 12.8-12.8V108.8c0-6.4-6.4-12.8-12.8-12.8h-22.4c-6.4 0-12.8 6.4-12.8 12.8v230.4c0 6.4 6.4 12.8 12.8 12.8zm-192 0h22.4c6.4 0 12.8-6.4 12.8-12.8V140.8c0-6.4-6.4-12.8-12.8-12.8h-22.4c-6.4 0-12.8 6.4-12.8 12.8v198.4c0 6.4 6.4 12.8 12.8 12.8zm96 0h22.4c6.4 0 12.8-6.4 12.8-12.8V204.8c0-6.4-6.4-12.8-12.8-12.8h-22.4c-6.4 0-12.8 6.4-12.8 12.8v134.4c0 6.4 6.4 12.8 12.8 12.8zM496 400H48V80c0-8.84-7.16-16-16-16H16C7.16 64 0 71.16 0 80v336c0 17.67 14.33 32 32 32h464c8.84 0 16-7.16 16-16v-16c0-8.84-7.16-16-16-16zm-387.2-48h22.4c6.4 0 12.8-6.4 12.8-12.8v-70.4c0-6.4-6.4-12.8-12.8-12.8h-22.4c-6.4 0-12.8 6.4-12.8 12.8v70.4c0 6.4 6.4 12.8 12.8 12.8z\" class=\"\"><\/path><\/svg><\/i> <img loading=\"lazy\" decoding=\"async\" width=\"16\" height=\"16\" alt=\"Loading\" src=\"https:\/\/temucotelevision.cl\/web\/wp-content\/plugins\/page-views-count\/ajax-loader-2x.gif\" border=0 \/><\/p>\n<div class=\"pvc_clear\"><\/div>\n<p>Con un desayuno t\u00e9cnico, que reuni\u00f3 a casi un centenar de productores agr\u00edcolas, adem\u00e1s de charlas orientadas a la agricultura<\/p>\n","protected":false},"author":1,"featured_media":46091,"comment_status":"open","ping_status":"open","sticky":false,"template":"","format":"standard","meta":{"colormag_page_container_layout":"default_layout","colormag_page_sidebar_layout":"default_layout","footnotes":""},"categories":[15],"tags":[],"class_list":["post-46092","post","type-post","status-publish","format-standard","has-post-thumbnail","hentry","category-la-araucania"],"a3_pvc":{"activated":true,"total_views":113,"today_views":0},"_links":{"self":[{"href":"https:\/\/temucotelevision.cl\/web\/wp-json\/wp\/v2\/posts\/46092","targetHints":{"allow":["GET"]}}],"collection":[{"href":"https:\/\/temucotelevision.cl\/web\/wp-json\/wp\/v2\/posts"}],"about":[{"href":"https:\/\/temucotelevision.cl\/web\/wp-json\/wp\/v2\/types\/post"}],"author":[{"embeddable":true,"href":"https:\/\/temucotelevision.cl\/web\/wp-json\/wp\/v2\/users\/1"}],"replies":[{"embeddable":true,"href":"https:\/\/temucotelevision.cl\/web\/wp-json\/wp\/v2\/comments?post=46092"}],"version-history":[{"count":2,"href":"https:\/\/temucotelevision.cl\/web\/wp-json\/wp\/v2\/posts\/46092\/revisions"}],"predecessor-version":[{"id":46094,"href":"https:\/\/temucotelevision.cl\/web\/wp-json\/wp\/v2\/posts\/46092\/revisions\/46094"}],"wp:featuredmedia":[{"embeddable":true,"href":"https:\/\/temucotelevision.cl\/web\/wp-json\/wp\/v2\/media\/46091"}],"wp:attachment":[{"href":"https:\/\/temucotelevision.cl\/web\/wp-json\/wp\/v2\/media?parent=46092"}],"wp:term":[{"taxonomy":"category","embeddable":true,"href":"https:\/\/temucotelevision.cl\/web\/wp-json\/wp\/v2\/categories?post=46092"},{"taxonomy":"post_tag","embeddable":true,"href":"https:\/\/temucotelevision.cl\/web\/wp-json\/wp\/v2\/tags?post=46092"}],"curies":[{"name":"wp","href":"https:\/\/api.w.org\/{rel}","templated":true}]}}