{"id":46085,"date":"2023-11-09T12:04:14","date_gmt":"2023-11-09T15:04:14","guid":{"rendered":"https:\/\/temucotelevision.cl\/web\/?p=46085"},"modified":"2023-11-11T16:46:14","modified_gmt":"2023-11-11T19:46:14","slug":"catalina-ramos-impregna-de-gusto-tropical-en-su-nuevo-sencillo-no-voy-a-llorar","status":"publish","type":"post","link":"https:\/\/temucotelevision.cl\/web\/2023\/11\/09\/catalina-ramos-impregna-de-gusto-tropical-en-su-nuevo-sencillo-no-voy-a-llorar\/","title":{"rendered":"Catalina Ramos impregna de gusto tropical en su nuevo sencillo \u201cNo voy a llorar\u201d"},"content":{"rendered":"<div class=\"pvc_clear\"><\/div><p id=\"pvc_stats_46085\" class=\"pvc_stats total_only  \" data-element-id=\"46085\" style=\"\"><i class=\"pvc-stats-icon large\" aria-hidden=\"true\"><svg aria-hidden=\"true\" focusable=\"false\" data-prefix=\"far\" data-icon=\"chart-bar\" role=\"img\" xmlns=\"http:\/\/www.w3.org\/2000\/svg\" viewBox=\"0 0 512 512\" class=\"svg-inline--fa fa-chart-bar fa-w-16 fa-2x\"><path fill=\"currentColor\" d=\"M396.8 352h22.4c6.4 0 12.8-6.4 12.8-12.8V108.8c0-6.4-6.4-12.8-12.8-12.8h-22.4c-6.4 0-12.8 6.4-12.8 12.8v230.4c0 6.4 6.4 12.8 12.8 12.8zm-192 0h22.4c6.4 0 12.8-6.4 12.8-12.8V140.8c0-6.4-6.4-12.8-12.8-12.8h-22.4c-6.4 0-12.8 6.4-12.8 12.8v198.4c0 6.4 6.4 12.8 12.8 12.8zm96 0h22.4c6.4 0 12.8-6.4 12.8-12.8V204.8c0-6.4-6.4-12.8-12.8-12.8h-22.4c-6.4 0-12.8 6.4-12.8 12.8v134.4c0 6.4 6.4 12.8 12.8 12.8zM496 400H48V80c0-8.84-7.16-16-16-16H16C7.16 64 0 71.16 0 80v336c0 17.67 14.33 32 32 32h464c8.84 0 16-7.16 16-16v-16c0-8.84-7.16-16-16-16zm-387.2-48h22.4c6.4 0 12.8-6.4 12.8-12.8v-70.4c0-6.4-6.4-12.8-12.8-12.8h-22.4c-6.4 0-12.8 6.4-12.8 12.8v70.4c0 6.4 6.4 12.8 12.8 12.8z\" class=\"\"><\/path><\/svg><\/i> <img loading=\"lazy\" decoding=\"async\" width=\"16\" height=\"16\" alt=\"Loading\" src=\"https:\/\/temucotelevision.cl\/web\/wp-content\/plugins\/page-views-count\/ajax-loader-2x.gif\" border=0 \/><\/p><div class=\"pvc_clear\"><\/div>\n<p class=\"has-medium-font-size\"><strong>Una propuesta que trae un sello propio en la movida tropical chilena junto a todo el saz\u00f3n latino en este nuevo single \u201cNo voy a llorar\u201d de la cantante Catalina Ramos, que har\u00e1 bailar a quien lo escuche.<\/strong><\/p>\n\n\n\n<p><strong>L<\/strong>a cantautora chilena oriunda de la ciudad de Coquimbo,&nbsp;<strong>Catalina Ramos<\/strong>, trae una propuesta fresca y llena de sabor con el lanzamiento de su segundo single<strong>&nbsp;\u201cNo voy a llorar\u201d<\/strong>&nbsp;de su pr\u00f3ximo EP titulado<strong>&nbsp;\u201cGalaxia Tropical\u201d<\/strong>, donde cuenta con la participaci\u00f3n de la destacada banda que asent\u00f3 la cumbia Urbana en Chile&nbsp;<strong>\u201cEl bloque 8\u201d.&nbsp;&nbsp;<\/strong><\/p>\n\n\n\n<p><strong>E<\/strong>ste sencillo combina&nbsp;la&nbsp;<strong>tropicalidad con el pop<\/strong>&nbsp;que hace vibrar, con una l\u00edrica que llena de motivaci\u00f3n a aquellos que han dejado una relaci\u00f3n atr\u00e1s y quieran despedirse en pie y con la cabeza en alto, sin derramar una sola l\u00e1grima ya que la vida es un carnaval. En No Voy a Llorar, Catalina destaca con una voz.<\/p>\n\n\n\n<p>Adem\u00e1s, el<strong>&nbsp;s\u00e1bado 2 de diciembre<\/strong>,&nbsp;la destacada artista nacional,&nbsp;realizar\u00e1&nbsp;el esperado lanzamiento en vivo de su disco&nbsp;<strong>\u201cGalax\u00eda Tropical\u201d<\/strong>, que est\u00e1 agendado desde las<strong>&nbsp;20.00 horas en Teatro Diana de Santiago<\/strong>. En la ocasi\u00f3n, Catalina se presentar\u00e1 junto a su banda&nbsp;e invitados sorpresas, en un show en el que promete sorprender a sus seguidores.<\/p>\n\n\n\n<p>La prometedora trayectoria musical de la int\u00e9rprete comenz\u00f3 a sus&nbsp;<strong>19 a\u00f1os de edad<\/strong>, cuando&nbsp; fue segunda voz en la reconocida banda chilena&nbsp;<strong>\u201cNoche de Brujas\u201d,<\/strong>&nbsp;para despu\u00e9s a sus&nbsp;<strong>21 a\u00f1os iniciar su carrera como solista<\/strong>&nbsp; junto al reconocido productor, arreglista y trompetista&nbsp;<strong>&nbsp;Yturvides Vilchez<\/strong>, y as\u00ed producir su primera trilog\u00eda de sencillos del g\u00e9nero salsa:&nbsp;<strong>\u201cEsclavo de tu ego\u201d, \u201cNo queda nada\u201d y \u201cEs amor\u201d.&nbsp;<\/strong><\/p>\n\n\n\n<p><strong>\u201cDes<\/strong><strong>de ese momento me lanc\u00e9 a seguir cumpliendo mis sue\u00f1os, dar un salto en cada desaf\u00edo que la vida me entrega el cual me ha permitido crecer como artista y persona\u201d-<\/strong>&nbsp;comenta la artista refiri\u00e9ndose al momento en que empez\u00f3 a profesionalizarse junto a&nbsp;<strong>Yturvides Vilchez.<\/strong><strong><\/strong><\/p>\n\n\n\n<p>A partir de ah\u00ed ha pisado grandes escenarios a nivel nacional junto a diversos y destacados artistas y bandas, como&nbsp;<strong>Combo tortuga, Noche de Brujas, Santa feria, Paula Rivas,<\/strong>&nbsp;entre otros, y en apariciones internacionales junto a&nbsp;<strong>Victor Manuelle, Gilberto Santa Rosa, Buena Vista Social Club y Gaby Zambrano.&nbsp;<\/strong><\/p>\n\n\n\n<p><strong>A<\/strong>hora es una artista que cuenta con m\u00e1s de&nbsp;<strong>28.000 oyentes mensuales en Spotify<\/strong>&nbsp;y se est\u00e1 preparando para sus pr\u00f3ximas presentaciones, la primera de ellas para el&nbsp;<strong>s\u00e1bado 2 de diciembre en el Teatro Diana de Santiago,<\/strong>&nbsp;para el lanzamiento del \u00e1lbum&nbsp;<strong>Galaxia tropical,&nbsp;<\/strong>y tambi\u00e9n se est\u00e1 preparando para retomar el festival&nbsp;<strong>Florida Bier,<\/strong>&nbsp;el que se acerca dentro de los pr\u00f3ximos meses.<\/p>\n\n\n\n<figure class=\"wp-block-embed is-type-rich is-provider-spotify wp-block-embed-spotify wp-embed-aspect-21-9 wp-has-aspect-ratio\"><div class=\"wp-block-embed__wrapper\">\n<iframe title=\"Spotify Embed: No Voy A Llorar\" style=\"border-radius: 12px\" width=\"100%\" height=\"152\" frameborder=\"0\" allowfullscreen allow=\"autoplay; clipboard-write; encrypted-media; fullscreen; picture-in-picture\" loading=\"lazy\" src=\"https:\/\/open.spotify.com\/embed\/track\/1BMOEPtp7Evhz4MqToXELw?si=329c3b1037f14f17&#038;utm_source=oembed\"><\/iframe>\n<\/div><\/figure>\n","protected":false},"excerpt":{"rendered":"<div class=\"pvc_clear\"><\/div>\n<p id=\"pvc_stats_46085\" class=\"pvc_stats total_only  \" data-element-id=\"46085\" style=\"\"><i class=\"pvc-stats-icon large\" aria-hidden=\"true\"><svg aria-hidden=\"true\" focusable=\"false\" data-prefix=\"far\" data-icon=\"chart-bar\" role=\"img\" xmlns=\"http:\/\/www.w3.org\/2000\/svg\" viewBox=\"0 0 512 512\" class=\"svg-inline--fa fa-chart-bar fa-w-16 fa-2x\"><path fill=\"currentColor\" d=\"M396.8 352h22.4c6.4 0 12.8-6.4 12.8-12.8V108.8c0-6.4-6.4-12.8-12.8-12.8h-22.4c-6.4 0-12.8 6.4-12.8 12.8v230.4c0 6.4 6.4 12.8 12.8 12.8zm-192 0h22.4c6.4 0 12.8-6.4 12.8-12.8V140.8c0-6.4-6.4-12.8-12.8-12.8h-22.4c-6.4 0-12.8 6.4-12.8 12.8v198.4c0 6.4 6.4 12.8 12.8 12.8zm96 0h22.4c6.4 0 12.8-6.4 12.8-12.8V204.8c0-6.4-6.4-12.8-12.8-12.8h-22.4c-6.4 0-12.8 6.4-12.8 12.8v134.4c0 6.4 6.4 12.8 12.8 12.8zM496 400H48V80c0-8.84-7.16-16-16-16H16C7.16 64 0 71.16 0 80v336c0 17.67 14.33 32 32 32h464c8.84 0 16-7.16 16-16v-16c0-8.84-7.16-16-16-16zm-387.2-48h22.4c6.4 0 12.8-6.4 12.8-12.8v-70.4c0-6.4-6.4-12.8-12.8-12.8h-22.4c-6.4 0-12.8 6.4-12.8 12.8v70.4c0 6.4 6.4 12.8 12.8 12.8z\" class=\"\"><\/path><\/svg><\/i> <img loading=\"lazy\" decoding=\"async\" width=\"16\" height=\"16\" alt=\"Loading\" src=\"https:\/\/temucotelevision.cl\/web\/wp-content\/plugins\/page-views-count\/ajax-loader-2x.gif\" border=0 \/><\/p>\n<div class=\"pvc_clear\"><\/div>\n<p>Una propuesta que trae un sello propio en la movida tropical chilena junto a todo el saz\u00f3n latino en este<\/p>\n","protected":false},"author":143,"featured_media":46090,"comment_status":"open","ping_status":"open","sticky":false,"template":"","format":"standard","meta":{"colormag_page_container_layout":"default_layout","colormag_page_sidebar_layout":"default_layout","footnotes":""},"categories":[369],"tags":[],"class_list":["post-46085","post","type-post","status-publish","format-standard","has-post-thumbnail","hentry","category-musica"],"a3_pvc":{"activated":true,"total_views":1251,"today_views":0},"_links":{"self":[{"href":"https:\/\/temucotelevision.cl\/web\/wp-json\/wp\/v2\/posts\/46085","targetHints":{"allow":["GET"]}}],"collection":[{"href":"https:\/\/temucotelevision.cl\/web\/wp-json\/wp\/v2\/posts"}],"about":[{"href":"https:\/\/temucotelevision.cl\/web\/wp-json\/wp\/v2\/types\/post"}],"author":[{"embeddable":true,"href":"https:\/\/temucotelevision.cl\/web\/wp-json\/wp\/v2\/users\/143"}],"replies":[{"embeddable":true,"href":"https:\/\/temucotelevision.cl\/web\/wp-json\/wp\/v2\/comments?post=46085"}],"version-history":[{"count":2,"href":"https:\/\/temucotelevision.cl\/web\/wp-json\/wp\/v2\/posts\/46085\/revisions"}],"predecessor-version":[{"id":46109,"href":"https:\/\/temucotelevision.cl\/web\/wp-json\/wp\/v2\/posts\/46085\/revisions\/46109"}],"wp:featuredmedia":[{"embeddable":true,"href":"https:\/\/temucotelevision.cl\/web\/wp-json\/wp\/v2\/media\/46090"}],"wp:attachment":[{"href":"https:\/\/temucotelevision.cl\/web\/wp-json\/wp\/v2\/media?parent=46085"}],"wp:term":[{"taxonomy":"category","embeddable":true,"href":"https:\/\/temucotelevision.cl\/web\/wp-json\/wp\/v2\/categories?post=46085"},{"taxonomy":"post_tag","embeddable":true,"href":"https:\/\/temucotelevision.cl\/web\/wp-json\/wp\/v2\/tags?post=46085"}],"curies":[{"name":"wp","href":"https:\/\/api.w.org\/{rel}","templated":true}]}}