{"id":46077,"date":"2023-11-08T17:32:07","date_gmt":"2023-11-08T20:32:07","guid":{"rendered":"https:\/\/temucotelevision.cl\/web\/?p=46077"},"modified":"2023-11-08T17:32:08","modified_gmt":"2023-11-08T20:32:08","slug":"temuco-tendra-uno-de-los-parques-deportivos-mas-grandes-y-modernos-de-chile-con-nuevo-proyecto-antumalen","status":"publish","type":"post","link":"https:\/\/temucotelevision.cl\/web\/2023\/11\/08\/temuco-tendra-uno-de-los-parques-deportivos-mas-grandes-y-modernos-de-chile-con-nuevo-proyecto-antumalen\/","title":{"rendered":"Temuco tendr\u00e1 uno de los parques deportivos m\u00e1s grandes y modernos de Chile con nuevo proyecto Antumal\u00e9n"},"content":{"rendered":"<div class=\"pvc_clear\"><\/div><p id=\"pvc_stats_46077\" class=\"pvc_stats total_only  \" data-element-id=\"46077\" style=\"\"><i class=\"pvc-stats-icon large\" aria-hidden=\"true\"><svg aria-hidden=\"true\" focusable=\"false\" data-prefix=\"far\" data-icon=\"chart-bar\" role=\"img\" xmlns=\"http:\/\/www.w3.org\/2000\/svg\" viewBox=\"0 0 512 512\" class=\"svg-inline--fa fa-chart-bar fa-w-16 fa-2x\"><path fill=\"currentColor\" d=\"M396.8 352h22.4c6.4 0 12.8-6.4 12.8-12.8V108.8c0-6.4-6.4-12.8-12.8-12.8h-22.4c-6.4 0-12.8 6.4-12.8 12.8v230.4c0 6.4 6.4 12.8 12.8 12.8zm-192 0h22.4c6.4 0 12.8-6.4 12.8-12.8V140.8c0-6.4-6.4-12.8-12.8-12.8h-22.4c-6.4 0-12.8 6.4-12.8 12.8v198.4c0 6.4 6.4 12.8 12.8 12.8zm96 0h22.4c6.4 0 12.8-6.4 12.8-12.8V204.8c0-6.4-6.4-12.8-12.8-12.8h-22.4c-6.4 0-12.8 6.4-12.8 12.8v134.4c0 6.4 6.4 12.8 12.8 12.8zM496 400H48V80c0-8.84-7.16-16-16-16H16C7.16 64 0 71.16 0 80v336c0 17.67 14.33 32 32 32h464c8.84 0 16-7.16 16-16v-16c0-8.84-7.16-16-16-16zm-387.2-48h22.4c6.4 0 12.8-6.4 12.8-12.8v-70.4c0-6.4-6.4-12.8-12.8-12.8h-22.4c-6.4 0-12.8 6.4-12.8 12.8v70.4c0 6.4 6.4 12.8 12.8 12.8z\" class=\"\"><\/path><\/svg><\/i> <img loading=\"lazy\" decoding=\"async\" width=\"16\" height=\"16\" alt=\"Loading\" src=\"https:\/\/temucotelevision.cl\/web\/wp-content\/plugins\/page-views-count\/ajax-loader-2x.gif\" border=0 \/><\/p><div class=\"pvc_clear\"><\/div>\n<p><strong><em>En una votaci\u00f3n un\u00e1nime, el concejo municipal aprob\u00f3 este martes la adjudicaci\u00f3n de la primera etapa de dise\u00f1o del Parque Deportivo Antumal\u00e9n, que pretende construir en el macrosector Costanera del Caut\u00edn un moderno y completo centro deportivo que beneficiar\u00e1 a m\u00e1s de 70 agrupaciones locales de diversas disciplinas.<\/em><\/strong><\/p>\n\n\n\n<p>Cumpliendo con el objetivo de convertir a Temuco en la capital del deporte del sur de Chile, y apostando fuertemente a la prevenci\u00f3n de la obesidad y la delincuencia en la comuna, la administraci\u00f3n del alcalde Roberto Neira, con el un\u00e1nime apoyo del concejo municipal, logr\u00f3 este martes la adjudicaci\u00f3n de la primera etapa de dise\u00f1o del megaproyecto Parque Deportivo Antumal\u00e9n, obra que se comenzar\u00e1 a construir el pr\u00f3ximo a\u00f1o en el macrosector Costanera del Caut\u00edn, y que contar\u00e1 con modernas instalaciones, en m\u00e1s de 10 hect\u00e1reas de superficie.<\/p>\n\n\n\n<p>La iniciativa, que tendr\u00e1 fondos municipales en el 100% de su financiamiento, beneficiar\u00e1 a miles de deportistas locales en las disciplinas de f\u00fatbol, rugby, hockey c\u00e9sped, basquetbol, roller patin, escalada, y deportes en arena como voleibol playa, f\u00fatbol playa, bal\u00f3n mano playa y tenis playa; y tiene la particularidad de haber contemplado un proceso de participaci\u00f3n ciudadana previo, donde asistieron representantes de 67 organizaciones deportivas locales, as\u00ed como de organizaciones funcionales y territoriales del per\u00edmetro de influencia del parque (unidades vecinales Los R\u00edos y Valpara\u00edso), quienes se\u00f1alaron sus requerimientos en dos talleres de mapeo colectivo y un grupo focal.<\/p>\n\n\n\n<p>En este contexto, el alcalde Neira agradeci\u00f3 a numerosos representantes deportivos y sociales que fueron a presenciar la votaci\u00f3n, destacando la importancia que tiene este proyecto para la comuna: \u201ccuando hablamos de convertir a Temuco en una ciudad del deporte, no solamente tenemos que trabajar de la mano con nuestros deportistas y las asociaciones, sino que tambi\u00e9n en buscar la infraestructura necesaria para dar las condiciones adecuadas a las distintas disciplinas. Y con este primer dise\u00f1o aprobado (el pr\u00f3ximo a\u00f1o), buscaremos los recursos en quienes siempre nos han apoyado: IND y Gobierno Regional, para lograr materializar este gran proyecto de primer nivel para la comuna\u201d.<\/p>\n\n\n\n<p>Asimismo, el concejal Alejandro Bizama coment\u00f3: \u201cesta administraci\u00f3n est\u00e1 haciendo justicia social y llevando la inversi\u00f3n a los sectores m\u00e1s alejados de la comuna; dando bienestar, salud y alegr\u00eda a miles de personas, adultos mayores, ni\u00f1os y j\u00f3venes. La verdad es que me enorgullece que podamos avanzar en esta l\u00ednea, recuperando espacios y democratiz\u00e1ndolos a todos sin distinci\u00f3n de clases sociales\u201d.<\/p>\n\n\n\n<p><strong>Caracter\u00edsticas&nbsp;&nbsp;&nbsp;&nbsp;&nbsp;&nbsp;<\/strong><\/p>\n\n\n\n<p>Lo que se vot\u00f3 en esta sesi\u00f3n fue la aprobaci\u00f3n de $340 millones para financiar la etapa de dise\u00f1o, que corresponde al desarrollo completo del \u00e1rea del parque deportivo, ingenier\u00eda y c\u00e1lculos de su futura construcci\u00f3n y su paisajismo, en un pa\u00f1o compuesto por un terreno de equipamiento municipal, un terreno propiedad del ministerio de bienes nacionales y un terreno de \u00e1rea verde que conforma la franja de protecci\u00f3n de alta tensi\u00f3n que pasa por una esquina del pa\u00f1o, al sur de calle Isla Guafo (Villa Antumal\u00e9n).<\/p>\n\n\n\n<p>Adem\u00e1s, el proyecto contempla la construcci\u00f3n de modernos camarines para equipos y \u00e1rbitros, ba\u00f1os p\u00fablicos, un edificio polideportivo, \u00e1reas juegos infantiles, ciclov\u00edas, sala de musculaci\u00f3n, grader\u00edas m\u00f3viles cubiertas, un espacio deportivo para emplazar dos multicanchas en paralelo, para uso simult\u00e1neo, las cuales unidas podr\u00e1n ocuparse transversalmente como una cancha de balonmano -deber\u00e1 considerar la pr\u00e1ctica de futsal, balonmano, b\u00e1dminton, voleibol, basquetbol y tenis de mesa-.<\/p>\n\n\n\n<p>Muy contento con la noticia, el vicepresidente de la Asociaci\u00f3n de Rugby Araucan\u00eda (ARUA), Rigoberto Guevara, coment\u00f3: \u201csiempre hemos tenido apoyo de este municipio, pero contar con un campo deportivo propio para nuestro deporte y su desarrollo en la regi\u00f3n es fabuloso. Agradezco al alcalde y su concejo considerar a todas las disciplinas que antes no ten\u00edan tanto apoyo. Nosotros queremos apostar al rugby escolar y para eso nos parece fant\u00e1stico este proyecto\u201d.<\/p>\n\n\n\n<p>Finalmente, el proyecto contemplar\u00e1 la construcci\u00f3n de grader\u00edas, con una capacidad proyectada que tenga en consideraci\u00f3n la capacidad de ocupantes que permite el terreno municipal (hasta 1.000 ocupantes); la construcci\u00f3n de un \u00e1rea administrativa, enfermer\u00eda, bodegas, y servicios higi\u00e9nicos.<\/p>\n\n\n\n<figure class=\"wp-block-image size-large\"><img loading=\"lazy\" decoding=\"async\" width=\"1024\" height=\"682\" src=\"https:\/\/temucotelevision.cl\/web\/wp-content\/uploads\/2023\/11\/Parque4-1024x682.jpg\" alt=\"\" class=\"wp-image-46079\" srcset=\"https:\/\/temucotelevision.cl\/web\/wp-content\/uploads\/2023\/11\/Parque4-1024x682.jpg 1024w, https:\/\/temucotelevision.cl\/web\/wp-content\/uploads\/2023\/11\/Parque4-768x512.jpg 768w, https:\/\/temucotelevision.cl\/web\/wp-content\/uploads\/2023\/11\/Parque4-1536x1024.jpg 1536w, https:\/\/temucotelevision.cl\/web\/wp-content\/uploads\/2023\/11\/Parque4.jpg 2000w\" sizes=\"auto, (max-width: 1024px) 100vw, 1024px\" \/><\/figure>\n","protected":false},"excerpt":{"rendered":"<div class=\"pvc_clear\"><\/div>\n<p id=\"pvc_stats_46077\" class=\"pvc_stats total_only  \" data-element-id=\"46077\" style=\"\"><i class=\"pvc-stats-icon large\" aria-hidden=\"true\"><svg aria-hidden=\"true\" focusable=\"false\" data-prefix=\"far\" data-icon=\"chart-bar\" role=\"img\" xmlns=\"http:\/\/www.w3.org\/2000\/svg\" viewBox=\"0 0 512 512\" class=\"svg-inline--fa fa-chart-bar fa-w-16 fa-2x\"><path fill=\"currentColor\" d=\"M396.8 352h22.4c6.4 0 12.8-6.4 12.8-12.8V108.8c0-6.4-6.4-12.8-12.8-12.8h-22.4c-6.4 0-12.8 6.4-12.8 12.8v230.4c0 6.4 6.4 12.8 12.8 12.8zm-192 0h22.4c6.4 0 12.8-6.4 12.8-12.8V140.8c0-6.4-6.4-12.8-12.8-12.8h-22.4c-6.4 0-12.8 6.4-12.8 12.8v198.4c0 6.4 6.4 12.8 12.8 12.8zm96 0h22.4c6.4 0 12.8-6.4 12.8-12.8V204.8c0-6.4-6.4-12.8-12.8-12.8h-22.4c-6.4 0-12.8 6.4-12.8 12.8v134.4c0 6.4 6.4 12.8 12.8 12.8zM496 400H48V80c0-8.84-7.16-16-16-16H16C7.16 64 0 71.16 0 80v336c0 17.67 14.33 32 32 32h464c8.84 0 16-7.16 16-16v-16c0-8.84-7.16-16-16-16zm-387.2-48h22.4c6.4 0 12.8-6.4 12.8-12.8v-70.4c0-6.4-6.4-12.8-12.8-12.8h-22.4c-6.4 0-12.8 6.4-12.8 12.8v70.4c0 6.4 6.4 12.8 12.8 12.8z\" class=\"\"><\/path><\/svg><\/i> <img loading=\"lazy\" decoding=\"async\" width=\"16\" height=\"16\" alt=\"Loading\" src=\"https:\/\/temucotelevision.cl\/web\/wp-content\/plugins\/page-views-count\/ajax-loader-2x.gif\" border=0 \/><\/p>\n<div class=\"pvc_clear\"><\/div>\n<p>En una votaci\u00f3n un\u00e1nime, el concejo municipal aprob\u00f3 este martes la adjudicaci\u00f3n de la primera etapa de dise\u00f1o del Parque<\/p>\n","protected":false},"author":1,"featured_media":46078,"comment_status":"open","ping_status":"open","sticky":false,"template":"","format":"standard","meta":{"colormag_page_container_layout":"default_layout","colormag_page_sidebar_layout":"default_layout","footnotes":""},"categories":[14],"tags":[6804,739,164,155],"class_list":["post-46077","post","type-post","status-publish","format-standard","has-post-thumbnail","hentry","category-temuco","tag-antumalen","tag-deportes","tag-parques","tag-proyecto"],"a3_pvc":{"activated":true,"total_views":3775,"today_views":0},"_links":{"self":[{"href":"https:\/\/temucotelevision.cl\/web\/wp-json\/wp\/v2\/posts\/46077","targetHints":{"allow":["GET"]}}],"collection":[{"href":"https:\/\/temucotelevision.cl\/web\/wp-json\/wp\/v2\/posts"}],"about":[{"href":"https:\/\/temucotelevision.cl\/web\/wp-json\/wp\/v2\/types\/post"}],"author":[{"embeddable":true,"href":"https:\/\/temucotelevision.cl\/web\/wp-json\/wp\/v2\/users\/1"}],"replies":[{"embeddable":true,"href":"https:\/\/temucotelevision.cl\/web\/wp-json\/wp\/v2\/comments?post=46077"}],"version-history":[{"count":1,"href":"https:\/\/temucotelevision.cl\/web\/wp-json\/wp\/v2\/posts\/46077\/revisions"}],"predecessor-version":[{"id":46080,"href":"https:\/\/temucotelevision.cl\/web\/wp-json\/wp\/v2\/posts\/46077\/revisions\/46080"}],"wp:featuredmedia":[{"embeddable":true,"href":"https:\/\/temucotelevision.cl\/web\/wp-json\/wp\/v2\/media\/46078"}],"wp:attachment":[{"href":"https:\/\/temucotelevision.cl\/web\/wp-json\/wp\/v2\/media?parent=46077"}],"wp:term":[{"taxonomy":"category","embeddable":true,"href":"https:\/\/temucotelevision.cl\/web\/wp-json\/wp\/v2\/categories?post=46077"},{"taxonomy":"post_tag","embeddable":true,"href":"https:\/\/temucotelevision.cl\/web\/wp-json\/wp\/v2\/tags?post=46077"}],"curies":[{"name":"wp","href":"https:\/\/api.w.org\/{rel}","templated":true}]}}