{"id":46075,"date":"2023-11-08T16:58:31","date_gmt":"2023-11-08T19:58:31","guid":{"rendered":"https:\/\/temucotelevision.cl\/web\/?p=46075"},"modified":"2023-11-08T16:58:32","modified_gmt":"2023-11-08T19:58:32","slug":"diputado-jorge-rathgeb-tras-aprobacion-de-veto-a-usurpaciones-nuevamente-el-gobierno-demostro-que-defiende-a-delincuentes","status":"publish","type":"post","link":"https:\/\/temucotelevision.cl\/web\/2023\/11\/08\/diputado-jorge-rathgeb-tras-aprobacion-de-veto-a-usurpaciones-nuevamente-el-gobierno-demostro-que-defiende-a-delincuentes\/","title":{"rendered":"Diputado Jorge Rathgeb tras aprobaci\u00f3n de veto a usurpaciones: \u201cNuevamente el Gobierno demostr\u00f3 que defiende a delincuentes\u201d"},"content":{"rendered":"<div class=\"pvc_clear\"><\/div><p id=\"pvc_stats_46075\" class=\"pvc_stats total_only  \" data-element-id=\"46075\" style=\"\"><i class=\"pvc-stats-icon large\" aria-hidden=\"true\"><svg aria-hidden=\"true\" focusable=\"false\" data-prefix=\"far\" data-icon=\"chart-bar\" role=\"img\" xmlns=\"http:\/\/www.w3.org\/2000\/svg\" viewBox=\"0 0 512 512\" class=\"svg-inline--fa fa-chart-bar fa-w-16 fa-2x\"><path fill=\"currentColor\" d=\"M396.8 352h22.4c6.4 0 12.8-6.4 12.8-12.8V108.8c0-6.4-6.4-12.8-12.8-12.8h-22.4c-6.4 0-12.8 6.4-12.8 12.8v230.4c0 6.4 6.4 12.8 12.8 12.8zm-192 0h22.4c6.4 0 12.8-6.4 12.8-12.8V140.8c0-6.4-6.4-12.8-12.8-12.8h-22.4c-6.4 0-12.8 6.4-12.8 12.8v198.4c0 6.4 6.4 12.8 12.8 12.8zm96 0h22.4c6.4 0 12.8-6.4 12.8-12.8V204.8c0-6.4-6.4-12.8-12.8-12.8h-22.4c-6.4 0-12.8 6.4-12.8 12.8v134.4c0 6.4 6.4 12.8 12.8 12.8zM496 400H48V80c0-8.84-7.16-16-16-16H16C7.16 64 0 71.16 0 80v336c0 17.67 14.33 32 32 32h464c8.84 0 16-7.16 16-16v-16c0-8.84-7.16-16-16-16zm-387.2-48h22.4c6.4 0 12.8-6.4 12.8-12.8v-70.4c0-6.4-6.4-12.8-12.8-12.8h-22.4c-6.4 0-12.8 6.4-12.8 12.8v70.4c0 6.4 6.4 12.8 12.8 12.8z\" class=\"\"><\/path><\/svg><\/i> <img loading=\"lazy\" decoding=\"async\" width=\"16\" height=\"16\" alt=\"Loading\" src=\"https:\/\/temucotelevision.cl\/web\/wp-content\/plugins\/page-views-count\/ajax-loader-2x.gif\" border=0 \/><\/p><div class=\"pvc_clear\"><\/div>\n<p><strong>La medida que fue aprobada en su totalidad en su momento, tras las indicaciones del Gobierno elimina la leg\u00edtima defensa privilegiada en el delito de usurpaci\u00f3n e incluye la graduaci\u00f3n de las penas (desde multa a c\u00e1rcel) cuando el hecho sea sin violencia, lo que a juicio del parlamentario son medidas intrascendentes.<\/strong><\/p>\n\n\n\n<p>Luego de un tiempo en completa inc\u00f3gnita, termin\u00f3 el debate legislativo sobre el veto al proyecto que castiga con penas privativas de libertad el delito de usurpaci\u00f3n, el que fue propuesto por el Gobierno y que fue aprobado en la C\u00e1mara.<\/p>\n\n\n\n<p>El diputado de Renovaci\u00f3n Nacional por La Araucan\u00eda y presidente regional de la colectividad, Jorge Rathgeb Schifferli, indic\u00f3 que esto es una clara muestra de un Ejecutivo que est\u00e1 del lado de los delincuentes y que con esto les est\u00e1 entregando m\u00e1s herramientas para que cometan il\u00edcitos.<\/p>\n\n\n\n<p>Rathgeb indic\u00f3 que, con este veto del Ejecutivo, las cosas seguir\u00e1n igual e incluso se pueden complicar a\u00fan m\u00e1s, porque todo se ir\u00e1 zanjando con medidas como multas, lo cual representa una burla para todos los chilenos.<\/p>\n\n\n\n<p>Para el legislador ac\u00e1 tambi\u00e9n se dio otra se\u00f1al a la ciudadan\u00eda y es que actualmente lo que se vota en el Congreso, con representantes electos democr\u00e1ticamente, no es tomado en cuenta por el Gobierno y eso se demuestra con este veto, que ech\u00f3 por tierra lo que se hab\u00eda aprobado en sala.<\/p>\n\n\n\n<p>Rathgeb adem\u00e1s argument\u00f3 que ac\u00e1 todo sigue girando en torno a la impunidad y que esto es otra muestra m\u00e1s de aquello, que ya qued\u00f3 en evidencia en el primer a\u00f1o de mandato del Presidente Boric, cuando se dio libertad y beneficios a delincuentes.<\/p>\n\n\n\n<p>\u201cEstamos frente a un Gobierno que en menos de un a\u00f1o le entreg\u00f3 beneficios a quienes estaban condenados y hoy no es la excepci\u00f3n, por cuanto con la aprobaci\u00f3n de este veto se disminuye la sanci\u00f3n al delito de usurpaciones y se traduce en casi puras multas. Una situaci\u00f3n que con ello pasa por encima de la voluntad popular, que hab\u00eda sido manifestada en su momento por el Congreso Nacional\u201d, indic\u00f3 el parlamentario.<\/p>\n\n\n\n<p><strong>Nuevo proyecto<\/strong><\/p>\n\n\n\n<p>El parlamentario tambi\u00e9n adhiri\u00f3 al nuevo proyecto que presentar\u00e1 la oposici\u00f3n que propone modificaciones espec\u00edficas en el C\u00f3digo Penal, sustituyendo los art\u00edculos 457 y 458 para definir los delitos de usurpaci\u00f3n con violencia o intimidaci\u00f3n en las personas y con fuerza en las cosas, adem\u00e1s de una figura residual que sanciones las ocupaciones, aunque no concurran estas circunstancias. Tambi\u00e9n incluye una disposici\u00f3n en el C\u00f3digo Procesal Penal que establece la flagrancia en los delitos relacionados con la usurpaci\u00f3n, permitiendo la detenci\u00f3n \u00fanicamente por parte de la polic\u00eda despu\u00e9s de las 12 horas desde el inicio de la ocupaci\u00f3n.<\/p>\n\n\n\n<p>Rathgeb concluy\u00f3 sus dichos tras apoyar esta nueva iniciativa, comentando que ac\u00e1 lo m\u00e1s triste es que los ciudadanos de bien siguen siendo relegados por un Ejecutivo que al parecer le tiene temor a la delincuencia y no la quiere enfrentar.<\/p>\n","protected":false},"excerpt":{"rendered":"<div class=\"pvc_clear\"><\/div>\n<p id=\"pvc_stats_46075\" class=\"pvc_stats total_only  \" data-element-id=\"46075\" style=\"\"><i class=\"pvc-stats-icon large\" aria-hidden=\"true\"><svg aria-hidden=\"true\" focusable=\"false\" data-prefix=\"far\" data-icon=\"chart-bar\" role=\"img\" xmlns=\"http:\/\/www.w3.org\/2000\/svg\" viewBox=\"0 0 512 512\" class=\"svg-inline--fa fa-chart-bar fa-w-16 fa-2x\"><path fill=\"currentColor\" d=\"M396.8 352h22.4c6.4 0 12.8-6.4 12.8-12.8V108.8c0-6.4-6.4-12.8-12.8-12.8h-22.4c-6.4 0-12.8 6.4-12.8 12.8v230.4c0 6.4 6.4 12.8 12.8 12.8zm-192 0h22.4c6.4 0 12.8-6.4 12.8-12.8V140.8c0-6.4-6.4-12.8-12.8-12.8h-22.4c-6.4 0-12.8 6.4-12.8 12.8v198.4c0 6.4 6.4 12.8 12.8 12.8zm96 0h22.4c6.4 0 12.8-6.4 12.8-12.8V204.8c0-6.4-6.4-12.8-12.8-12.8h-22.4c-6.4 0-12.8 6.4-12.8 12.8v134.4c0 6.4 6.4 12.8 12.8 12.8zM496 400H48V80c0-8.84-7.16-16-16-16H16C7.16 64 0 71.16 0 80v336c0 17.67 14.33 32 32 32h464c8.84 0 16-7.16 16-16v-16c0-8.84-7.16-16-16-16zm-387.2-48h22.4c6.4 0 12.8-6.4 12.8-12.8v-70.4c0-6.4-6.4-12.8-12.8-12.8h-22.4c-6.4 0-12.8 6.4-12.8 12.8v70.4c0 6.4 6.4 12.8 12.8 12.8z\" class=\"\"><\/path><\/svg><\/i> <img loading=\"lazy\" decoding=\"async\" width=\"16\" height=\"16\" alt=\"Loading\" src=\"https:\/\/temucotelevision.cl\/web\/wp-content\/plugins\/page-views-count\/ajax-loader-2x.gif\" border=0 \/><\/p>\n<div class=\"pvc_clear\"><\/div>\n<p>La medida que fue aprobada en su totalidad en su momento, tras las indicaciones del Gobierno elimina la leg\u00edtima defensa<\/p>\n","protected":false},"author":1,"featured_media":44501,"comment_status":"open","ping_status":"open","sticky":false,"template":"","format":"standard","meta":{"colormag_page_container_layout":"default_layout","colormag_page_sidebar_layout":"default_layout","footnotes":""},"categories":[84],"tags":[154,3745,5565],"class_list":["post-46075","post","type-post","status-publish","format-standard","has-post-thumbnail","hentry","category-politica","tag-diputado","tag-usurpaciones","tag-veto"],"a3_pvc":{"activated":true,"total_views":1110,"today_views":0},"_links":{"self":[{"href":"https:\/\/temucotelevision.cl\/web\/wp-json\/wp\/v2\/posts\/46075","targetHints":{"allow":["GET"]}}],"collection":[{"href":"https:\/\/temucotelevision.cl\/web\/wp-json\/wp\/v2\/posts"}],"about":[{"href":"https:\/\/temucotelevision.cl\/web\/wp-json\/wp\/v2\/types\/post"}],"author":[{"embeddable":true,"href":"https:\/\/temucotelevision.cl\/web\/wp-json\/wp\/v2\/users\/1"}],"replies":[{"embeddable":true,"href":"https:\/\/temucotelevision.cl\/web\/wp-json\/wp\/v2\/comments?post=46075"}],"version-history":[{"count":1,"href":"https:\/\/temucotelevision.cl\/web\/wp-json\/wp\/v2\/posts\/46075\/revisions"}],"predecessor-version":[{"id":46076,"href":"https:\/\/temucotelevision.cl\/web\/wp-json\/wp\/v2\/posts\/46075\/revisions\/46076"}],"wp:featuredmedia":[{"embeddable":true,"href":"https:\/\/temucotelevision.cl\/web\/wp-json\/wp\/v2\/media\/44501"}],"wp:attachment":[{"href":"https:\/\/temucotelevision.cl\/web\/wp-json\/wp\/v2\/media?parent=46075"}],"wp:term":[{"taxonomy":"category","embeddable":true,"href":"https:\/\/temucotelevision.cl\/web\/wp-json\/wp\/v2\/categories?post=46075"},{"taxonomy":"post_tag","embeddable":true,"href":"https:\/\/temucotelevision.cl\/web\/wp-json\/wp\/v2\/tags?post=46075"}],"curies":[{"name":"wp","href":"https:\/\/api.w.org\/{rel}","templated":true}]}}