{"id":46072,"date":"2023-11-08T16:54:38","date_gmt":"2023-11-08T19:54:38","guid":{"rendered":"https:\/\/temucotelevision.cl\/web\/?p=46072"},"modified":"2023-11-08T16:55:37","modified_gmt":"2023-11-08T19:55:37","slug":"diputada-catalina-del-real-reitero-emplazamiento-al-gobierno-para-dar-asilo-politico-a-deportistas-cubanos-y-critico-silencio-del-presidente-boric","status":"publish","type":"post","link":"https:\/\/temucotelevision.cl\/web\/2023\/11\/08\/diputada-catalina-del-real-reitero-emplazamiento-al-gobierno-para-dar-asilo-politico-a-deportistas-cubanos-y-critico-silencio-del-presidente-boric\/","title":{"rendered":"Diputada Catalina Del Real reiter\u00f3 emplazamiento al Gobierno para dar asilo pol\u00edtico a deportistas cubanos y critic\u00f3 silencio del Presidente Boric"},"content":{"rendered":"<div class=\"pvc_clear\"><\/div><p id=\"pvc_stats_46072\" class=\"pvc_stats total_only  \" data-element-id=\"46072\" style=\"\"><i class=\"pvc-stats-icon large\" aria-hidden=\"true\"><svg aria-hidden=\"true\" focusable=\"false\" data-prefix=\"far\" data-icon=\"chart-bar\" role=\"img\" xmlns=\"http:\/\/www.w3.org\/2000\/svg\" viewBox=\"0 0 512 512\" class=\"svg-inline--fa fa-chart-bar fa-w-16 fa-2x\"><path fill=\"currentColor\" d=\"M396.8 352h22.4c6.4 0 12.8-6.4 12.8-12.8V108.8c0-6.4-6.4-12.8-12.8-12.8h-22.4c-6.4 0-12.8 6.4-12.8 12.8v230.4c0 6.4 6.4 12.8 12.8 12.8zm-192 0h22.4c6.4 0 12.8-6.4 12.8-12.8V140.8c0-6.4-6.4-12.8-12.8-12.8h-22.4c-6.4 0-12.8 6.4-12.8 12.8v198.4c0 6.4 6.4 12.8 12.8 12.8zm96 0h22.4c6.4 0 12.8-6.4 12.8-12.8V204.8c0-6.4-6.4-12.8-12.8-12.8h-22.4c-6.4 0-12.8 6.4-12.8 12.8v134.4c0 6.4 6.4 12.8 12.8 12.8zM496 400H48V80c0-8.84-7.16-16-16-16H16C7.16 64 0 71.16 0 80v336c0 17.67 14.33 32 32 32h464c8.84 0 16-7.16 16-16v-16c0-8.84-7.16-16-16-16zm-387.2-48h22.4c6.4 0 12.8-6.4 12.8-12.8v-70.4c0-6.4-6.4-12.8-12.8-12.8h-22.4c-6.4 0-12.8 6.4-12.8 12.8v70.4c0 6.4 6.4 12.8 12.8 12.8z\" class=\"\"><\/path><\/svg><\/i> <img loading=\"lazy\" decoding=\"async\" width=\"16\" height=\"16\" alt=\"Loading\" src=\"https:\/\/temucotelevision.cl\/web\/wp-content\/plugins\/page-views-count\/ajax-loader-2x.gif\" border=0 \/><\/p><div class=\"pvc_clear\"><\/div>\n<ul class=\"wp-block-list\">\n<li><em>\u201dGuarda silencio justamente porque al Partido Comunista no le interesa que se hable de estos temas, que se hable de la represi\u00f3n en Cuba\u201d, emplaz\u00f3 la congresista.<\/em><\/li>\n<\/ul>\n\n\n\n<p>&nbsp;&nbsp;&nbsp; Siguen las presiones al Gobierno, y particularmente al Presidente Gabriel Boric, para que se pronuncie respecto de la situaci\u00f3n de los deportistas de la delegaci\u00f3n cubana que se fugaron de la Villa Panamericana para poder quedarse en nuestro pa\u00eds. Incluso, este mi\u00e9rcoles llegaron cinco de ellos hasta el Servicio Nacional de Migraciones para solicitar asilo formal en nuestro pa\u00eds.<\/p>\n\n\n\n<p>&nbsp;&nbsp;&nbsp; En este contexto, la ministra del Interior, Carolina Toh\u00e1, sali\u00f3 a bajarle el perf\u00edl al caso de estos deportistas, diciendo que \u201cperfectamente pueden estar haciendo turismo en Chile\u201d, algo que desat\u00f3 las cr\u00edticas al interior del Congreso.&nbsp; \u201cEs una ofensa y una verg\u00fcenza, que la ministra Toha diga que los deportistas cubanos est\u00e1n haciendo &#8220;turismo\u201d. Claramente nadie hace turismo sin dinero ni pasaporte y menos cuando ya se han acercado a abogados para pedir ayuda\u201d, critic\u00f3 Catalina Del Real.<\/p>\n\n\n\n<p>&nbsp;&nbsp; La diputada de la Comisi\u00f3n de Relaciones Exteriores, reiter\u00f3 el llamado al Presidente, \u201cpara que se pronuncie respecto a los ocho cubanos que siguen en Chile sin sus pasaportes, en un estado muy complejo y necesitamos que el Presidente se pronuncie y finalmente le de asilo pol\u00edtico a estos ocho deportistas que estuvieron en nuestros Panamericanos, que se escaparon del r\u00e9gimen opresor de Cuba y est\u00e1n tratando de quedarse en nuestro pa\u00eds\u201d.<\/p>\n\n\n\n<p>&nbsp; La parlamentaria, lament\u00f3 la postura del mandatario, afirmando que \u201cPresidente Boric, nos extra\u00f1a mucho que usted sea comentarista en general de muchas materias internacionales, se inmiscuya en temas de muchos pa\u00edses, pero cuando tenemos a personas en Chile desprotegidas y les est\u00e1n pidiendo asilo, usted guarda silencio justamente porque el Partido Comunista no le interesa que se hable de estos temas, que se hable de la represi\u00f3n en Cuba\u201d.<\/p>\n\n\n\n<p>&nbsp; Finalmente, la congresista de la Bancada Republicana, fue enf\u00e1tica al se\u00f1alar que&nbsp; \u201ceste es un tema de Derechos Humanos, es un tema diplom\u00e1tico tambi\u00e9n, por lo tanto el Gobierno y el Presidente deben pronunciarse y deben acoger a estos ocho cubanos que hoy d\u00eda lo est\u00e1n pasando mal, que est\u00e1n sin sus papeles, que son perseguidos pol\u00edticos porque no pueden volver a sus pa\u00edses, claramente, van haber represalias en contra de ellos y hoy debe pronunciarse\u201d.<\/p>\n","protected":false},"excerpt":{"rendered":"<div class=\"pvc_clear\"><\/div>\n<p id=\"pvc_stats_46072\" class=\"pvc_stats total_only  \" data-element-id=\"46072\" style=\"\"><i class=\"pvc-stats-icon large\" aria-hidden=\"true\"><svg aria-hidden=\"true\" focusable=\"false\" data-prefix=\"far\" data-icon=\"chart-bar\" role=\"img\" xmlns=\"http:\/\/www.w3.org\/2000\/svg\" viewBox=\"0 0 512 512\" class=\"svg-inline--fa fa-chart-bar fa-w-16 fa-2x\"><path fill=\"currentColor\" d=\"M396.8 352h22.4c6.4 0 12.8-6.4 12.8-12.8V108.8c0-6.4-6.4-12.8-12.8-12.8h-22.4c-6.4 0-12.8 6.4-12.8 12.8v230.4c0 6.4 6.4 12.8 12.8 12.8zm-192 0h22.4c6.4 0 12.8-6.4 12.8-12.8V140.8c0-6.4-6.4-12.8-12.8-12.8h-22.4c-6.4 0-12.8 6.4-12.8 12.8v198.4c0 6.4 6.4 12.8 12.8 12.8zm96 0h22.4c6.4 0 12.8-6.4 12.8-12.8V204.8c0-6.4-6.4-12.8-12.8-12.8h-22.4c-6.4 0-12.8 6.4-12.8 12.8v134.4c0 6.4 6.4 12.8 12.8 12.8zM496 400H48V80c0-8.84-7.16-16-16-16H16C7.16 64 0 71.16 0 80v336c0 17.67 14.33 32 32 32h464c8.84 0 16-7.16 16-16v-16c0-8.84-7.16-16-16-16zm-387.2-48h22.4c6.4 0 12.8-6.4 12.8-12.8v-70.4c0-6.4-6.4-12.8-12.8-12.8h-22.4c-6.4 0-12.8 6.4-12.8 12.8v70.4c0 6.4 6.4 12.8 12.8 12.8z\" class=\"\"><\/path><\/svg><\/i> <img loading=\"lazy\" decoding=\"async\" width=\"16\" height=\"16\" alt=\"Loading\" src=\"https:\/\/temucotelevision.cl\/web\/wp-content\/plugins\/page-views-count\/ajax-loader-2x.gif\" border=0 \/><\/p>\n<div class=\"pvc_clear\"><\/div>\n<p>&nbsp;&nbsp;&nbsp; Siguen las presiones al Gobierno, y particularmente al Presidente Gabriel Boric, para que se pronuncie respecto de la situaci\u00f3n<\/p>\n","protected":false},"author":1,"featured_media":46073,"comment_status":"open","ping_status":"open","sticky":false,"template":"","format":"standard","meta":{"colormag_page_container_layout":"default_layout","colormag_page_sidebar_layout":"default_layout","footnotes":""},"categories":[84],"tags":[6803,788,206],"class_list":["post-46072","post","type-post","status-publish","format-standard","has-post-thumbnail","hentry","category-politica","tag-deportistas-cubanos","tag-diputada","tag-gobierno"],"a3_pvc":{"activated":true,"total_views":1065,"today_views":0},"_links":{"self":[{"href":"https:\/\/temucotelevision.cl\/web\/wp-json\/wp\/v2\/posts\/46072","targetHints":{"allow":["GET"]}}],"collection":[{"href":"https:\/\/temucotelevision.cl\/web\/wp-json\/wp\/v2\/posts"}],"about":[{"href":"https:\/\/temucotelevision.cl\/web\/wp-json\/wp\/v2\/types\/post"}],"author":[{"embeddable":true,"href":"https:\/\/temucotelevision.cl\/web\/wp-json\/wp\/v2\/users\/1"}],"replies":[{"embeddable":true,"href":"https:\/\/temucotelevision.cl\/web\/wp-json\/wp\/v2\/comments?post=46072"}],"version-history":[{"count":1,"href":"https:\/\/temucotelevision.cl\/web\/wp-json\/wp\/v2\/posts\/46072\/revisions"}],"predecessor-version":[{"id":46074,"href":"https:\/\/temucotelevision.cl\/web\/wp-json\/wp\/v2\/posts\/46072\/revisions\/46074"}],"wp:featuredmedia":[{"embeddable":true,"href":"https:\/\/temucotelevision.cl\/web\/wp-json\/wp\/v2\/media\/46073"}],"wp:attachment":[{"href":"https:\/\/temucotelevision.cl\/web\/wp-json\/wp\/v2\/media?parent=46072"}],"wp:term":[{"taxonomy":"category","embeddable":true,"href":"https:\/\/temucotelevision.cl\/web\/wp-json\/wp\/v2\/categories?post=46072"},{"taxonomy":"post_tag","embeddable":true,"href":"https:\/\/temucotelevision.cl\/web\/wp-json\/wp\/v2\/tags?post=46072"}],"curies":[{"name":"wp","href":"https:\/\/api.w.org\/{rel}","templated":true}]}}