{"id":46066,"date":"2023-11-08T13:16:27","date_gmt":"2023-11-08T16:16:27","guid":{"rendered":"https:\/\/temucotelevision.cl\/web\/?p=46066"},"modified":"2023-11-11T16:55:47","modified_gmt":"2023-11-11T19:55:47","slug":"equipo-mt-0-villarrica-detuvo-a-cantante-urbano-turko-alpa-y-su-hermano-en-loncoche","status":"publish","type":"post","link":"https:\/\/temucotelevision.cl\/web\/2023\/11\/08\/equipo-mt-0-villarrica-detuvo-a-cantante-urbano-turko-alpa-y-su-hermano-en-loncoche\/","title":{"rendered":"Equipo MT-0 Villarrica detuvo a cantante urbano \u201cTurko Alpa\u201d y su hermano en Loncoche"},"content":{"rendered":"<div class=\"pvc_clear\"><\/div><p id=\"pvc_stats_46066\" class=\"pvc_stats total_only  \" data-element-id=\"46066\" style=\"\"><i class=\"pvc-stats-icon large\" aria-hidden=\"true\"><svg aria-hidden=\"true\" focusable=\"false\" data-prefix=\"far\" data-icon=\"chart-bar\" role=\"img\" xmlns=\"http:\/\/www.w3.org\/2000\/svg\" viewBox=\"0 0 512 512\" class=\"svg-inline--fa fa-chart-bar fa-w-16 fa-2x\"><path fill=\"currentColor\" d=\"M396.8 352h22.4c6.4 0 12.8-6.4 12.8-12.8V108.8c0-6.4-6.4-12.8-12.8-12.8h-22.4c-6.4 0-12.8 6.4-12.8 12.8v230.4c0 6.4 6.4 12.8 12.8 12.8zm-192 0h22.4c6.4 0 12.8-6.4 12.8-12.8V140.8c0-6.4-6.4-12.8-12.8-12.8h-22.4c-6.4 0-12.8 6.4-12.8 12.8v198.4c0 6.4 6.4 12.8 12.8 12.8zm96 0h22.4c6.4 0 12.8-6.4 12.8-12.8V204.8c0-6.4-6.4-12.8-12.8-12.8h-22.4c-6.4 0-12.8 6.4-12.8 12.8v134.4c0 6.4 6.4 12.8 12.8 12.8zM496 400H48V80c0-8.84-7.16-16-16-16H16C7.16 64 0 71.16 0 80v336c0 17.67 14.33 32 32 32h464c8.84 0 16-7.16 16-16v-16c0-8.84-7.16-16-16-16zm-387.2-48h22.4c6.4 0 12.8-6.4 12.8-12.8v-70.4c0-6.4-6.4-12.8-12.8-12.8h-22.4c-6.4 0-12.8 6.4-12.8 12.8v70.4c0 6.4 6.4 12.8 12.8 12.8z\" class=\"\"><\/path><\/svg><\/i> <img loading=\"lazy\" decoding=\"async\" width=\"16\" height=\"16\" alt=\"Loading\" src=\"https:\/\/temucotelevision.cl\/web\/wp-content\/plugins\/page-views-count\/ajax-loader-2x.gif\" border=0 \/><\/p><div class=\"pvc_clear\"><\/div>\n<p>El Equipo Microtr\u00e1fico Cero (MT-0) de la Brigada de Investigaci\u00f3n Criminal (Bicrim) Villarrica, detuvo a dos hombres, mayores de edad, por el delito de tr\u00e1fico de drogas en peque\u00f1as cantidades. Uno de los detenidos es un emergente cantante urbano de la comuna de Loncoche.<\/p>\n\n\n\n<p>El subcomisario Alex Rojas, de la Bicrim Villarrica, explic\u00f3 que la investigaci\u00f3n, realizada en coordinaci\u00f3n con la Fiscal\u00eda local de Loncoche, se inici\u00f3 por una denuncia an\u00f3nima, efectuada a trav\u00e9s de la plataforma \u201cDenuncia Seguro\u201d, de la Subsecretaria de Prevenci\u00f3n del Delito.<\/p>\n\n\n\n<p>En la denuncia, \u201cse daba cuenta de presuntas actividades il\u00edcitas realizadas por un cantante urbano, residente en esa localidad, quien se dedicar\u00eda a la venta de sustancias il\u00edcitas controladas por la Ley 20.000\u201d, agreg\u00f3 el subcomisario Rojas.<\/p>\n\n\n\n<p>Con estos antecedentes, y tras una instrucci\u00f3n particular de la Fiscal\u00eda, se efectu\u00f3 una entrada y registro voluntaria al inmueble investigado, donde se ubic\u00f3 al imputado y su hermano en la vivienda, y luego de la revisi\u00f3n de cada una de las dependencias, el equipo investigador incaut\u00f3 52 dosis de cannabis sativa, cuyo valor comercial il\u00edcito es de $260 mil pesos, adem\u00e1s de cuatro balanzas, un tel\u00e9fono m\u00f3vil y $113 mil pesos en efectivo.<\/p>\n\n\n\n<p>Lo Por instrucci\u00f3n del fiscal de turno de la Fiscal\u00eda de Flagrancias y Primeras Diligencias, instruy\u00f3 que ambos imputados fueran dejados en libertad. En tanto, la droga fue remitido al Servicio de Salud Araucan\u00eda Sur para su destrucci\u00f3n.<\/p>\n","protected":false},"excerpt":{"rendered":"<div class=\"pvc_clear\"><\/div>\n<p id=\"pvc_stats_46066\" class=\"pvc_stats total_only  \" data-element-id=\"46066\" style=\"\"><i class=\"pvc-stats-icon large\" aria-hidden=\"true\"><svg aria-hidden=\"true\" focusable=\"false\" data-prefix=\"far\" data-icon=\"chart-bar\" role=\"img\" xmlns=\"http:\/\/www.w3.org\/2000\/svg\" viewBox=\"0 0 512 512\" class=\"svg-inline--fa fa-chart-bar fa-w-16 fa-2x\"><path fill=\"currentColor\" d=\"M396.8 352h22.4c6.4 0 12.8-6.4 12.8-12.8V108.8c0-6.4-6.4-12.8-12.8-12.8h-22.4c-6.4 0-12.8 6.4-12.8 12.8v230.4c0 6.4 6.4 12.8 12.8 12.8zm-192 0h22.4c6.4 0 12.8-6.4 12.8-12.8V140.8c0-6.4-6.4-12.8-12.8-12.8h-22.4c-6.4 0-12.8 6.4-12.8 12.8v198.4c0 6.4 6.4 12.8 12.8 12.8zm96 0h22.4c6.4 0 12.8-6.4 12.8-12.8V204.8c0-6.4-6.4-12.8-12.8-12.8h-22.4c-6.4 0-12.8 6.4-12.8 12.8v134.4c0 6.4 6.4 12.8 12.8 12.8zM496 400H48V80c0-8.84-7.16-16-16-16H16C7.16 64 0 71.16 0 80v336c0 17.67 14.33 32 32 32h464c8.84 0 16-7.16 16-16v-16c0-8.84-7.16-16-16-16zm-387.2-48h22.4c6.4 0 12.8-6.4 12.8-12.8v-70.4c0-6.4-6.4-12.8-12.8-12.8h-22.4c-6.4 0-12.8 6.4-12.8 12.8v70.4c0 6.4 6.4 12.8 12.8 12.8z\" class=\"\"><\/path><\/svg><\/i> <img loading=\"lazy\" decoding=\"async\" width=\"16\" height=\"16\" alt=\"Loading\" src=\"https:\/\/temucotelevision.cl\/web\/wp-content\/plugins\/page-views-count\/ajax-loader-2x.gif\" border=0 \/><\/p>\n<div class=\"pvc_clear\"><\/div>\n<p>El Equipo Microtr\u00e1fico Cero (MT-0) de la Brigada de Investigaci\u00f3n Criminal (Bicrim) Villarrica, detuvo a dos hombres, mayores de edad,<\/p>\n","protected":false},"author":1,"featured_media":46065,"comment_status":"open","ping_status":"open","sticky":false,"template":"","format":"standard","meta":{"colormag_page_container_layout":"default_layout","colormag_page_sidebar_layout":"default_layout","footnotes":""},"categories":[16],"tags":[],"class_list":["post-46066","post","type-post","status-publish","format-standard","has-post-thumbnail","hentry","category-policial"],"a3_pvc":{"activated":true,"total_views":3125,"today_views":0},"_links":{"self":[{"href":"https:\/\/temucotelevision.cl\/web\/wp-json\/wp\/v2\/posts\/46066","targetHints":{"allow":["GET"]}}],"collection":[{"href":"https:\/\/temucotelevision.cl\/web\/wp-json\/wp\/v2\/posts"}],"about":[{"href":"https:\/\/temucotelevision.cl\/web\/wp-json\/wp\/v2\/types\/post"}],"author":[{"embeddable":true,"href":"https:\/\/temucotelevision.cl\/web\/wp-json\/wp\/v2\/users\/1"}],"replies":[{"embeddable":true,"href":"https:\/\/temucotelevision.cl\/web\/wp-json\/wp\/v2\/comments?post=46066"}],"version-history":[{"count":2,"href":"https:\/\/temucotelevision.cl\/web\/wp-json\/wp\/v2\/posts\/46066\/revisions"}],"predecessor-version":[{"id":46111,"href":"https:\/\/temucotelevision.cl\/web\/wp-json\/wp\/v2\/posts\/46066\/revisions\/46111"}],"wp:featuredmedia":[{"embeddable":true,"href":"https:\/\/temucotelevision.cl\/web\/wp-json\/wp\/v2\/media\/46065"}],"wp:attachment":[{"href":"https:\/\/temucotelevision.cl\/web\/wp-json\/wp\/v2\/media?parent=46066"}],"wp:term":[{"taxonomy":"category","embeddable":true,"href":"https:\/\/temucotelevision.cl\/web\/wp-json\/wp\/v2\/categories?post=46066"},{"taxonomy":"post_tag","embeddable":true,"href":"https:\/\/temucotelevision.cl\/web\/wp-json\/wp\/v2\/tags?post=46066"}],"curies":[{"name":"wp","href":"https:\/\/api.w.org\/{rel}","templated":true}]}}