{"id":46063,"date":"2023-11-08T10:14:22","date_gmt":"2023-11-08T13:14:22","guid":{"rendered":"https:\/\/temucotelevision.cl\/web\/?p=46063"},"modified":"2023-11-08T16:44:53","modified_gmt":"2023-11-08T19:44:53","slug":"temuco-hombre-fue-sentenciado-a-24-anos-de-prision-por-violacion-y-abuso-sexual-a-la-hija-de-su-conviviente","status":"publish","type":"post","link":"https:\/\/temucotelevision.cl\/web\/2023\/11\/08\/temuco-hombre-fue-sentenciado-a-24-anos-de-prision-por-violacion-y-abuso-sexual-a-la-hija-de-su-conviviente\/","title":{"rendered":"Temuco: Hombre fue sentenciado a 24 a\u00f1os de prisi\u00f3n por violaci\u00f3n y abuso sexual a la hija de su conviviente"},"content":{"rendered":"<div class=\"pvc_clear\"><\/div><p id=\"pvc_stats_46063\" class=\"pvc_stats total_only  \" data-element-id=\"46063\" style=\"\"><i class=\"pvc-stats-icon large\" aria-hidden=\"true\"><svg aria-hidden=\"true\" focusable=\"false\" data-prefix=\"far\" data-icon=\"chart-bar\" role=\"img\" xmlns=\"http:\/\/www.w3.org\/2000\/svg\" viewBox=\"0 0 512 512\" class=\"svg-inline--fa fa-chart-bar fa-w-16 fa-2x\"><path fill=\"currentColor\" d=\"M396.8 352h22.4c6.4 0 12.8-6.4 12.8-12.8V108.8c0-6.4-6.4-12.8-12.8-12.8h-22.4c-6.4 0-12.8 6.4-12.8 12.8v230.4c0 6.4 6.4 12.8 12.8 12.8zm-192 0h22.4c6.4 0 12.8-6.4 12.8-12.8V140.8c0-6.4-6.4-12.8-12.8-12.8h-22.4c-6.4 0-12.8 6.4-12.8 12.8v198.4c0 6.4 6.4 12.8 12.8 12.8zm96 0h22.4c6.4 0 12.8-6.4 12.8-12.8V204.8c0-6.4-6.4-12.8-12.8-12.8h-22.4c-6.4 0-12.8 6.4-12.8 12.8v134.4c0 6.4 6.4 12.8 12.8 12.8zM496 400H48V80c0-8.84-7.16-16-16-16H16C7.16 64 0 71.16 0 80v336c0 17.67 14.33 32 32 32h464c8.84 0 16-7.16 16-16v-16c0-8.84-7.16-16-16-16zm-387.2-48h22.4c6.4 0 12.8-6.4 12.8-12.8v-70.4c0-6.4-6.4-12.8-12.8-12.8h-22.4c-6.4 0-12.8 6.4-12.8 12.8v70.4c0 6.4 6.4 12.8 12.8 12.8z\" class=\"\"><\/path><\/svg><\/i> <img loading=\"lazy\" decoding=\"async\" width=\"16\" height=\"16\" alt=\"Loading\" src=\"https:\/\/temucotelevision.cl\/web\/wp-content\/plugins\/page-views-count\/ajax-loader-2x.gif\" border=0 \/><\/p><div class=\"pvc_clear\"><\/div>\n<p>La Fiscal\u00eda de La Araucan\u00eda obtuvo una condena que suma m\u00e1s de 24 a\u00f1os de prisi\u00f3n efectiva para un individuo que, entre los a\u00f1os 2015 y 2022, perpetr\u00f3 de manera reiterada los delitos de violaci\u00f3n y abuso sexual contra una menor de edad, quien era hija de su conviviente, en el sector Labranza de Temuco.<\/p>\n\n\n\n<p>En el juicio, donde la Fiscal\u00eda fue representada por el fiscal Juan Pablo Gerli, el Tribunal Oral en lo Penal de Temuco dio por acreditado que el condenado, RAMON DEL CARMEN BENAVIDES TENORIO, comenz\u00f3 a violentar a la v\u00edctima en 2015, cuando esta ten\u00eda 7 a\u00f1os y estaba bajo su cuidado, amenaz\u00e1ndola con matarla a ella y su madre si no acced\u00eda a sus abusos.<\/p>\n\n\n\n<p>El tribunal tambi\u00e9n pudo establecer que estos delitos se repitieron durante varios a\u00f1os, y que la \u00faltima violaci\u00f3n ocurri\u00f3 el 22 de julio de 2022, cuando la v\u00edctima ten\u00eda 14 a\u00f1os. Despu\u00e9s de este \u00faltimo episodio, la adolescente cont\u00f3 lo sucedido a un familiar, lo que llev\u00f3 a la detenci\u00f3n del agresor y su posterior juicio y condena.<\/p>\n\n\n\n<p>El fiscal Juan Pablo Gerli afirm\u00f3: \u201cAl momento que llega a vivir al domicilio junto con la madre y la ni\u00f1a, al poco tiempo empieza el imputado a realizar agresiones sexuales contra ella. Esas acciones se fueron intensificando y permanecieron por todo este tiempo, hasta que, cuando ella ten\u00eda ya 14 a\u00f1os, en el \u00faltimo episodio, como ella misma se\u00f1al\u00f3, no soport\u00f3 m\u00e1s la situaci\u00f3n y se lo dio a conocer a una prima a trav\u00e9s de unos mensajes. Eso gener\u00f3 el procedimiento que pudo culminar con la sentencia que henos podido escuchar el d\u00eda de hoy\u201d.<\/p>\n\n\n\n<p>El Tribunal Oral de Temuco conden\u00f3 a RAMON DEL CARMEN BENAVIDES TENORIO a una pena \u00fanica de 20 a\u00f1os de prisi\u00f3n por los delitos de abuso sexual infantil reiterado, violaci\u00f3n infantil reiterada y violaci\u00f3n de una persona mayor de 14 a\u00f1os. Adem\u00e1s, fue condenado a 3 a\u00f1os y un d\u00eda por el delito de exhibici\u00f3n de material pornogr\u00e1fico infantil y a 541 d\u00edas de prisi\u00f3n por infringir la ley de Armas, debido a la munici\u00f3n ilegal que ten\u00eda en su hogar cuando fue detenido por Carabineros.<\/p>\n\n\n\n<p>El fiscal Gerli destac\u00f3 que &#8220;se trata de una pena alta pero totalmente acorde a los hechos por los cuales fue condenado&#8221;, se\u00f1alando que todas estas penas se cumplir\u00e1n de manera efectiva.<\/p>\n\n\n\n<p>*Ley de Entrevista Videograbada*<\/p>\n\n\n\n<p>Dado que la v\u00edctima era una menor de edad, proporcion\u00f3 su testimonio solo una vez durante la investigaci\u00f3n, en una entrevista videograbada realizada en una sala especial de la Fiscal\u00eda. Esto se llev\u00f3 a cabo con la asistencia de un entrevistador especializado, de acuerdo con lo estipulado en la Ley N\u00ba 21.057, que tiene como objetivo prevenir la revictimizaci\u00f3n de ni\u00f1os, ni\u00f1as y adolescentes que han sido v\u00edctimas de delitos graves.<\/p>\n\n\n\n<p>En el juicio oral, la v\u00edctima declar\u00f3 en una sala diferente a la sala de audiencias, con la intermediaci\u00f3n de un entrevistador que presentaba las preguntas realizadas por el fiscal, el defensor y los jueces. El fiscal Juan Pablo Gerli explic\u00f3: &#8220;La v\u00edctima proporcion\u00f3 esencialmente todos los antecedentes que, junto con otras pruebas presentadas por la Fiscal\u00eda, permitieron al tribunal llegar a la conclusi\u00f3n de que el acusado efectivamente cometi\u00f3 estos delitos y que ten\u00eda una responsabilidad culpable en los mismos&#8221;.<\/p>\n","protected":false},"excerpt":{"rendered":"<div class=\"pvc_clear\"><\/div>\n<p id=\"pvc_stats_46063\" class=\"pvc_stats total_only  \" data-element-id=\"46063\" style=\"\"><i class=\"pvc-stats-icon large\" aria-hidden=\"true\"><svg aria-hidden=\"true\" focusable=\"false\" data-prefix=\"far\" data-icon=\"chart-bar\" role=\"img\" xmlns=\"http:\/\/www.w3.org\/2000\/svg\" viewBox=\"0 0 512 512\" class=\"svg-inline--fa fa-chart-bar fa-w-16 fa-2x\"><path fill=\"currentColor\" d=\"M396.8 352h22.4c6.4 0 12.8-6.4 12.8-12.8V108.8c0-6.4-6.4-12.8-12.8-12.8h-22.4c-6.4 0-12.8 6.4-12.8 12.8v230.4c0 6.4 6.4 12.8 12.8 12.8zm-192 0h22.4c6.4 0 12.8-6.4 12.8-12.8V140.8c0-6.4-6.4-12.8-12.8-12.8h-22.4c-6.4 0-12.8 6.4-12.8 12.8v198.4c0 6.4 6.4 12.8 12.8 12.8zm96 0h22.4c6.4 0 12.8-6.4 12.8-12.8V204.8c0-6.4-6.4-12.8-12.8-12.8h-22.4c-6.4 0-12.8 6.4-12.8 12.8v134.4c0 6.4 6.4 12.8 12.8 12.8zM496 400H48V80c0-8.84-7.16-16-16-16H16C7.16 64 0 71.16 0 80v336c0 17.67 14.33 32 32 32h464c8.84 0 16-7.16 16-16v-16c0-8.84-7.16-16-16-16zm-387.2-48h22.4c6.4 0 12.8-6.4 12.8-12.8v-70.4c0-6.4-6.4-12.8-12.8-12.8h-22.4c-6.4 0-12.8 6.4-12.8 12.8v70.4c0 6.4 6.4 12.8 12.8 12.8z\" class=\"\"><\/path><\/svg><\/i> <img loading=\"lazy\" decoding=\"async\" width=\"16\" height=\"16\" alt=\"Loading\" src=\"https:\/\/temucotelevision.cl\/web\/wp-content\/plugins\/page-views-count\/ajax-loader-2x.gif\" border=0 \/><\/p>\n<div class=\"pvc_clear\"><\/div>\n<p>La Fiscal\u00eda de La Araucan\u00eda obtuvo una condena que suma m\u00e1s de 24 a\u00f1os de prisi\u00f3n efectiva para un individuo<\/p>\n","protected":false},"author":1,"featured_media":3803,"comment_status":"open","ping_status":"open","sticky":false,"template":"","format":"standard","meta":{"colormag_page_container_layout":"default_layout","colormag_page_sidebar_layout":"default_layout","footnotes":""},"categories":[15],"tags":[],"class_list":["post-46063","post","type-post","status-publish","format-standard","has-post-thumbnail","hentry","category-la-araucania"],"a3_pvc":{"activated":true,"total_views":4081,"today_views":0},"_links":{"self":[{"href":"https:\/\/temucotelevision.cl\/web\/wp-json\/wp\/v2\/posts\/46063","targetHints":{"allow":["GET"]}}],"collection":[{"href":"https:\/\/temucotelevision.cl\/web\/wp-json\/wp\/v2\/posts"}],"about":[{"href":"https:\/\/temucotelevision.cl\/web\/wp-json\/wp\/v2\/types\/post"}],"author":[{"embeddable":true,"href":"https:\/\/temucotelevision.cl\/web\/wp-json\/wp\/v2\/users\/1"}],"replies":[{"embeddable":true,"href":"https:\/\/temucotelevision.cl\/web\/wp-json\/wp\/v2\/comments?post=46063"}],"version-history":[{"count":1,"href":"https:\/\/temucotelevision.cl\/web\/wp-json\/wp\/v2\/posts\/46063\/revisions"}],"predecessor-version":[{"id":46064,"href":"https:\/\/temucotelevision.cl\/web\/wp-json\/wp\/v2\/posts\/46063\/revisions\/46064"}],"wp:featuredmedia":[{"embeddable":true,"href":"https:\/\/temucotelevision.cl\/web\/wp-json\/wp\/v2\/media\/3803"}],"wp:attachment":[{"href":"https:\/\/temucotelevision.cl\/web\/wp-json\/wp\/v2\/media?parent=46063"}],"wp:term":[{"taxonomy":"category","embeddable":true,"href":"https:\/\/temucotelevision.cl\/web\/wp-json\/wp\/v2\/categories?post=46063"},{"taxonomy":"post_tag","embeddable":true,"href":"https:\/\/temucotelevision.cl\/web\/wp-json\/wp\/v2\/tags?post=46063"}],"curies":[{"name":"wp","href":"https:\/\/api.w.org\/{rel}","templated":true}]}}