{"id":46055,"date":"2023-11-07T18:07:50","date_gmt":"2023-11-07T21:07:50","guid":{"rendered":"https:\/\/temucotelevision.cl\/web\/?p=46055"},"modified":"2023-11-07T18:07:50","modified_gmt":"2023-11-07T21:07:50","slug":"almazero-celebra-aniversario-con-nuevo-sencillo-falso-amor","status":"publish","type":"post","link":"https:\/\/temucotelevision.cl\/web\/2023\/11\/07\/almazero-celebra-aniversario-con-nuevo-sencillo-falso-amor\/","title":{"rendered":"Almazero\u00a0celebra\u00a0aniversario con nuevo\u00a0sencillo: &#8216;Falso Amor&#8217;\u00a0"},"content":{"rendered":"<div class=\"pvc_clear\"><\/div><p id=\"pvc_stats_46055\" class=\"pvc_stats total_only  \" data-element-id=\"46055\" style=\"\"><i class=\"pvc-stats-icon large\" aria-hidden=\"true\"><svg aria-hidden=\"true\" focusable=\"false\" data-prefix=\"far\" data-icon=\"chart-bar\" role=\"img\" xmlns=\"http:\/\/www.w3.org\/2000\/svg\" viewBox=\"0 0 512 512\" class=\"svg-inline--fa fa-chart-bar fa-w-16 fa-2x\"><path fill=\"currentColor\" d=\"M396.8 352h22.4c6.4 0 12.8-6.4 12.8-12.8V108.8c0-6.4-6.4-12.8-12.8-12.8h-22.4c-6.4 0-12.8 6.4-12.8 12.8v230.4c0 6.4 6.4 12.8 12.8 12.8zm-192 0h22.4c6.4 0 12.8-6.4 12.8-12.8V140.8c0-6.4-6.4-12.8-12.8-12.8h-22.4c-6.4 0-12.8 6.4-12.8 12.8v198.4c0 6.4 6.4 12.8 12.8 12.8zm96 0h22.4c6.4 0 12.8-6.4 12.8-12.8V204.8c0-6.4-6.4-12.8-12.8-12.8h-22.4c-6.4 0-12.8 6.4-12.8 12.8v134.4c0 6.4 6.4 12.8 12.8 12.8zM496 400H48V80c0-8.84-7.16-16-16-16H16C7.16 64 0 71.16 0 80v336c0 17.67 14.33 32 32 32h464c8.84 0 16-7.16 16-16v-16c0-8.84-7.16-16-16-16zm-387.2-48h22.4c6.4 0 12.8-6.4 12.8-12.8v-70.4c0-6.4-6.4-12.8-12.8-12.8h-22.4c-6.4 0-12.8 6.4-12.8 12.8v70.4c0 6.4 6.4 12.8 12.8 12.8z\" class=\"\"><\/path><\/svg><\/i> <img loading=\"lazy\" decoding=\"async\" width=\"16\" height=\"16\" alt=\"Loading\" src=\"https:\/\/temucotelevision.cl\/web\/wp-content\/plugins\/page-views-count\/ajax-loader-2x.gif\" border=0 \/><\/p><div class=\"pvc_clear\"><\/div>\n<p class=\"has-medium-font-size\"><strong>Ganador del &#8220;Mejor EP del A\u00f1o&#8221; de Efervescente FM.<\/strong><\/p>\n\n\n\n<p><strong>Almazero<\/strong>&nbsp;(<strong>Nah\u00fam Guinet<\/strong>) celebrar\u00e1 su cuarto aniversario&nbsp;de m\u00fasica propia con variados hitos que ir\u00e1 revelando durante los pr\u00f3ximos meses. Para ello, el artista de&nbsp;<strong>pop urbano<\/strong>&nbsp;liber\u00f3 un peque\u00f1o adelanto con su nuevo hit, &#8216;<strong>Falso Amor<\/strong>&#8216;, cuyo resultado lo podr\u00e1s revisar al cierre de la nota.<\/p>\n\n\n\n<p>Bajo la producci\u00f3n musical de su equipo compuesto por&nbsp;<strong>Alejandro&nbsp;Soliz<\/strong>&nbsp;(composici\u00f3n y arreglos),&nbsp;<strong>Pablo Sanhueza<\/strong>&nbsp;(stylist),&nbsp;<strong>Leonardo Olivares<\/strong>&nbsp;(mezcla y mastering),&nbsp;<strong>Pato Lagos<\/strong>&nbsp;(core\u00f3grafo) y&nbsp;<strong>Rodrigo Gonz\u00e1lez<\/strong>&nbsp;(media), el m\u00fasico soltar\u00e1 un pu\u00f1ado de obras duante todo el primer semestre del 2024.<\/p>\n\n\n\n<p>Anteriormente &#8220;<strong>Destino Conocido<\/strong>&#8221;&nbsp;(2021), su EP debut,l lo tuvo entre los mejores de su g\u00e9nero en la&nbsp;<em>playlist<\/em><strong>Pop Chile de Spotify<\/strong>, sum\u00f3 m\u00e1s de&nbsp;<strong>65 mil visualizaciones en YouTube<\/strong>,&nbsp;<strong>212.000 reproducciones en Spotify<\/strong>&nbsp;y levant\u00f3 presea como &#8220;<strong>Mejor EP del A\u00f1o<\/strong>&#8221; en radio&nbsp;<strong>Efervescente FM&nbsp;<\/strong>(M\u00e9xico).&nbsp;Reconocimiento que motivaron al artista nortino a crear m\u00fasica fresca para el cierre de este a\u00f1o (ver m\u00e1s abajo).<\/p>\n\n\n\n<p>Tras una exitosa&nbsp;<strong>gira en M\u00e9xico<\/strong>,&nbsp;<strong>festivales por Chile<\/strong>, la&nbsp;nominaci\u00f3n&nbsp;a&nbsp;<strong>Mejor Artista Urbano<\/strong>&nbsp;en&nbsp;<strong>Premios Pulsar&nbsp;<\/strong>y&nbsp;<strong>discos f\u00edsicos agotados<\/strong>, hoy el multifac\u00e9tico artista posee un espect\u00e1culo \u00edntegro de canto y baile, con&nbsp;presentaciones oficiales en&nbsp;<strong>SCD Plaza Ega\u00f1a<\/strong>&nbsp;(Santiago),&nbsp;<strong>Barrio Lastarria<\/strong>, entre otros.<\/p>\n\n\n\n<p>Ahora con gente ligada a\u00a0<strong>Sebasti\u00e1n Yatra<\/strong>,\u00a0<strong>Paloma Mami<\/strong>,\u00a0<strong>Cristian Castro<\/strong>\u00a0o\u00a0<strong>Javiera Mena<\/strong>, hasta seguidores en\u00a0<strong>Argentina<\/strong>,\u00a0<strong>M\u00e9xico<\/strong>,\u00a0<strong>Medell\u00edn<\/strong>,\u00a0<strong>Per\u00fa<\/strong>\u00a0y sobre todo en\u00a0<strong>Estados Unidos<\/strong>,\u00a0<strong>Almazero<\/strong>\u00a0pone su vista hacia nuevos horizontes.<\/p>\n\n\n\n<figure class=\"wp-block-embed is-type-video is-provider-youtube wp-block-embed-youtube wp-embed-aspect-4-3 wp-has-aspect-ratio\"><div class=\"wp-block-embed__wrapper\">\n<div class=\"epyt-video-wrapper\"><iframe loading=\"lazy\"  id=\"_ytid_68121\"  width=\"800\" height=\"600\"  data-origwidth=\"800\" data-origheight=\"600\" src=\"https:\/\/www.youtube.com\/embed\/KSaVHjzYWgQ?enablejsapi=1&#038;autoplay=0&#038;cc_load_policy=0&#038;cc_lang_pref=&#038;iv_load_policy=1&#038;loop=0&#038;rel=1&#038;fs=1&#038;playsinline=0&#038;autohide=2&#038;theme=dark&#038;color=red&#038;controls=1&#038;disablekb=0&#038;\" class=\"__youtube_prefs__  epyt-is-override  no-lazyload\" title=\"YouTube player\"  allow=\"fullscreen; accelerometer; autoplay; clipboard-write; encrypted-media; gyroscope; picture-in-picture; web-share\" referrerpolicy=\"strict-origin-when-cross-origin\" allowfullscreen data-no-lazy=\"1\" data-skipgform_ajax_framebjll=\"\"><\/iframe><\/div>\n<\/div><\/figure>\n\n\n\n<p><\/p>\n","protected":false},"excerpt":{"rendered":"<div class=\"pvc_clear\"><\/div>\n<p id=\"pvc_stats_46055\" class=\"pvc_stats total_only  \" data-element-id=\"46055\" style=\"\"><i class=\"pvc-stats-icon large\" aria-hidden=\"true\"><svg aria-hidden=\"true\" focusable=\"false\" data-prefix=\"far\" data-icon=\"chart-bar\" role=\"img\" xmlns=\"http:\/\/www.w3.org\/2000\/svg\" viewBox=\"0 0 512 512\" class=\"svg-inline--fa fa-chart-bar fa-w-16 fa-2x\"><path fill=\"currentColor\" d=\"M396.8 352h22.4c6.4 0 12.8-6.4 12.8-12.8V108.8c0-6.4-6.4-12.8-12.8-12.8h-22.4c-6.4 0-12.8 6.4-12.8 12.8v230.4c0 6.4 6.4 12.8 12.8 12.8zm-192 0h22.4c6.4 0 12.8-6.4 12.8-12.8V140.8c0-6.4-6.4-12.8-12.8-12.8h-22.4c-6.4 0-12.8 6.4-12.8 12.8v198.4c0 6.4 6.4 12.8 12.8 12.8zm96 0h22.4c6.4 0 12.8-6.4 12.8-12.8V204.8c0-6.4-6.4-12.8-12.8-12.8h-22.4c-6.4 0-12.8 6.4-12.8 12.8v134.4c0 6.4 6.4 12.8 12.8 12.8zM496 400H48V80c0-8.84-7.16-16-16-16H16C7.16 64 0 71.16 0 80v336c0 17.67 14.33 32 32 32h464c8.84 0 16-7.16 16-16v-16c0-8.84-7.16-16-16-16zm-387.2-48h22.4c6.4 0 12.8-6.4 12.8-12.8v-70.4c0-6.4-6.4-12.8-12.8-12.8h-22.4c-6.4 0-12.8 6.4-12.8 12.8v70.4c0 6.4 6.4 12.8 12.8 12.8z\" class=\"\"><\/path><\/svg><\/i> <img loading=\"lazy\" decoding=\"async\" width=\"16\" height=\"16\" alt=\"Loading\" src=\"https:\/\/temucotelevision.cl\/web\/wp-content\/plugins\/page-views-count\/ajax-loader-2x.gif\" border=0 \/><\/p>\n<div class=\"pvc_clear\"><\/div>\n<p>Ganador del &#8220;Mejor EP del A\u00f1o&#8221; de Efervescente FM. Almazero&nbsp;(Nah\u00fam Guinet) celebrar\u00e1 su cuarto aniversario&nbsp;de m\u00fasica propia con variados hitos<\/p>\n","protected":false},"author":143,"featured_media":46058,"comment_status":"open","ping_status":"open","sticky":false,"template":"","format":"standard","meta":{"colormag_page_container_layout":"default_layout","colormag_page_sidebar_layout":"default_layout","footnotes":""},"categories":[369],"tags":[],"class_list":["post-46055","post","type-post","status-publish","format-standard","has-post-thumbnail","hentry","category-musica"],"a3_pvc":{"activated":true,"total_views":130,"today_views":0},"_links":{"self":[{"href":"https:\/\/temucotelevision.cl\/web\/wp-json\/wp\/v2\/posts\/46055","targetHints":{"allow":["GET"]}}],"collection":[{"href":"https:\/\/temucotelevision.cl\/web\/wp-json\/wp\/v2\/posts"}],"about":[{"href":"https:\/\/temucotelevision.cl\/web\/wp-json\/wp\/v2\/types\/post"}],"author":[{"embeddable":true,"href":"https:\/\/temucotelevision.cl\/web\/wp-json\/wp\/v2\/users\/143"}],"replies":[{"embeddable":true,"href":"https:\/\/temucotelevision.cl\/web\/wp-json\/wp\/v2\/comments?post=46055"}],"version-history":[{"count":1,"href":"https:\/\/temucotelevision.cl\/web\/wp-json\/wp\/v2\/posts\/46055\/revisions"}],"predecessor-version":[{"id":46057,"href":"https:\/\/temucotelevision.cl\/web\/wp-json\/wp\/v2\/posts\/46055\/revisions\/46057"}],"wp:featuredmedia":[{"embeddable":true,"href":"https:\/\/temucotelevision.cl\/web\/wp-json\/wp\/v2\/media\/46058"}],"wp:attachment":[{"href":"https:\/\/temucotelevision.cl\/web\/wp-json\/wp\/v2\/media?parent=46055"}],"wp:term":[{"taxonomy":"category","embeddable":true,"href":"https:\/\/temucotelevision.cl\/web\/wp-json\/wp\/v2\/categories?post=46055"},{"taxonomy":"post_tag","embeddable":true,"href":"https:\/\/temucotelevision.cl\/web\/wp-json\/wp\/v2\/tags?post=46055"}],"curies":[{"name":"wp","href":"https:\/\/api.w.org\/{rel}","templated":true}]}}