{"id":4605,"date":"2019-07-03T17:55:12","date_gmt":"2019-07-03T20:55:12","guid":{"rendered":"https:\/\/temucotelevision.cl\/web\/?p=4605"},"modified":"2019-07-03T17:55:12","modified_gmt":"2019-07-03T20:55:12","slug":"intendente-s-mauricio-ojeda-recorre-los-sectores-mas-afectados-por-nevadas-en-lonquimay","status":"publish","type":"post","link":"https:\/\/temucotelevision.cl\/web\/2019\/07\/03\/intendente-s-mauricio-ojeda-recorre-los-sectores-mas-afectados-por-nevadas-en-lonquimay\/","title":{"rendered":"Intendente (s) Mauricio Ojeda recorre los sectores m\u00e1s afectados por nevadas en Lonquimay"},"content":{"rendered":"<div class=\"pvc_clear\"><\/div>\n<p id=\"pvc_stats_4605\" class=\"pvc_stats total_only  \" data-element-id=\"4605\" style=\"\"><i class=\"pvc-stats-icon large\" aria-hidden=\"true\"><svg aria-hidden=\"true\" focusable=\"false\" data-prefix=\"far\" data-icon=\"chart-bar\" role=\"img\" xmlns=\"http:\/\/www.w3.org\/2000\/svg\" viewBox=\"0 0 512 512\" class=\"svg-inline--fa fa-chart-bar fa-w-16 fa-2x\"><path fill=\"currentColor\" d=\"M396.8 352h22.4c6.4 0 12.8-6.4 12.8-12.8V108.8c0-6.4-6.4-12.8-12.8-12.8h-22.4c-6.4 0-12.8 6.4-12.8 12.8v230.4c0 6.4 6.4 12.8 12.8 12.8zm-192 0h22.4c6.4 0 12.8-6.4 12.8-12.8V140.8c0-6.4-6.4-12.8-12.8-12.8h-22.4c-6.4 0-12.8 6.4-12.8 12.8v198.4c0 6.4 6.4 12.8 12.8 12.8zm96 0h22.4c6.4 0 12.8-6.4 12.8-12.8V204.8c0-6.4-6.4-12.8-12.8-12.8h-22.4c-6.4 0-12.8 6.4-12.8 12.8v134.4c0 6.4 6.4 12.8 12.8 12.8zM496 400H48V80c0-8.84-7.16-16-16-16H16C7.16 64 0 71.16 0 80v336c0 17.67 14.33 32 32 32h464c8.84 0 16-7.16 16-16v-16c0-8.84-7.16-16-16-16zm-387.2-48h22.4c6.4 0 12.8-6.4 12.8-12.8v-70.4c0-6.4-6.4-12.8-12.8-12.8h-22.4c-6.4 0-12.8 6.4-12.8 12.8v70.4c0 6.4 6.4 12.8 12.8 12.8z\" class=\"\"><\/path><\/svg><\/i> <img loading=\"lazy\" decoding=\"async\" width=\"16\" height=\"16\" alt=\"Loading\" src=\"https:\/\/temucotelevision.cl\/web\/wp-content\/plugins\/page-views-count\/ajax-loader-2x.gif\" border=0 \/><\/p>\n<div class=\"pvc_clear\"><\/div>\n<p style=\"text-align: justify;\">La \u00faltima actualizaci\u00f3n entregada por la Onemi, reporta mil 380 personas aisladas en la zona precordillerana. Se mantiene alerta amarilla en las comunas de Lonquimay, Curacaut\u00edn, Nueva Imperial, Carahue, Saavedra y Tolt\u00e9n por sistema frontal.<\/p>\n<p style=\"text-align: justify;\">El Ej\u00e9rcito de Chile, el Gobierno y el municipio est\u00e1n trabajando desde el viernes en el despeje de caminos, en limpieza de acceso de viviendas y techumbres por acumulaci\u00f3n de nieve.<\/p>\n<p style=\"text-align: justify;\">Por su parte, el intendente (s) Mauricio Ojeda se\u00f1al\u00f3 \u201ctomamos la decisi\u00f3n de venir hasta la comuna Lonquimay porque a\u00fan quedan personas en condici\u00f3n de aislados, luego de haber tenido un pic de 4 mil personas, el pasado viernes, por la gran cantidad de nieve que cay\u00f3\u201d.<\/p>\n<p style=\"text-align: justify;\">\u201cEstamos trabajado en terreno, el propio ministro nos ha pedido venir al lugar para coordinar, desde ac\u00e1 mismo, el trabajo de maquinaria para despejar lo antes posible para que toda la gente tenga acceso a sus casas, y pueda trasladarse entre sectores\u201d.<\/p>\n<p style=\"text-align: justify;\">La autoridad de gobierno a\u00f1adi\u00f3 \u201chemos trabajado con gran cantidad de maquinaria que tiene la Municipalidad, Vialidad a trav\u00e9s del Ministerio de Obras P\u00fablicas, la empresa global y maquinaria especial que contratamos como Ministerio del Interior con recursos de emergencia. Vamos a estar trabajando incansablemente para que la gente sienta acompa\u00f1ada por sus autoridades y que no quedan en sus escritorios\u201d.<\/p>\n<p style=\"text-align: justify;\">El \u00faltimo reporte de Onemi informa que hay 345 familias aisladas, Icalma continua sin energ\u00eda el\u00e9ctrica, y el tr\u00e1nsito vehicular se encuentra interrumpido en el sector de Liucura donde permanecen 97 camiones a la espera de la apertura del Paso Fronterizo Pino Hachado, que sigue cerrado por acumulaci\u00f3n de nieve principalmente en sector argentino.<\/p>\n<p style=\"text-align: justify;\">En tanto, el mayor Francisco Lara, comandante del cuartel N\u00b02 del Ej\u00e9rcito de Chile, comuna de Lonquimay, precis\u00f3 que cuarenta soldados se integraron al trabajo para disminuir el n\u00famero de personas aisladas de la comuna.<\/p>\n<p style=\"text-align: justify;\">\u201cEl trabajo que estamos haciendo es despejar los domicilios de las personas, principalmente de los adultos mayores, para que puedan tener un camino y poder acercarse a las le\u00f1eras y hacer un poco m\u00e1s f\u00e1cil la vida en el invierno que tienen que soportar ac\u00e1 en Lonquimay. Queremos facilitar el acceso de 20 familias a sus viviendas, eso en el primer plan de acci\u00f3n\u201d, puntualiz\u00f3.<\/p>\n<p style=\"text-align: justify;\">Al respecto, el alcalde de Lonquimay, Nibaldo Alegr\u00eda, destac\u00f3 \u201chemos recibido todo el apoyo de las autoridades para contar con la maquinaria necesaria y poder llegar a todos los rincones de la comuna\u201d.<\/p>\n<p style=\"text-align: justify;\">La autoridad comunal detall\u00f3 \u201cdespu\u00e9s de una semana de intensas nevazones, se producen una serie de complicaciones, especialmente en la conectividad, la suspensi\u00f3n del servicio el\u00e9ctrico, y con la telefon\u00eda celular. Estamos trabajando fuertemente en conectar los caminos para que puedan llegar las distintas brigadas a reponer los servicios\u201d.<\/p>\n<p style=\"text-align: justify;\">Uno de los beneficiados fue don Segundo Curical, quien agradeci\u00f3 el trabajo realizado por el Ej\u00e9rcito que permiti\u00f3 despejar el camino de nieve acumulada en su casa. A su vez, coment\u00f3 que cuenta con forraje para sus animales para pasar este invierno que reci\u00e9n comienza.<\/p>\n<p style=\"text-align: justify;\">Gabriel Melinao del sector Mallin del Traile se\u00f1al\u00f3 \u201cnosotros siempre nos preparamos para el invierno, no es ninguna novedad por ac\u00e1. Nos preparamos con le\u00f1a, con forraje, los animales son los que m\u00e1s sufren. Hay que hacerles mediaguas para que no se afecten. Ac\u00e1 no nos quejamos, nuestros caminos est\u00e1n despejados\u201d, concluy\u00f3.<\/p>\n","protected":false},"excerpt":{"rendered":"<div class=\"pvc_clear\"><\/div>\n<p id=\"pvc_stats_4605\" class=\"pvc_stats total_only  \" data-element-id=\"4605\" style=\"\"><i class=\"pvc-stats-icon large\" aria-hidden=\"true\"><svg aria-hidden=\"true\" focusable=\"false\" data-prefix=\"far\" data-icon=\"chart-bar\" role=\"img\" xmlns=\"http:\/\/www.w3.org\/2000\/svg\" viewBox=\"0 0 512 512\" class=\"svg-inline--fa fa-chart-bar fa-w-16 fa-2x\"><path fill=\"currentColor\" d=\"M396.8 352h22.4c6.4 0 12.8-6.4 12.8-12.8V108.8c0-6.4-6.4-12.8-12.8-12.8h-22.4c-6.4 0-12.8 6.4-12.8 12.8v230.4c0 6.4 6.4 12.8 12.8 12.8zm-192 0h22.4c6.4 0 12.8-6.4 12.8-12.8V140.8c0-6.4-6.4-12.8-12.8-12.8h-22.4c-6.4 0-12.8 6.4-12.8 12.8v198.4c0 6.4 6.4 12.8 12.8 12.8zm96 0h22.4c6.4 0 12.8-6.4 12.8-12.8V204.8c0-6.4-6.4-12.8-12.8-12.8h-22.4c-6.4 0-12.8 6.4-12.8 12.8v134.4c0 6.4 6.4 12.8 12.8 12.8zM496 400H48V80c0-8.84-7.16-16-16-16H16C7.16 64 0 71.16 0 80v336c0 17.67 14.33 32 32 32h464c8.84 0 16-7.16 16-16v-16c0-8.84-7.16-16-16-16zm-387.2-48h22.4c6.4 0 12.8-6.4 12.8-12.8v-70.4c0-6.4-6.4-12.8-12.8-12.8h-22.4c-6.4 0-12.8 6.4-12.8 12.8v70.4c0 6.4 6.4 12.8 12.8 12.8z\" class=\"\"><\/path><\/svg><\/i> <img loading=\"lazy\" decoding=\"async\" width=\"16\" height=\"16\" alt=\"Loading\" src=\"https:\/\/temucotelevision.cl\/web\/wp-content\/plugins\/page-views-count\/ajax-loader-2x.gif\" border=0 \/><\/p>\n<div class=\"pvc_clear\"><\/div>\n<p>La \u00faltima actualizaci\u00f3n entregada por la Onemi, reporta mil 380 personas aisladas en la zona precordillerana. Se mantiene alerta amarilla<\/p>\n","protected":false},"author":1,"featured_media":4606,"comment_status":"open","ping_status":"open","sticky":false,"template":"","format":"standard","meta":{"colormag_page_container_layout":"default_layout","colormag_page_sidebar_layout":"default_layout","footnotes":""},"categories":[15],"tags":[745,172,1432],"class_list":["post-4605","post","type-post","status-publish","format-standard","has-post-thumbnail","hentry","category-la-araucania","tag-autoridades","tag-lonquimay","tag-nieve"],"a3_pvc":{"activated":true,"total_views":38,"today_views":0},"_links":{"self":[{"href":"https:\/\/temucotelevision.cl\/web\/wp-json\/wp\/v2\/posts\/4605","targetHints":{"allow":["GET"]}}],"collection":[{"href":"https:\/\/temucotelevision.cl\/web\/wp-json\/wp\/v2\/posts"}],"about":[{"href":"https:\/\/temucotelevision.cl\/web\/wp-json\/wp\/v2\/types\/post"}],"author":[{"embeddable":true,"href":"https:\/\/temucotelevision.cl\/web\/wp-json\/wp\/v2\/users\/1"}],"replies":[{"embeddable":true,"href":"https:\/\/temucotelevision.cl\/web\/wp-json\/wp\/v2\/comments?post=4605"}],"version-history":[{"count":1,"href":"https:\/\/temucotelevision.cl\/web\/wp-json\/wp\/v2\/posts\/4605\/revisions"}],"predecessor-version":[{"id":4607,"href":"https:\/\/temucotelevision.cl\/web\/wp-json\/wp\/v2\/posts\/4605\/revisions\/4607"}],"wp:featuredmedia":[{"embeddable":true,"href":"https:\/\/temucotelevision.cl\/web\/wp-json\/wp\/v2\/media\/4606"}],"wp:attachment":[{"href":"https:\/\/temucotelevision.cl\/web\/wp-json\/wp\/v2\/media?parent=4605"}],"wp:term":[{"taxonomy":"category","embeddable":true,"href":"https:\/\/temucotelevision.cl\/web\/wp-json\/wp\/v2\/categories?post=4605"},{"taxonomy":"post_tag","embeddable":true,"href":"https:\/\/temucotelevision.cl\/web\/wp-json\/wp\/v2\/tags?post=4605"}],"curies":[{"name":"wp","href":"https:\/\/api.w.org\/{rel}","templated":true}]}}