{"id":46048,"date":"2023-11-07T13:00:16","date_gmt":"2023-11-07T16:00:16","guid":{"rendered":"https:\/\/temucotelevision.cl\/web\/?p=46048"},"modified":"2023-11-07T13:19:20","modified_gmt":"2023-11-07T16:19:20","slug":"diputado-andres-jouannet-sobre-suspension-de-todas-las-cirugias-electivas-hasta-el-30-de-noviembre-en-hospital-de-temuco","status":"publish","type":"post","link":"https:\/\/temucotelevision.cl\/web\/2023\/11\/07\/diputado-andres-jouannet-sobre-suspension-de-todas-las-cirugias-electivas-hasta-el-30-de-noviembre-en-hospital-de-temuco\/","title":{"rendered":"Diputado Andr\u00e9s Jouannet sobre suspensi\u00f3n de todas las cirug\u00edas electivas: &#8220;impresentable que se hayan suspendido las cirug\u00edas&#8221;"},"content":{"rendered":"<div class=\"pvc_clear\"><\/div><p id=\"pvc_stats_46048\" class=\"pvc_stats total_only  \" data-element-id=\"46048\" style=\"\"><i class=\"pvc-stats-icon large\" aria-hidden=\"true\"><svg aria-hidden=\"true\" focusable=\"false\" data-prefix=\"far\" data-icon=\"chart-bar\" role=\"img\" xmlns=\"http:\/\/www.w3.org\/2000\/svg\" viewBox=\"0 0 512 512\" class=\"svg-inline--fa fa-chart-bar fa-w-16 fa-2x\"><path fill=\"currentColor\" d=\"M396.8 352h22.4c6.4 0 12.8-6.4 12.8-12.8V108.8c0-6.4-6.4-12.8-12.8-12.8h-22.4c-6.4 0-12.8 6.4-12.8 12.8v230.4c0 6.4 6.4 12.8 12.8 12.8zm-192 0h22.4c6.4 0 12.8-6.4 12.8-12.8V140.8c0-6.4-6.4-12.8-12.8-12.8h-22.4c-6.4 0-12.8 6.4-12.8 12.8v198.4c0 6.4 6.4 12.8 12.8 12.8zm96 0h22.4c6.4 0 12.8-6.4 12.8-12.8V204.8c0-6.4-6.4-12.8-12.8-12.8h-22.4c-6.4 0-12.8 6.4-12.8 12.8v134.4c0 6.4 6.4 12.8 12.8 12.8zM496 400H48V80c0-8.84-7.16-16-16-16H16C7.16 64 0 71.16 0 80v336c0 17.67 14.33 32 32 32h464c8.84 0 16-7.16 16-16v-16c0-8.84-7.16-16-16-16zm-387.2-48h22.4c6.4 0 12.8-6.4 12.8-12.8v-70.4c0-6.4-6.4-12.8-12.8-12.8h-22.4c-6.4 0-12.8 6.4-12.8 12.8v70.4c0 6.4 6.4 12.8 12.8 12.8z\" class=\"\"><\/path><\/svg><\/i> <img loading=\"lazy\" decoding=\"async\" width=\"16\" height=\"16\" alt=\"Loading\" src=\"https:\/\/temucotelevision.cl\/web\/wp-content\/plugins\/page-views-count\/ajax-loader-2x.gif\" border=0 \/><\/p><div class=\"pvc_clear\"><\/div>\n<p>En La Araucan\u00eda tenemos 350.000 personas que est\u00e1n en listas de espera quir\u00fargicas. Vale decir, m\u00e1s de un tercio de la Regi\u00f3n de La Araucan\u00eda est\u00e1 en listas de espera.<\/p>\n\n\n\n<p>Por tanto, me parece inaudito, impresentable que se hayan suspendido las cirug\u00edas en el Hospital Regional de Temuco.<\/p>\n\n\n\n<p>Por eso he oficiado a la Ministra de Salud para que d\u00e9 una explicaci\u00f3n del porque en el hospital de Temuco se suspendieron las cirug\u00edas por todo el mes de noviembre. No se puede aceptar eso, dada la situaci\u00f3n en que est\u00e1 la Regi\u00f3n de La Araucan\u00eda.<\/p>\n\n\n\n<p><br>La Regi\u00f3n de La Araucan\u00eda es una de las regiones que m\u00e1s listas de espera tiene a nivel nacional y no podemos seguir as\u00ed.<br>Ese es el problema.<\/p>\n\n\n\n<p>50.000 personas mueren anualmente aguardando en las listas de espera. Ya no podemos seguir as\u00ed.<br>Por eso he oficiado a la Ministra de Salud para que nos d\u00e9 una explicaci\u00f3n de porqu\u00e9 se suspendieron las cirug\u00edas en el Hospital Regional de Temuco.<\/p>\n\n\n\n<div class=\"wp-block-media-text is-stacked-on-mobile\"><figure class=\"wp-block-media-text__media\"><video controls src=\"https:\/\/temucotelevision.cl\/web\/wp-content\/uploads\/2023\/11\/Diputado-Jouannet-Hospital.mp4\"><\/video><\/figure><div class=\"wp-block-media-text__content\">\n<p>Diputado Andr\u00e9s Jouannet sobre suspensi\u00f3n de todas las cirug\u00edas electivas hasta el 30 de noviembre en Hospital de Temuco<\/p>\n<\/div><\/div>\n","protected":false},"excerpt":{"rendered":"<div class=\"pvc_clear\"><\/div>\n<p id=\"pvc_stats_46048\" class=\"pvc_stats total_only  \" data-element-id=\"46048\" style=\"\"><i class=\"pvc-stats-icon large\" aria-hidden=\"true\"><svg aria-hidden=\"true\" focusable=\"false\" data-prefix=\"far\" data-icon=\"chart-bar\" role=\"img\" xmlns=\"http:\/\/www.w3.org\/2000\/svg\" viewBox=\"0 0 512 512\" class=\"svg-inline--fa fa-chart-bar fa-w-16 fa-2x\"><path fill=\"currentColor\" d=\"M396.8 352h22.4c6.4 0 12.8-6.4 12.8-12.8V108.8c0-6.4-6.4-12.8-12.8-12.8h-22.4c-6.4 0-12.8 6.4-12.8 12.8v230.4c0 6.4 6.4 12.8 12.8 12.8zm-192 0h22.4c6.4 0 12.8-6.4 12.8-12.8V140.8c0-6.4-6.4-12.8-12.8-12.8h-22.4c-6.4 0-12.8 6.4-12.8 12.8v198.4c0 6.4 6.4 12.8 12.8 12.8zm96 0h22.4c6.4 0 12.8-6.4 12.8-12.8V204.8c0-6.4-6.4-12.8-12.8-12.8h-22.4c-6.4 0-12.8 6.4-12.8 12.8v134.4c0 6.4 6.4 12.8 12.8 12.8zM496 400H48V80c0-8.84-7.16-16-16-16H16C7.16 64 0 71.16 0 80v336c0 17.67 14.33 32 32 32h464c8.84 0 16-7.16 16-16v-16c0-8.84-7.16-16-16-16zm-387.2-48h22.4c6.4 0 12.8-6.4 12.8-12.8v-70.4c0-6.4-6.4-12.8-12.8-12.8h-22.4c-6.4 0-12.8 6.4-12.8 12.8v70.4c0 6.4 6.4 12.8 12.8 12.8z\" class=\"\"><\/path><\/svg><\/i> <img loading=\"lazy\" decoding=\"async\" width=\"16\" height=\"16\" alt=\"Loading\" src=\"https:\/\/temucotelevision.cl\/web\/wp-content\/plugins\/page-views-count\/ajax-loader-2x.gif\" border=0 \/><\/p>\n<div class=\"pvc_clear\"><\/div>\n<p>En La Araucan\u00eda tenemos 350.000 personas que est\u00e1n en listas de espera quir\u00fargicas. Vale decir, m\u00e1s de un tercio de<\/p>\n","protected":false},"author":1,"featured_media":46049,"comment_status":"open","ping_status":"open","sticky":false,"template":"","format":"standard","meta":{"colormag_page_container_layout":"default_layout","colormag_page_sidebar_layout":"default_layout","footnotes":""},"categories":[84,14],"tags":[885,154,5180,2308],"class_list":["post-46048","post","type-post","status-publish","format-standard","has-post-thumbnail","hentry","category-politica","category-temuco","tag-cirugias","tag-diputado","tag-jouannet","tag-suspension"],"a3_pvc":{"activated":true,"total_views":3039,"today_views":0},"_links":{"self":[{"href":"https:\/\/temucotelevision.cl\/web\/wp-json\/wp\/v2\/posts\/46048","targetHints":{"allow":["GET"]}}],"collection":[{"href":"https:\/\/temucotelevision.cl\/web\/wp-json\/wp\/v2\/posts"}],"about":[{"href":"https:\/\/temucotelevision.cl\/web\/wp-json\/wp\/v2\/types\/post"}],"author":[{"embeddable":true,"href":"https:\/\/temucotelevision.cl\/web\/wp-json\/wp\/v2\/users\/1"}],"replies":[{"embeddable":true,"href":"https:\/\/temucotelevision.cl\/web\/wp-json\/wp\/v2\/comments?post=46048"}],"version-history":[{"count":3,"href":"https:\/\/temucotelevision.cl\/web\/wp-json\/wp\/v2\/posts\/46048\/revisions"}],"predecessor-version":[{"id":46054,"href":"https:\/\/temucotelevision.cl\/web\/wp-json\/wp\/v2\/posts\/46048\/revisions\/46054"}],"wp:featuredmedia":[{"embeddable":true,"href":"https:\/\/temucotelevision.cl\/web\/wp-json\/wp\/v2\/media\/46049"}],"wp:attachment":[{"href":"https:\/\/temucotelevision.cl\/web\/wp-json\/wp\/v2\/media?parent=46048"}],"wp:term":[{"taxonomy":"category","embeddable":true,"href":"https:\/\/temucotelevision.cl\/web\/wp-json\/wp\/v2\/categories?post=46048"},{"taxonomy":"post_tag","embeddable":true,"href":"https:\/\/temucotelevision.cl\/web\/wp-json\/wp\/v2\/tags?post=46048"}],"curies":[{"name":"wp","href":"https:\/\/api.w.org\/{rel}","templated":true}]}}