{"id":46041,"date":"2023-11-07T11:56:22","date_gmt":"2023-11-07T14:56:22","guid":{"rendered":"https:\/\/temucotelevision.cl\/web\/?p=46041"},"modified":"2023-11-07T11:57:09","modified_gmt":"2023-11-07T14:57:09","slug":"diputado-daniel-melo-ps-busca-mejorar-la-fiscalizacion-de-vehiculos-motorizados-que-emiten-ruidos-molestos","status":"publish","type":"post","link":"https:\/\/temucotelevision.cl\/web\/2023\/11\/07\/diputado-daniel-melo-ps-busca-mejorar-la-fiscalizacion-de-vehiculos-motorizados-que-emiten-ruidos-molestos\/","title":{"rendered":"Diputado Daniel Melo (PS) busca mejorar la fiscalizaci\u00f3n de veh\u00edculos motorizados que emiten ruidos molestos"},"content":{"rendered":"<div class=\"pvc_clear\"><\/div><p id=\"pvc_stats_46041\" class=\"pvc_stats total_only  \" data-element-id=\"46041\" style=\"\"><i class=\"pvc-stats-icon large\" aria-hidden=\"true\"><svg aria-hidden=\"true\" focusable=\"false\" data-prefix=\"far\" data-icon=\"chart-bar\" role=\"img\" xmlns=\"http:\/\/www.w3.org\/2000\/svg\" viewBox=\"0 0 512 512\" class=\"svg-inline--fa fa-chart-bar fa-w-16 fa-2x\"><path fill=\"currentColor\" d=\"M396.8 352h22.4c6.4 0 12.8-6.4 12.8-12.8V108.8c0-6.4-6.4-12.8-12.8-12.8h-22.4c-6.4 0-12.8 6.4-12.8 12.8v230.4c0 6.4 6.4 12.8 12.8 12.8zm-192 0h22.4c6.4 0 12.8-6.4 12.8-12.8V140.8c0-6.4-6.4-12.8-12.8-12.8h-22.4c-6.4 0-12.8 6.4-12.8 12.8v198.4c0 6.4 6.4 12.8 12.8 12.8zm96 0h22.4c6.4 0 12.8-6.4 12.8-12.8V204.8c0-6.4-6.4-12.8-12.8-12.8h-22.4c-6.4 0-12.8 6.4-12.8 12.8v134.4c0 6.4 6.4 12.8 12.8 12.8zM496 400H48V80c0-8.84-7.16-16-16-16H16C7.16 64 0 71.16 0 80v336c0 17.67 14.33 32 32 32h464c8.84 0 16-7.16 16-16v-16c0-8.84-7.16-16-16-16zm-387.2-48h22.4c6.4 0 12.8-6.4 12.8-12.8v-70.4c0-6.4-6.4-12.8-12.8-12.8h-22.4c-6.4 0-12.8 6.4-12.8 12.8v70.4c0 6.4 6.4 12.8 12.8 12.8z\" class=\"\"><\/path><\/svg><\/i> <img loading=\"lazy\" decoding=\"async\" width=\"16\" height=\"16\" alt=\"Loading\" src=\"https:\/\/temucotelevision.cl\/web\/wp-content\/plugins\/page-views-count\/ajax-loader-2x.gif\" border=0 \/><\/p><div class=\"pvc_clear\"><\/div>\n<p>La contaminaci\u00f3n ac\u00fastica, es una de las principales fuentes de molestia en las ciudades, incide que afecta directamente en la calidad de vida de la poblaci\u00f3n. Consciente de este problema, el Ministerio de Medio Ambiente introdujo en 2019 un decreto que establece l\u00edmites m\u00e1ximos de ruido permitidos para veh\u00edculos motorizados, ya sean livianos o motocicletas. Este decreto fija un tope de 80 decibeles para la emisi\u00f3n de ruido por parte de estos veh\u00edculos.<\/p>\n\n\n\n<p>El Diputado Socialista, en virtud de lo que establece la norma, busca soluciones para abordar esta problem\u00e1tica que ha ido creciendo los \u00faltimos a\u00f1os. Su inter\u00e9s radica en determinar si el mencionado decreto se est\u00e1 aplicando de forma adecuada, especialmente respecto de fiscalizaci\u00f3n de veh\u00edculos. Melo plantea su preocupaci\u00f3n mencionando que existe un considerable n\u00famero de motocicletas circulando en diversas regiones del pa\u00eds, especialmente aquellas destinadas a servicios de delivery (entrega), que generan ruidos molestos. En este sentido, su objetivo es asegurarse de que el Ministerio de Transportes las est\u00e9 llevando a cabo, y en el mismo tenor si cuenta con los recursos y log\u00edsticas, para materializar las fiscalizaciones necesarias para salvaguardar la calidad de vida de la ciudadan\u00eda.<\/p>\n\n\n\n<p>\u201cHe solicitado que se oficie al se\u00f1or Jorge Daza Lobos, Subsecretario de Transportes, a fin de que informe sobre la cantidad de fiscalizaciones de veh\u00edculos motorizados que generan ruidos molestos por la alteraci\u00f3n de estos, conocer tambi\u00e9n el volumen de sancionados y si se requiere generar pol\u00edticas, planes o normas que permitan mejorar la fiscalizaci\u00f3n\u201d, puntualiz\u00f3 Melo.&nbsp;<\/p>\n\n\n\n<p>Finalmente, el Diputado Melo enfatiza su disposici\u00f3n para promover la legislaci\u00f3n que permita endurecer las sanciones y mejorar la fiscalizaci\u00f3n en lo que respecta a los ruidos molestos. Su motivaci\u00f3n principal es la protecci\u00f3n del medio ambiente y la salud p\u00fablica, ya que la contaminaci\u00f3n ac\u00fastica puede tener efectos perjudiciales en la salud de las personas.<\/p>\n","protected":false},"excerpt":{"rendered":"<div class=\"pvc_clear\"><\/div>\n<p id=\"pvc_stats_46041\" class=\"pvc_stats total_only  \" data-element-id=\"46041\" style=\"\"><i class=\"pvc-stats-icon large\" aria-hidden=\"true\"><svg aria-hidden=\"true\" focusable=\"false\" data-prefix=\"far\" data-icon=\"chart-bar\" role=\"img\" xmlns=\"http:\/\/www.w3.org\/2000\/svg\" viewBox=\"0 0 512 512\" class=\"svg-inline--fa fa-chart-bar fa-w-16 fa-2x\"><path fill=\"currentColor\" d=\"M396.8 352h22.4c6.4 0 12.8-6.4 12.8-12.8V108.8c0-6.4-6.4-12.8-12.8-12.8h-22.4c-6.4 0-12.8 6.4-12.8 12.8v230.4c0 6.4 6.4 12.8 12.8 12.8zm-192 0h22.4c6.4 0 12.8-6.4 12.8-12.8V140.8c0-6.4-6.4-12.8-12.8-12.8h-22.4c-6.4 0-12.8 6.4-12.8 12.8v198.4c0 6.4 6.4 12.8 12.8 12.8zm96 0h22.4c6.4 0 12.8-6.4 12.8-12.8V204.8c0-6.4-6.4-12.8-12.8-12.8h-22.4c-6.4 0-12.8 6.4-12.8 12.8v134.4c0 6.4 6.4 12.8 12.8 12.8zM496 400H48V80c0-8.84-7.16-16-16-16H16C7.16 64 0 71.16 0 80v336c0 17.67 14.33 32 32 32h464c8.84 0 16-7.16 16-16v-16c0-8.84-7.16-16-16-16zm-387.2-48h22.4c6.4 0 12.8-6.4 12.8-12.8v-70.4c0-6.4-6.4-12.8-12.8-12.8h-22.4c-6.4 0-12.8 6.4-12.8 12.8v70.4c0 6.4 6.4 12.8 12.8 12.8z\" class=\"\"><\/path><\/svg><\/i> <img loading=\"lazy\" decoding=\"async\" width=\"16\" height=\"16\" alt=\"Loading\" src=\"https:\/\/temucotelevision.cl\/web\/wp-content\/plugins\/page-views-count\/ajax-loader-2x.gif\" border=0 \/><\/p>\n<div class=\"pvc_clear\"><\/div>\n<p>La contaminaci\u00f3n ac\u00fastica, es una de las principales fuentes de molestia en las ciudades, incide que afecta directamente en la<\/p>\n","protected":false},"author":1,"featured_media":43023,"comment_status":"open","ping_status":"open","sticky":false,"template":"","format":"standard","meta":{"colormag_page_container_layout":"default_layout","colormag_page_sidebar_layout":"default_layout","footnotes":""},"categories":[18,84],"tags":[154,1745,6591,307],"class_list":["post-46041","post","type-post","status-publish","format-standard","has-post-thumbnail","hentry","category-nacional","category-politica","tag-diputado","tag-fiscalizacion","tag-melo","tag-vehiculos"],"a3_pvc":{"activated":true,"total_views":1316,"today_views":0},"_links":{"self":[{"href":"https:\/\/temucotelevision.cl\/web\/wp-json\/wp\/v2\/posts\/46041","targetHints":{"allow":["GET"]}}],"collection":[{"href":"https:\/\/temucotelevision.cl\/web\/wp-json\/wp\/v2\/posts"}],"about":[{"href":"https:\/\/temucotelevision.cl\/web\/wp-json\/wp\/v2\/types\/post"}],"author":[{"embeddable":true,"href":"https:\/\/temucotelevision.cl\/web\/wp-json\/wp\/v2\/users\/1"}],"replies":[{"embeddable":true,"href":"https:\/\/temucotelevision.cl\/web\/wp-json\/wp\/v2\/comments?post=46041"}],"version-history":[{"count":1,"href":"https:\/\/temucotelevision.cl\/web\/wp-json\/wp\/v2\/posts\/46041\/revisions"}],"predecessor-version":[{"id":46042,"href":"https:\/\/temucotelevision.cl\/web\/wp-json\/wp\/v2\/posts\/46041\/revisions\/46042"}],"wp:featuredmedia":[{"embeddable":true,"href":"https:\/\/temucotelevision.cl\/web\/wp-json\/wp\/v2\/media\/43023"}],"wp:attachment":[{"href":"https:\/\/temucotelevision.cl\/web\/wp-json\/wp\/v2\/media?parent=46041"}],"wp:term":[{"taxonomy":"category","embeddable":true,"href":"https:\/\/temucotelevision.cl\/web\/wp-json\/wp\/v2\/categories?post=46041"},{"taxonomy":"post_tag","embeddable":true,"href":"https:\/\/temucotelevision.cl\/web\/wp-json\/wp\/v2\/tags?post=46041"}],"curies":[{"name":"wp","href":"https:\/\/api.w.org\/{rel}","templated":true}]}}